{"id":745,"date":"2013-11-11T00:44:13","date_gmt":"2013-11-11T00:44:13","guid":{"rendered":"http:\/\/jesuitasburgos.es\/biblioteca\/?p=745"},"modified":"2013-11-11T00:44:13","modified_gmt":"2013-11-11T00:44:13","slug":"caligrama-de-javier-basurto-ave-maria-en-frances","status":"publish","type":"post","link":"https:\/\/jesuitasburgos.es\/biblioteca\/?p=745","title":{"rendered":"CALIGRAMA DE JAVIER BASURTO (Ave Mar\u00eda en franc\u00e9s)"},"content":{"rendered":"<p><a href=\"https:\/\/i0.wp.com\/jesuitasburgos.es\/biblioteca\/wp-content\/uploads\/2013\/11\/bASURTO-2.jpg\"><img data-attachment-id=\"746\" data-permalink=\"https:\/\/jesuitasburgos.es\/biblioteca\/?attachment_id=746\" data-orig-file=\"https:\/\/i0.wp.com\/jesuitasburgos.es\/biblioteca\/wp-content\/uploads\/2013\/11\/bASURTO-2.jpg?fit=4736%2C7000&amp;ssl=1\" data-orig-size=\"4736,7000\" data-comments-opened=\"1\" data-image-meta=\"{&quot;aperture&quot;:&quot;0&quot;,&quot;credit&quot;:&quot;&quot;,&quot;camera&quot;:&quot;&quot;,&quot;caption&quot;:&quot;&quot;,&quot;created_timestamp&quot;:&quot;0&quot;,&quot;copyright&quot;:&quot;&quot;,&quot;focal_length&quot;:&quot;0&quot;,&quot;iso&quot;:&quot;0&quot;,&quot;shutter_speed&quot;:&quot;0&quot;,&quot;title&quot;:&quot;&quot;}\" data-image-title=\"bASURTO 2\" data-image-description=\"\" data-image-caption=\"\" data-medium-file=\"https:\/\/i0.wp.com\/jesuitasburgos.es\/biblioteca\/wp-content\/uploads\/2013\/11\/bASURTO-2.jpg?fit=202%2C300&amp;ssl=1\" data-large-file=\"https:\/\/i0.wp.com\/jesuitasburgos.es\/biblioteca\/wp-content\/uploads\/2013\/11\/bASURTO-2.jpg?fit=692%2C1024&amp;ssl=1\" decoding=\"async\" loading=\"lazy\" class=\"alignright size-large wp-image-746\" alt=\"bASURTO 2\" src=\"https:\/\/i0.wp.com\/jesuitasburgos.es\/biblioteca\/wp-content\/uploads\/2013\/11\/bASURTO-2.jpg?resize=692%2C1024\" width=\"692\" height=\"1024\" srcset=\"https:\/\/i0.wp.com\/jesuitasburgos.es\/biblioteca\/wp-content\/uploads\/2013\/11\/bASURTO-2.jpg?resize=692%2C1024&amp;ssl=1 692w, https:\/\/i0.wp.com\/jesuitasburgos.es\/biblioteca\/wp-content\/uploads\/2013\/11\/bASURTO-2.jpg?resize=202%2C300&amp;ssl=1 202w, https:\/\/i0.wp.com\/jesuitasburgos.es\/biblioteca\/wp-content\/uploads\/2013\/11\/bASURTO-2.jpg?resize=101%2C150&amp;ssl=1 101w, https:\/\/i0.wp.com\/jesuitasburgos.es\/biblioteca\/wp-content\/uploads\/2013\/11\/bASURTO-2.jpg?w=1600 1600w, https:\/\/i0.wp.com\/jesuitasburgos.es\/biblioteca\/wp-content\/uploads\/2013\/11\/bASURTO-2.jpg?w=2400 2400w\" sizes=\"(max-width: 692px) 100vw, 692px\" data-recalc-dims=\"1\" \/><\/a><\/p>\n","protected":false},"excerpt":{"rendered":"","protected":false},"author":1,"featured_media":0,"comment_status":"open","ping_status":"open","sticky":false,"template":"","format":"standard","meta":{"jetpack_post_was_ever_published":false,"jetpack_publicize_message":"","jetpack_is_tweetstorm":false,"jetpack_publicize_feature_enabled":true,"jetpack_social_post_already_shared":false,"jetpack_social_options":{"image_generator_settings":{"template":"highway","enabled":false}}},"categories":[8,49,47],"tags":[],"jetpack_publicize_connections":[],"jetpack_featured_media_url":"","jetpack_sharing_enabled":true,"jetpack_shortlink":"https:\/\/wp.me\/p5H2Oh-c1","jetpack-related-posts":[{"id":677,"url":"https:\/\/jesuitasburgos.es\/biblioteca\/?p=677","url_meta":{"origin":745,"position":0},"title":"CALIGRAMA de Felipe Basurto","date":"31 octubre, 2013","format":false,"excerpt":"Felipe Basurto nos env\u00eda este bonito y patri\u00f3tico caligrama. Gracias por ser uno de los habituales. \u00a0","rel":"","context":"En \u00abAlumnos\u00bb","img":{"alt_text":"bASURTO 1","src":"https:\/\/i0.wp.com\/jesuitasburgos.es\/biblioteca\/wp-content\/uploads\/2013\/10\/bASURTO-1-990x1024.jpeg?resize=350%2C200","width":350,"height":200},"classes":[]},{"id":929,"url":"https:\/\/jesuitasburgos.es\/biblioteca\/?p=929","url_meta":{"origin":745,"position":1},"title":"CALIGRAMA DE JAVIER MART\u00cdN","date":"26 noviembre, 2013","format":false,"excerpt":"PINCHA AQU\u00cd PARA VER EL CALIGRAMA DE JAVIER","rel":"","context":"En \u00abAlumnos\u00bb","img":{"alt_text":"","src":"","width":0,"height":0},"classes":[]},{"id":684,"url":"https:\/\/jesuitasburgos.es\/biblioteca\/?p=684","url_meta":{"origin":745,"position":2},"title":"CALIGRAMA","date":"2 noviembre, 2013","format":false,"excerpt":"PULSA AQU\u00cd PARA VER EL CALIGRAMA DE JAVIER MONZ\u00d3N Y ANA MENA","rel":"","context":"En \u00abAlumnos\u00bb","img":{"alt_text":"","src":"","width":0,"height":0},"classes":[]},{"id":536,"url":"https:\/\/jesuitasburgos.es\/biblioteca\/?p=536","url_meta":{"origin":745,"position":3},"title":"CONCURSO DE CALIGRAMAS","date":"14 octubre, 2013","format":false,"excerpt":"Desde el blog de la biblioteca queremos proponeros un concurso divertido. Los alumnos de Franc\u00e9s del colegio (muy activos este trimestre) han empezado a confeccionar sus \"caligrammes\" en las clases de Franc\u00e9s. Podemos extender esta idea tambi\u00e9n para todos aquellos que quer\u00e1is hacerlo en cualquier otra lengua, incluido el castellano.\u2026","rel":"","context":"En \u00abAlumnos\u00bb","img":{"alt_text":"marina rincon-sof\u00c3\u00ada mu\u00c3\u00b1oz","src":"https:\/\/i0.wp.com\/jesuitasburgos.es\/biblioteca\/wp-content\/uploads\/2013\/10\/marina-rincon-sof\u00c3\u00ada-mu\u00c3\u00b1oz-e1381628809435.jpg?resize=350%2C200","width":350,"height":200},"classes":[]},{"id":599,"url":"https:\/\/jesuitasburgos.es\/biblioteca\/?p=599","url_meta":{"origin":745,"position":4},"title":"CALIGRAMA DE LUC\u00cdA IZQUIERDO, LUC\u00cdA SIM\u00d3N E IN\u00c9S SALINAS","date":"22 octubre, 2013","format":false,"excerpt":"","rel":"","context":"En \u00abAlumnos\u00bb","img":{"alt_text":"caligrama frances","src":"https:\/\/i0.wp.com\/jesuitasburgos.es\/biblioteca\/wp-content\/uploads\/2013\/10\/caligrama-frances-e1381881091474.jpeg?resize=350%2C200","width":350,"height":200},"classes":[]},{"id":1031,"url":"https:\/\/jesuitasburgos.es\/biblioteca\/?p=1031","url_meta":{"origin":745,"position":5},"title":"CALIGRAMAS DE ANA MU\u00d1OZ","date":"11 diciembre, 2013","format":false,"excerpt":"PINCHA AQU\u00cd PARA VER EL CALIGRAMA DEL GATO PINCHA AQU\u00cd PARA VER EL CALIGRAMA DE LAS GAFAS PINCHA AQU\u00cd PARA VER EL CALIGRAMA DE LA MANO PINCHA AQU\u00cd PARA VER EL CALIGRAMA DE LA NARIZ PINCHA AQU\u00cd PARA VER EL CALIGRAMA DEL PARAGUAS \u00a0 \u00a0 \u00a0","rel":"","context":"En \u00abAlumnos\u00bb","img":{"alt_text":"","src":"","width":0,"height":0},"classes":[]}],"jetpack_likes_enabled":true,"_links":{"self":[{"href":"https:\/\/jesuitasburgos.es\/biblioteca\/index.php?rest_route=\/wp\/v2\/posts\/745"}],"collection":[{"href":"https:\/\/jesuitasburgos.es\/biblioteca\/index.php?rest_route=\/wp\/v2\/posts"}],"about":[{"href":"https:\/\/jesuitasburgos.es\/biblioteca\/index.php?rest_route=\/wp\/v2\/types\/post"}],"author":[{"embeddable":true,"href":"https:\/\/jesuitasburgos.es\/biblioteca\/index.php?rest_route=\/wp\/v2\/users\/1"}],"replies":[{"embeddable":true,"href":"https:\/\/jesuitasburgos.es\/biblioteca\/index.php?rest_route=%2Fwp%2Fv2%2Fcomments&post=745"}],"version-history":[{"count":1,"href":"https:\/\/jesuitasburgos.es\/biblioteca\/index.php?rest_route=\/wp\/v2\/posts\/745\/revisions"}],"predecessor-version":[{"id":747,"href":"https:\/\/jesuitasburgos.es\/biblioteca\/index.php?rest_route=\/wp\/v2\/posts\/745\/revisions\/747"}],"wp:attachment":[{"href":"https:\/\/jesuitasburgos.es\/biblioteca\/index.php?rest_route=%2Fwp%2Fv2%2Fmedia&parent=745"}],"wp:term":[{"taxonomy":"category","embeddable":true,"href":"https:\/\/jesuitasburgos.es\/biblioteca\/index.php?rest_route=%2Fwp%2Fv2%2Fcategories&post=745"},{"taxonomy":"post_tag","embeddable":true,"href":"https:\/\/jesuitasburgos.es\/biblioteca\/index.php?rest_route=%2Fwp%2Fv2%2Ftags&post=745"}],"curies":[{"name":"wp","href":"https:\/\/api.w.org\/{rel}","templated":true}]}}