{"id":734,"date":"2013-11-10T02:52:09","date_gmt":"2013-11-10T02:52:09","guid":{"rendered":"http:\/\/jesuitasburgos.es\/biblioteca\/?p=734"},"modified":"2013-11-02T02:54:44","modified_gmt":"2013-11-02T02:54:44","slug":"callejeros-ortograficos-60","status":"publish","type":"post","link":"https:\/\/jesuitasburgos.es\/biblioteca\/?p=734","title":{"rendered":"CALLEJEROS ORTOGR\u00c1FICOS"},"content":{"rendered":"<p>Pedro Bravo nos env\u00eda esta\u00a0 foto: no se nos ocurre ni qu\u00e9 comentar.<\/p>\n<p style=\"text-align: center;\"><a href=\"https:\/\/i0.wp.com\/jesuitasburgos.es\/biblioteca\/wp-content\/uploads\/2013\/11\/1381505983167-133.jpeg\"><img data-attachment-id=\"735\" data-permalink=\"https:\/\/jesuitasburgos.es\/biblioteca\/?attachment_id=735\" data-orig-file=\"https:\/\/i0.wp.com\/jesuitasburgos.es\/biblioteca\/wp-content\/uploads\/2013\/11\/1381505983167-133.jpeg?fit=440%2C520&amp;ssl=1\" data-orig-size=\"440,520\" data-comments-opened=\"1\" data-image-meta=\"{&quot;aperture&quot;:&quot;0&quot;,&quot;credit&quot;:&quot;&quot;,&quot;camera&quot;:&quot;&quot;,&quot;caption&quot;:&quot;&quot;,&quot;created_timestamp&quot;:&quot;0&quot;,&quot;copyright&quot;:&quot;&quot;,&quot;focal_length&quot;:&quot;0&quot;,&quot;iso&quot;:&quot;0&quot;,&quot;shutter_speed&quot;:&quot;0&quot;,&quot;title&quot;:&quot;&quot;}\" data-image-title=\"1381505983167-133\" data-image-description=\"\" data-image-caption=\"\" data-medium-file=\"https:\/\/i0.wp.com\/jesuitasburgos.es\/biblioteca\/wp-content\/uploads\/2013\/11\/1381505983167-133.jpeg?fit=253%2C300&amp;ssl=1\" data-large-file=\"https:\/\/i0.wp.com\/jesuitasburgos.es\/biblioteca\/wp-content\/uploads\/2013\/11\/1381505983167-133.jpeg?fit=440%2C520&amp;ssl=1\" decoding=\"async\" loading=\"lazy\" class=\"size-full wp-image-735 aligncenter\" alt=\"1381505983167-133\" src=\"https:\/\/i0.wp.com\/jesuitasburgos.es\/biblioteca\/wp-content\/uploads\/2013\/11\/1381505983167-133.jpeg?resize=440%2C520\" width=\"440\" height=\"520\" srcset=\"https:\/\/i0.wp.com\/jesuitasburgos.es\/biblioteca\/wp-content\/uploads\/2013\/11\/1381505983167-133.jpeg?w=440&amp;ssl=1 440w, https:\/\/i0.wp.com\/jesuitasburgos.es\/biblioteca\/wp-content\/uploads\/2013\/11\/1381505983167-133.jpeg?resize=253%2C300&amp;ssl=1 253w, https:\/\/i0.wp.com\/jesuitasburgos.es\/biblioteca\/wp-content\/uploads\/2013\/11\/1381505983167-133.jpeg?resize=126%2C150&amp;ssl=1 126w\" sizes=\"(max-width: 440px) 100vw, 440px\" data-recalc-dims=\"1\" \/><\/a><\/p>\n<p>&nbsp;<\/p>\n<p>&nbsp;<\/p>\n","protected":false},"excerpt":{"rendered":"<p>Pedro Bravo nos env\u00eda esta\u00a0 foto: no se nos ocurre ni qu\u00e9 comentar. &nbsp; &nbsp;<\/p>\n","protected":false},"author":1,"featured_media":0,"comment_status":"open","ping_status":"open","sticky":false,"template":"","format":"standard","meta":{"jetpack_post_was_ever_published":false,"jetpack_publicize_message":"","jetpack_is_tweetstorm":false,"jetpack_publicize_feature_enabled":true,"jetpack_social_post_already_shared":false,"jetpack_social_options":{"image_generator_settings":{"template":"highway","enabled":false}}},"categories":[8,3,16,18],"tags":[],"jetpack_publicize_connections":[],"jetpack_featured_media_url":"","jetpack_sharing_enabled":true,"jetpack_shortlink":"https:\/\/wp.me\/p5H2Oh-bQ","jetpack-related-posts":[{"id":1935,"url":"https:\/\/jesuitasburgos.es\/biblioteca\/?p=1935","url_meta":{"origin":734,"position":0},"title":"CALLEJEROS ORTOGR\u00c1FICOS","date":"30 mayo, 2014","format":false,"excerpt":"Paula Fern\u00e1ndez nos demuestra que en el deporte tambi\u00e9n se cometen los mismos errores ortogr\u00e1ficos...","rel":"","context":"En \u00abAlumnos\u00bb","img":{"alt_text":"","src":"https:\/\/i0.wp.com\/jesuitasburgos.es\/biblioteca\/wp-content\/uploads\/2014\/05\/20140201_142447-300x225.jpg?resize=350%2C200","width":350,"height":200},"classes":[]},{"id":123,"url":"https:\/\/jesuitasburgos.es\/biblioteca\/?p=123","url_meta":{"origin":734,"position":1},"title":"CALLEJEROS ORTOGR\u00c1FICOS","date":"4 abril, 2013","format":false,"excerpt":"\u00a0Julia Quintanilla nos env\u00eda esta joya: no tiene desperdicio.","rel":"","context":"En \u00abCallejeros ortogr\u00e1ficos\u00bb","img":{"alt_text":"","src":"https:\/\/i0.wp.com\/4.bp.blogspot.com\/-rG_6zxvcRhM\/UUpnuK3hk3I\/AAAAAAAABbM\/oYK3qsfCeG8\/s640\/IMG-20130315-00006.jpg?resize=350%2C200","width":350,"height":200},"classes":[]},{"id":1072,"url":"https:\/\/jesuitasburgos.es\/biblioteca\/?p=1072","url_meta":{"origin":734,"position":2},"title":"CALLEJEROS ORTOGR\u00c1FICOS","date":"17 diciembre, 2013","format":false,"excerpt":"Silvia nos env\u00eda esta errata. Nuestros chicos no paran... \u00a0","rel":"","context":"En \u00abAlumnos\u00bb","img":{"alt_text":"image","src":"https:\/\/i0.wp.com\/jesuitasburgos.es\/biblioteca\/wp-content\/uploads\/2013\/12\/image1-1024x868.jpeg?resize=350%2C200","width":350,"height":200},"classes":[]},{"id":36,"url":"https:\/\/jesuitasburgos.es\/biblioteca\/?p=36","url_meta":{"origin":734,"position":3},"title":"CALLEJEROS ORTOGR\u00c1FICOS","date":"9 junio, 2013","format":false,"excerpt":"Mar\u00eda \u00cd\u00f1igo nos env\u00eda otras dos fotos que nos demuestran que lo de no poner tildes est\u00e1 bastante generalizado.","rel":"","context":"En \u00abAlumnos\u00bb","img":{"alt_text":"","src":"https:\/\/i0.wp.com\/3.bp.blogspot.com\/-j2ZImczugyc\/UbPgcPEf8BI\/AAAAAAAAB-k\/soJ_DhiQSFk\/s400\/20130518_202640.jpg?resize=350%2C200","width":350,"height":200},"classes":[]},{"id":1162,"url":"https:\/\/jesuitasburgos.es\/biblioteca\/?p=1162","url_meta":{"origin":734,"position":4},"title":"CALLEJEROS ORTOGR\u00c1FICOS","date":"3 enero, 2014","format":false,"excerpt":"Paula Fern\u00e1ndez nos env\u00eda esta etiqueta a\u00a0 la que la falta la tilde.","rel":"","context":"En \u00abAlumnos\u00bb","img":{"alt_text":"20131205_150525","src":"https:\/\/i0.wp.com\/jesuitasburgos.es\/biblioteca\/wp-content\/uploads\/2013\/12\/20131205_150525.jpg?resize=350%2C200","width":350,"height":200},"classes":[]},{"id":1855,"url":"https:\/\/jesuitasburgos.es\/biblioteca\/?p=1855","url_meta":{"origin":734,"position":5},"title":"CALLEJEROS ORTOGR\u00c1FICOS","date":"12 mayo, 2014","format":false,"excerpt":"Bruno \u00c1lvarez nos env\u00eda esta fotos con una doble falta de tilde.","rel":"","context":"En \u00abAlumnos\u00bb","img":{"alt_text":"DSC_0038","src":"https:\/\/i0.wp.com\/jesuitasburgos.es\/biblioteca\/wp-content\/uploads\/2014\/05\/DSC_0038-1024x576.jpg?resize=350%2C200","width":350,"height":200},"classes":[]}],"jetpack_likes_enabled":true,"_links":{"self":[{"href":"https:\/\/jesuitasburgos.es\/biblioteca\/index.php?rest_route=\/wp\/v2\/posts\/734"}],"collection":[{"href":"https:\/\/jesuitasburgos.es\/biblioteca\/index.php?rest_route=\/wp\/v2\/posts"}],"about":[{"href":"https:\/\/jesuitasburgos.es\/biblioteca\/index.php?rest_route=\/wp\/v2\/types\/post"}],"author":[{"embeddable":true,"href":"https:\/\/jesuitasburgos.es\/biblioteca\/index.php?rest_route=\/wp\/v2\/users\/1"}],"replies":[{"embeddable":true,"href":"https:\/\/jesuitasburgos.es\/biblioteca\/index.php?rest_route=%2Fwp%2Fv2%2Fcomments&post=734"}],"version-history":[{"count":1,"href":"https:\/\/jesuitasburgos.es\/biblioteca\/index.php?rest_route=\/wp\/v2\/posts\/734\/revisions"}],"predecessor-version":[{"id":736,"href":"https:\/\/jesuitasburgos.es\/biblioteca\/index.php?rest_route=\/wp\/v2\/posts\/734\/revisions\/736"}],"wp:attachment":[{"href":"https:\/\/jesuitasburgos.es\/biblioteca\/index.php?rest_route=%2Fwp%2Fv2%2Fmedia&parent=734"}],"wp:term":[{"taxonomy":"category","embeddable":true,"href":"https:\/\/jesuitasburgos.es\/biblioteca\/index.php?rest_route=%2Fwp%2Fv2%2Fcategories&post=734"},{"taxonomy":"post_tag","embeddable":true,"href":"https:\/\/jesuitasburgos.es\/biblioteca\/index.php?rest_route=%2Fwp%2Fv2%2Ftags&post=734"}],"curies":[{"name":"wp","href":"https:\/\/api.w.org\/{rel}","templated":true}]}}