{"id":527,"date":"2013-10-13T00:59:58","date_gmt":"2013-10-13T00:59:58","guid":{"rendered":"http:\/\/jesuitasburgos.es\/biblioteca\/?p=527"},"modified":"2017-02-21T19:30:24","modified_gmt":"2017-02-21T19:30:24","slug":"jeu-de-mots","status":"publish","type":"post","link":"https:\/\/jesuitasburgos.es\/biblioteca\/?p=527","title":{"rendered":"JEU DE MOTS"},"content":{"rendered":"<p style=\"text-align: center;\"><a href=\"https:\/\/i0.wp.com\/jesuitasburgos.es\/biblioteca\/wp-content\/uploads\/2013\/10\/ALCOOL.jpg\"><img data-attachment-id=\"528\" data-permalink=\"https:\/\/jesuitasburgos.es\/biblioteca\/?attachment_id=528\" data-orig-file=\"https:\/\/i0.wp.com\/jesuitasburgos.es\/biblioteca\/wp-content\/uploads\/2013\/10\/ALCOOL.jpg?fit=273%2C185&amp;ssl=1\" data-orig-size=\"273,185\" data-comments-opened=\"1\" data-image-meta=\"{&quot;aperture&quot;:&quot;0&quot;,&quot;credit&quot;:&quot;&quot;,&quot;camera&quot;:&quot;&quot;,&quot;caption&quot;:&quot;&quot;,&quot;created_timestamp&quot;:&quot;0&quot;,&quot;copyright&quot;:&quot;&quot;,&quot;focal_length&quot;:&quot;0&quot;,&quot;iso&quot;:&quot;0&quot;,&quot;shutter_speed&quot;:&quot;0&quot;,&quot;title&quot;:&quot;&quot;}\" data-image-title=\"ALCOOL\" data-image-description=\"\" data-image-caption=\"\" data-medium-file=\"https:\/\/i0.wp.com\/jesuitasburgos.es\/biblioteca\/wp-content\/uploads\/2013\/10\/ALCOOL.jpg?fit=273%2C185&amp;ssl=1\" data-large-file=\"https:\/\/i0.wp.com\/jesuitasburgos.es\/biblioteca\/wp-content\/uploads\/2013\/10\/ALCOOL.jpg?fit=273%2C185&amp;ssl=1\" decoding=\"async\" loading=\"lazy\" class=\"size-full wp-image-528 aligncenter\" alt=\"ALCOOL\" src=\"https:\/\/i0.wp.com\/jesuitasburgos.es\/biblioteca\/wp-content\/uploads\/2013\/10\/ALCOOL.jpg?resize=544%2C326\" width=\"544\" height=\"326\" data-recalc-dims=\"1\" \/><\/a><\/p>\n","protected":false},"excerpt":{"rendered":"","protected":false},"author":1,"featured_media":0,"comment_status":"open","ping_status":"open","sticky":false,"template":"","format":"standard","meta":{"jetpack_post_was_ever_published":false,"jetpack_publicize_message":"","jetpack_is_tweetstorm":false,"jetpack_publicize_feature_enabled":true,"jetpack_social_post_already_shared":false,"jetpack_social_options":{"image_generator_settings":{"template":"highway","enabled":false}}},"categories":[8],"tags":[],"jetpack_publicize_connections":[],"jetpack_featured_media_url":"","jetpack_sharing_enabled":true,"jetpack_shortlink":"https:\/\/wp.me\/p5H2Oh-8v","jetpack-related-posts":[{"id":3095,"url":"https:\/\/jesuitasburgos.es\/biblioteca\/?p=3095","url_meta":{"origin":527,"position":0},"title":"Los alumnos de 1\u00ba de ESO reciben sus carn\u00e9s","date":"1 marzo, 2016","format":false,"excerpt":"\u00a1Los alumnos de 1\u00ba de ESO ya tiene sus carn\u00e9s de la Biblioteca! Y ya est\u00e1n haciendo uso de ellos, los pr\u00e9stamos de libros a los\u00a0alumnos de 1\u00ba han subido como la espuma \u00a1Ya sabes que estamos a tu disposici\u00f3n en los recreos!","rel":"","context":"En \u00abAlumnos\u00bb","img":{"alt_text":"","src":"https:\/\/i0.wp.com\/jesuitasburgos.es\/biblioteca\/wp-content\/uploads\/2016\/03\/123.png?fit=630%2C350&ssl=1&resize=350%2C200","width":350,"height":200},"classes":[]},{"id":84,"url":"https:\/\/jesuitasburgos.es\/biblioteca\/?p=84","url_meta":{"origin":527,"position":1},"title":"D\u00cdA DEL LIBRO &#8211; EL CAMINO DE DELIBES","date":"25 abril, 2013","format":false,"excerpt":"Esta edici\u00f3n facs\u00edmil de El Camino de Delibes es sobre la que leyeron\u00a0 todos los alumnos de ESO que participaron en la lectura compartida durante el D\u00eda del Libro.Miguel \u00c1ngel Saiz, padre de alumnos del colegio, es quien nos la ha prestado para este d\u00eda. \u00a1Much\u00edsimas gracias por dejarnos disfrutar\u2026","rel":"","context":"En \u00abAlumnos\u00bb","img":{"alt_text":"","src":"https:\/\/i0.wp.com\/1.bp.blogspot.com\/-7Vy7RFBf5oI\/UXh1QUJD14I\/AAAAAAAABtI\/Vzek1FIGnRY\/s400\/P1030801.JPG?resize=350%2C200","width":350,"height":200},"classes":[]},{"id":14,"url":"https:\/\/jesuitasburgos.es\/biblioteca\/?p=14","url_meta":{"origin":527,"position":2},"title":"ENTREGA DE PREMIOS DEL TRIMESTRE DE LA HISTORIA","date":"22 junio, 2013","format":false,"excerpt":"El jueves pasado en el aula Carlos Conde del colegio realizamos un sencillo acto para cerrar este curso escolar y entregar los premios del Trimestre de la Historia.Ignacio Mart\u00ednez posa con Mario y el bal\u00f3n de la selecci\u00f3nAsistimos a la proyecci\u00f3n de una presentaci\u00f3n realizada por Juanma en la que\u2026","rel":"","context":"En \u00abAlumnos\u00bb","img":{"alt_text":"","src":"https:\/\/i0.wp.com\/2.bp.blogspot.com\/-Q_nSDuLqbhc\/UcT1fG44btI\/AAAAAAAACEo\/zbFVl5hs6K4\/s320\/IMG_5229.JPG?resize=350%2C200","width":350,"height":200},"classes":[]},{"id":179,"url":"https:\/\/jesuitasburgos.es\/biblioteca\/?p=179","url_meta":{"origin":527,"position":3},"title":"OLIMPIADA MATEM\u00c1TICA","date":"19 febrero, 2013","format":false,"excerpt":"Hace unos d\u00edas tuvo lugar en nuestro colegio la primera fase de selecci\u00f3n de alumnos para la Olimpiada Matem\u00e1tica. Aqu\u00ed pod\u00e9is ver c\u00f3mo sale humo de las cabezas de las futuras generaciones de cient\u00edficos burgaleses. Participaron 41 alumnos de ESO.","rel":"","context":"En \u00abAlumnos\u00bb","img":{"alt_text":"","src":"https:\/\/i0.wp.com\/1.bp.blogspot.com\/-kYz2CjV8sFs\/USLNFZNxzbI\/AAAAAAAABLw\/dNGpYyX9_Rg\/s320\/image1.jpeg?resize=350%2C200","width":350,"height":200},"classes":[]},{"id":1970,"url":"https:\/\/jesuitasburgos.es\/biblioteca\/?p=1970","url_meta":{"origin":527,"position":4},"title":"ENTREGA DE PREMIOS TRIMESTRES TEM\u00c1TICOS","date":"25 junio, 2014","format":false,"excerpt":"Durante la pen\u00faltima semana del curso realizamos un peque\u00f1o acto para entregar los \u00faltimos premios de la biblioteca y agradecer, de esta manera, a los alumnos m\u00e1s participativos su inter\u00e9s por todo lo relacionado con ella y este blog. Decimos \"peque\u00f1o\" porque invitamos, esta vez, solamente a 25 alumnos, pero\u2026","rel":"","context":"En \u00abAlumnos\u00bb","img":{"alt_text":"IMG_0262","src":"https:\/\/i0.wp.com\/jesuitasburgos.es\/biblioteca\/wp-content\/uploads\/2014\/06\/IMG_0262-1024x768.jpg?resize=350%2C200","width":350,"height":200},"classes":[]},{"id":2550,"url":"https:\/\/jesuitasburgos.es\/biblioteca\/?p=2550","url_meta":{"origin":527,"position":5},"title":"Draw my life Quijote","date":"4 marzo, 2015","format":false,"excerpt":"Os os dejamos otro trabajo de los alumnos de Lengua de 2\u00ba ESO A que han realizado con motivo del IV centenario de la publicaci\u00f3n de la segunda parte del Quijote. Este divertido video lo han preparado los alumnos David Mart\u00ednez y Alonso L\u00f3pez Draw my life Quijote","rel":"","context":"En \u00abAlumnos\u00bb","img":{"alt_text":"","src":"https:\/\/i0.wp.com\/jesuitasburgos.es\/biblioteca\/wp-content\/uploads\/2015\/03\/123-1.png?fit=630%2C350&ssl=1&resize=350%2C200","width":350,"height":200},"classes":[]}],"jetpack_likes_enabled":true,"_links":{"self":[{"href":"https:\/\/jesuitasburgos.es\/biblioteca\/index.php?rest_route=\/wp\/v2\/posts\/527"}],"collection":[{"href":"https:\/\/jesuitasburgos.es\/biblioteca\/index.php?rest_route=\/wp\/v2\/posts"}],"about":[{"href":"https:\/\/jesuitasburgos.es\/biblioteca\/index.php?rest_route=\/wp\/v2\/types\/post"}],"author":[{"embeddable":true,"href":"https:\/\/jesuitasburgos.es\/biblioteca\/index.php?rest_route=\/wp\/v2\/users\/1"}],"replies":[{"embeddable":true,"href":"https:\/\/jesuitasburgos.es\/biblioteca\/index.php?rest_route=%2Fwp%2Fv2%2Fcomments&post=527"}],"version-history":[{"count":1,"href":"https:\/\/jesuitasburgos.es\/biblioteca\/index.php?rest_route=\/wp\/v2\/posts\/527\/revisions"}],"predecessor-version":[{"id":529,"href":"https:\/\/jesuitasburgos.es\/biblioteca\/index.php?rest_route=\/wp\/v2\/posts\/527\/revisions\/529"}],"wp:attachment":[{"href":"https:\/\/jesuitasburgos.es\/biblioteca\/index.php?rest_route=%2Fwp%2Fv2%2Fmedia&parent=527"}],"wp:term":[{"taxonomy":"category","embeddable":true,"href":"https:\/\/jesuitasburgos.es\/biblioteca\/index.php?rest_route=%2Fwp%2Fv2%2Fcategories&post=527"},{"taxonomy":"post_tag","embeddable":true,"href":"https:\/\/jesuitasburgos.es\/biblioteca\/index.php?rest_route=%2Fwp%2Fv2%2Ftags&post=527"}],"curies":[{"name":"wp","href":"https:\/\/api.w.org\/{rel}","templated":true}]}}