{"id":502,"date":"2013-10-11T12:00:11","date_gmt":"2013-10-11T12:00:11","guid":{"rendered":"http:\/\/jesuitasburgos.es\/biblioteca\/?p=502"},"modified":"2017-02-21T19:32:37","modified_gmt":"2017-02-21T19:32:37","slug":"libros-de-tematica-ignaciana","status":"publish","type":"post","link":"https:\/\/jesuitasburgos.es\/biblioteca\/?p=502","title":{"rendered":"LIBROS DE TEM\u00c1TICA IGNACIANA"},"content":{"rendered":"<p>Jos\u00e9 Antonio P\u00f3o, director general del colegio, ha cedido generosamente a nuestra<a href=\"https:\/\/i0.wp.com\/jesuitasburgos.es\/biblioteca\/wp-content\/uploads\/2013\/10\/IMG_6276.jpg\"><img data-attachment-id=\"503\" data-permalink=\"https:\/\/jesuitasburgos.es\/biblioteca\/?attachment_id=503\" data-orig-file=\"https:\/\/i0.wp.com\/jesuitasburgos.es\/biblioteca\/wp-content\/uploads\/2013\/10\/IMG_6276.jpg?fit=4320%2C3240&amp;ssl=1\" data-orig-size=\"4320,3240\" data-comments-opened=\"1\" data-image-meta=\"{&quot;aperture&quot;:&quot;3.1&quot;,&quot;credit&quot;:&quot;&quot;,&quot;camera&quot;:&quot;Canon PowerShot SX210 IS&quot;,&quot;caption&quot;:&quot;&quot;,&quot;created_timestamp&quot;:&quot;1381140050&quot;,&quot;copyright&quot;:&quot;&quot;,&quot;focal_length&quot;:&quot;5&quot;,&quot;iso&quot;:&quot;400&quot;,&quot;shutter_speed&quot;:&quot;0.033333333333333&quot;,&quot;title&quot;:&quot;&quot;}\" data-image-title=\"IMG_6276\" data-image-description=\"\" data-image-caption=\"\" data-medium-file=\"https:\/\/i0.wp.com\/jesuitasburgos.es\/biblioteca\/wp-content\/uploads\/2013\/10\/IMG_6276.jpg?fit=300%2C225&amp;ssl=1\" data-large-file=\"https:\/\/i0.wp.com\/jesuitasburgos.es\/biblioteca\/wp-content\/uploads\/2013\/10\/IMG_6276.jpg?fit=800%2C600&amp;ssl=1\" decoding=\"async\" loading=\"lazy\" class=\"alignright size-medium wp-image-503\" alt=\"IMG_6276\" src=\"https:\/\/i0.wp.com\/jesuitasburgos.es\/biblioteca\/wp-content\/uploads\/2013\/10\/IMG_6276.jpg?resize=300%2C225\" width=\"300\" height=\"225\" srcset=\"https:\/\/i0.wp.com\/jesuitasburgos.es\/biblioteca\/wp-content\/uploads\/2013\/10\/IMG_6276.jpg?resize=300%2C225&amp;ssl=1 300w, https:\/\/i0.wp.com\/jesuitasburgos.es\/biblioteca\/wp-content\/uploads\/2013\/10\/IMG_6276.jpg?resize=1024%2C768&amp;ssl=1 1024w, https:\/\/i0.wp.com\/jesuitasburgos.es\/biblioteca\/wp-content\/uploads\/2013\/10\/IMG_6276.jpg?resize=200%2C150&amp;ssl=1 200w, https:\/\/i0.wp.com\/jesuitasburgos.es\/biblioteca\/wp-content\/uploads\/2013\/10\/IMG_6276.jpg?resize=150%2C112&amp;ssl=1 150w, https:\/\/i0.wp.com\/jesuitasburgos.es\/biblioteca\/wp-content\/uploads\/2013\/10\/IMG_6276.jpg?w=1600 1600w, https:\/\/i0.wp.com\/jesuitasburgos.es\/biblioteca\/wp-content\/uploads\/2013\/10\/IMG_6276.jpg?w=2400 2400w\" sizes=\"(max-width: 300px) 100vw, 300px\" data-recalc-dims=\"1\" \/><\/a> biblioteca estos dos vol\u00famenes de tem\u00e1tica ignaciana.<\/p>\n<p>El primero de ellos sobre la figura del Padre Arrupe y el segundo sobre el fundador de la Compa\u00f1\u00eda de Jes\u00fas:\u00a0 San Ignacio de Loyola.<\/p>\n<p>Ambos quedan a vuestra disposici\u00f3n para que conozc\u00e1is m\u00e1s de cerca la historia de los jesuitas.<\/p>\n","protected":false},"excerpt":{"rendered":"<p>Jos\u00e9 Antonio P\u00f3o, director general del colegio, ha cedido generosamente a nuestra biblioteca estos dos vol\u00famenes de tem\u00e1tica ignaciana. El<\/p>\n","protected":false},"author":1,"featured_media":0,"comment_status":"open","ping_status":"open","sticky":false,"template":"","format":"standard","meta":{"jetpack_post_was_ever_published":false,"jetpack_publicize_message":"","jetpack_is_tweetstorm":false,"jetpack_publicize_feature_enabled":true,"jetpack_social_post_already_shared":false,"jetpack_social_options":{"image_generator_settings":{"template":"highway","enabled":false}}},"categories":[8],"tags":[],"jetpack_publicize_connections":[],"jetpack_featured_media_url":"","jetpack_sharing_enabled":true,"jetpack_shortlink":"https:\/\/wp.me\/p5H2Oh-86","jetpack-related-posts":[{"id":3701,"url":"https:\/\/jesuitasburgos.es\/biblioteca\/?p=3701","url_meta":{"origin":502,"position":0},"title":"Sophie Scholl contra Hitler, por Pilar Acinas","date":"27 marzo, 2017","format":false,"excerpt":"Este libro explica la adolescencia y juventud de los hermanos Scholl que transcurri\u00f3 en Ulm (Alemania) con Hitler en el poder. Sus padres, que eran cristianos evang\u00e9licos, fueron siempre muy cr\u00edticos con el nazismo, pero esto no pudo impedir que sus hijos ingresaran en las juventudes hitlerianas. Los hermanos Scholl\u2026","rel":"","context":"En \u00abRecomendaciones\u00bb","img":{"alt_text":"","src":"https:\/\/i0.wp.com\/jesuitasburgos.es\/biblioteca\/wp-content\/uploads\/2017\/03\/Sophie-recuadro.jpg?fit=593%2C943&ssl=1&resize=350%2C200","width":350,"height":200},"classes":[]},{"id":85,"url":"https:\/\/jesuitasburgos.es\/biblioteca\/?p=85","url_meta":{"origin":502,"position":1},"title":"RINC\u00d3N IGNACIANO EN LA BIBLIOTECA","date":"24 abril, 2013","format":false,"excerpt":"Jos\u00e9 Luis V\u00e1zquez sj, tutor de la secci\u00f3n m\u00e1s participativa en los dos primeros trimestres,\u00a0 nos explica en este art\u00edculo los libros que podemos encontrar en la biblioteca con tem\u00e1tica ignaciana. RINC\u00d3N IGNACIANOQueridos usuarios y usuarias de la biblioteca: Como habr\u00e9is observado, desde hace unos d\u00edas al abrir la puerta\u2026","rel":"","context":"En \u00abAlumnos\u00bb","img":{"alt_text":"","src":"https:\/\/i0.wp.com\/1.bp.blogspot.com\/-HbOcR0OJ3N0\/UXhttIolEyI\/AAAAAAAABsY\/4aUme9r18Ng\/s400\/P1030802.JPG?resize=350%2C200","width":350,"height":200},"classes":[]},{"id":5054,"url":"https:\/\/jesuitasburgos.es\/biblioteca\/?p=5054","url_meta":{"origin":502,"position":2},"title":"Jugar con la literatura de Delibes","date":"26 enero, 2021","format":false,"excerpt":"Alumnos de nuestro centro participan en esta divertida aventura, escribiendo sus propios relatos de tem\u00e1tica totalmente libre y recibiendo en su direcci\u00f3n postal un regalo consistente en un marca p\u00e1ginas, el relato corto ilustrado \"La grajilla\" y dos recortables de Ayerbe creados para la ocasi\u00f3n. Uno de nuestros alumnos con\u2026","rel":"","context":"En \u00abAlumnos\u00bb","img":{"alt_text":"","src":"https:\/\/i0.wp.com\/jesuitasburgos.es\/biblioteca\/wp-content\/uploads\/2021\/01\/recortables-e1611665006776.jpg?fit=875%2C562&ssl=1&resize=350%2C200","width":350,"height":200},"classes":[]},{"id":119,"url":"https:\/\/jesuitasburgos.es\/biblioteca\/?p=119","url_meta":{"origin":502,"position":3},"title":"D\u00cdA DE LA POES\u00cdA &#8211; RECITAL 4\u00ba DE ESO","date":"7 abril, 2013","format":false,"excerpt":"\u00a0 \u00a0Unos d\u00edas antes de las vacaciones de Semana Santa los alumnos de 4\u00ba de ESO realizaron una preciosa actividad literaria para conmemorar el D\u00eda de la Poes\u00eda.En nuestra biblioteca se leyeron quince poemas de autores tan diversos como Lope de Vega o Garcilaso,\u00a0 la poes\u00eda m\u00e1s experimental, pasando por\u2026","rel":"","context":"En \u00abAlumnos\u00bb","img":{"alt_text":"","src":"https:\/\/i0.wp.com\/4.bp.blogspot.com\/-bOILVx4u0ow\/UV9w5jmp9rI\/AAAAAAAABgw\/s0hDzdiWrS4\/s320\/IMG_4575.JPG?resize=350%2C200","width":350,"height":200},"classes":[]},{"id":4100,"url":"https:\/\/jesuitasburgos.es\/biblioteca\/?p=4100","url_meta":{"origin":502,"position":4},"title":"Wislawa Szymborska","date":"9 noviembre, 2017","format":false,"excerpt":"\u00a0 \u201cA veces la vida es soportable\u201d. El Museo de la Evoluci\u00f3n Humana organiza diferentes actividades culturales por lo que los alumnos de Literatura Universal de primero de Bachillerato aprovechamos la oportunidad de conocer algo m\u00e1s sobre la vida y obra de la ganadora del Premio Nobel de Literatura en\u2026","rel":"","context":"En \u00abAlumnos\u00bb","img":{"alt_text":"","src":"https:\/\/i0.wp.com\/jesuitasburgos.es\/biblioteca\/wp-content\/uploads\/2017\/11\/1510217430985-300x225.jpg?fit=300%2C225&ssl=1&resize=350%2C200","width":350,"height":200},"classes":[]},{"id":1248,"url":"https:\/\/jesuitasburgos.es\/biblioteca\/?p=1248","url_meta":{"origin":502,"position":5},"title":"RECOMENDACIONES DE Clara Isabel Lobo","date":"12 enero, 2014","format":false,"excerpt":"\u00a0 LIBRO: En llamas \u00a0 AUTOR: Suzanne Collins \u00a0 EDITORIAL: Oceano \u00a0 RESUMEN: \u00a0 Como ganadores de los juegos del hambre Katniss Everdeen y Peeta Mellark realizan una gira por todos los distritos con la ayuda de su mentor Haymitch y su asesora Effie. Todo el mundo cree que va\u2026","rel":"","context":"En \u00abAlumnos\u00bb","img":{"alt_text":"","src":"","width":0,"height":0},"classes":[]}],"jetpack_likes_enabled":true,"_links":{"self":[{"href":"https:\/\/jesuitasburgos.es\/biblioteca\/index.php?rest_route=\/wp\/v2\/posts\/502"}],"collection":[{"href":"https:\/\/jesuitasburgos.es\/biblioteca\/index.php?rest_route=\/wp\/v2\/posts"}],"about":[{"href":"https:\/\/jesuitasburgos.es\/biblioteca\/index.php?rest_route=\/wp\/v2\/types\/post"}],"author":[{"embeddable":true,"href":"https:\/\/jesuitasburgos.es\/biblioteca\/index.php?rest_route=\/wp\/v2\/users\/1"}],"replies":[{"embeddable":true,"href":"https:\/\/jesuitasburgos.es\/biblioteca\/index.php?rest_route=%2Fwp%2Fv2%2Fcomments&post=502"}],"version-history":[{"count":2,"href":"https:\/\/jesuitasburgos.es\/biblioteca\/index.php?rest_route=\/wp\/v2\/posts\/502\/revisions"}],"predecessor-version":[{"id":505,"href":"https:\/\/jesuitasburgos.es\/biblioteca\/index.php?rest_route=\/wp\/v2\/posts\/502\/revisions\/505"}],"wp:attachment":[{"href":"https:\/\/jesuitasburgos.es\/biblioteca\/index.php?rest_route=%2Fwp%2Fv2%2Fmedia&parent=502"}],"wp:term":[{"taxonomy":"category","embeddable":true,"href":"https:\/\/jesuitasburgos.es\/biblioteca\/index.php?rest_route=%2Fwp%2Fv2%2Fcategories&post=502"},{"taxonomy":"post_tag","embeddable":true,"href":"https:\/\/jesuitasburgos.es\/biblioteca\/index.php?rest_route=%2Fwp%2Fv2%2Ftags&post=502"}],"curies":[{"name":"wp","href":"https:\/\/api.w.org\/{rel}","templated":true}]}}