{"id":452,"date":"2013-10-02T23:37:37","date_gmt":"2013-10-02T23:37:37","guid":{"rendered":"http:\/\/jesuitasburgos.es\/biblioteca\/?p=452"},"modified":"2017-02-21T19:31:49","modified_gmt":"2017-02-21T19:31:49","slug":"callejeros-ortograficos-51","status":"publish","type":"post","link":"https:\/\/jesuitasburgos.es\/biblioteca\/?p=452","title":{"rendered":"CALLEJEROS ORTOGR\u00c1FICOS"},"content":{"rendered":"<p><strong>Gema Fisac<\/strong> de 1\u00ba de ESO nos env\u00eda estas fotograf\u00edas con faltas de ortograf\u00eda. Nuestros alumnos contin\u00faan siendo la pesadilla\u00a0 de los burgaleses&#8230; \u00a1\u00c1nimo chicos! <a href=\"https:\/\/i0.wp.com\/jesuitasburgos.es\/biblioteca\/wp-content\/uploads\/2013\/10\/la-foto-4.jpg\"><img data-attachment-id=\"455\" data-permalink=\"https:\/\/jesuitasburgos.es\/biblioteca\/?attachment_id=455\" data-orig-file=\"https:\/\/i0.wp.com\/jesuitasburgos.es\/biblioteca\/wp-content\/uploads\/2013\/10\/la-foto-4.jpg?fit=960%2C720&amp;ssl=1\" data-orig-size=\"960,720\" data-comments-opened=\"1\" data-image-meta=\"{&quot;aperture&quot;:&quot;2.4&quot;,&quot;credit&quot;:&quot;&quot;,&quot;camera&quot;:&quot;iPod touch&quot;,&quot;caption&quot;:&quot;&quot;,&quot;created_timestamp&quot;:&quot;1380556952&quot;,&quot;copyright&quot;:&quot;&quot;,&quot;focal_length&quot;:&quot;3.85&quot;,&quot;iso&quot;:&quot;80&quot;,&quot;shutter_speed&quot;:&quot;0.0063291139240506&quot;,&quot;title&quot;:&quot;&quot;}\" data-image-title=\"la foto 4\" data-image-description=\"\" data-image-caption=\"\" data-medium-file=\"https:\/\/i0.wp.com\/jesuitasburgos.es\/biblioteca\/wp-content\/uploads\/2013\/10\/la-foto-4.jpg?fit=300%2C225&amp;ssl=1\" data-large-file=\"https:\/\/i0.wp.com\/jesuitasburgos.es\/biblioteca\/wp-content\/uploads\/2013\/10\/la-foto-4.jpg?fit=800%2C600&amp;ssl=1\" decoding=\"async\" loading=\"lazy\" class=\"alignright size-full wp-image-455\" alt=\"la foto 4\" src=\"https:\/\/i0.wp.com\/jesuitasburgos.es\/biblioteca\/wp-content\/uploads\/2013\/10\/la-foto-4.jpg?resize=800%2C600\" width=\"800\" height=\"600\" srcset=\"https:\/\/i0.wp.com\/jesuitasburgos.es\/biblioteca\/wp-content\/uploads\/2013\/10\/la-foto-4.jpg?w=960&amp;ssl=1 960w, https:\/\/i0.wp.com\/jesuitasburgos.es\/biblioteca\/wp-content\/uploads\/2013\/10\/la-foto-4.jpg?resize=300%2C225&amp;ssl=1 300w, https:\/\/i0.wp.com\/jesuitasburgos.es\/biblioteca\/wp-content\/uploads\/2013\/10\/la-foto-4.jpg?resize=200%2C150&amp;ssl=1 200w, https:\/\/i0.wp.com\/jesuitasburgos.es\/biblioteca\/wp-content\/uploads\/2013\/10\/la-foto-4.jpg?resize=150%2C112&amp;ssl=1 150w\" sizes=\"(max-width: 800px) 100vw, 800px\" data-recalc-dims=\"1\" \/><\/a> <a href=\"https:\/\/i0.wp.com\/jesuitasburgos.es\/biblioteca\/wp-content\/uploads\/2013\/10\/la-foto-5.jpg\"><img data-attachment-id=\"456\" data-permalink=\"https:\/\/jesuitasburgos.es\/biblioteca\/?attachment_id=456\" data-orig-file=\"https:\/\/i0.wp.com\/jesuitasburgos.es\/biblioteca\/wp-content\/uploads\/2013\/10\/la-foto-5.jpg?fit=960%2C720&amp;ssl=1\" data-orig-size=\"960,720\" data-comments-opened=\"1\" data-image-meta=\"{&quot;aperture&quot;:&quot;2.4&quot;,&quot;credit&quot;:&quot;&quot;,&quot;camera&quot;:&quot;iPod touch&quot;,&quot;caption&quot;:&quot;&quot;,&quot;created_timestamp&quot;:&quot;1380556965&quot;,&quot;copyright&quot;:&quot;&quot;,&quot;focal_length&quot;:&quot;3.85&quot;,&quot;iso&quot;:&quot;160&quot;,&quot;shutter_speed&quot;:&quot;0.0083333333333333&quot;,&quot;title&quot;:&quot;&quot;}\" data-image-title=\"la foto 5\" data-image-description=\"\" data-image-caption=\"\" data-medium-file=\"https:\/\/i0.wp.com\/jesuitasburgos.es\/biblioteca\/wp-content\/uploads\/2013\/10\/la-foto-5.jpg?fit=300%2C225&amp;ssl=1\" data-large-file=\"https:\/\/i0.wp.com\/jesuitasburgos.es\/biblioteca\/wp-content\/uploads\/2013\/10\/la-foto-5.jpg?fit=800%2C600&amp;ssl=1\" decoding=\"async\" loading=\"lazy\" class=\"alignright size-full wp-image-456\" alt=\"la foto 5\" src=\"https:\/\/i0.wp.com\/jesuitasburgos.es\/biblioteca\/wp-content\/uploads\/2013\/10\/la-foto-5.jpg?resize=800%2C600\" width=\"800\" height=\"600\" srcset=\"https:\/\/i0.wp.com\/jesuitasburgos.es\/biblioteca\/wp-content\/uploads\/2013\/10\/la-foto-5.jpg?w=960&amp;ssl=1 960w, https:\/\/i0.wp.com\/jesuitasburgos.es\/biblioteca\/wp-content\/uploads\/2013\/10\/la-foto-5.jpg?resize=300%2C225&amp;ssl=1 300w, https:\/\/i0.wp.com\/jesuitasburgos.es\/biblioteca\/wp-content\/uploads\/2013\/10\/la-foto-5.jpg?resize=200%2C150&amp;ssl=1 200w, https:\/\/i0.wp.com\/jesuitasburgos.es\/biblioteca\/wp-content\/uploads\/2013\/10\/la-foto-5.jpg?resize=150%2C112&amp;ssl=1 150w\" sizes=\"(max-width: 800px) 100vw, 800px\" data-recalc-dims=\"1\" \/><\/a><a href=\"https:\/\/i0.wp.com\/jesuitasburgos.es\/biblioteca\/wp-content\/uploads\/2013\/10\/la-foto-3.jpg\"><img data-attachment-id=\"454\" data-permalink=\"https:\/\/jesuitasburgos.es\/biblioteca\/?attachment_id=454\" data-orig-file=\"https:\/\/i0.wp.com\/jesuitasburgos.es\/biblioteca\/wp-content\/uploads\/2013\/10\/la-foto-3.jpg?fit=960%2C720&amp;ssl=1\" data-orig-size=\"960,720\" data-comments-opened=\"1\" data-image-meta=\"{&quot;aperture&quot;:&quot;2.4&quot;,&quot;credit&quot;:&quot;&quot;,&quot;camera&quot;:&quot;iPod touch&quot;,&quot;caption&quot;:&quot;&quot;,&quot;created_timestamp&quot;:&quot;1379858005&quot;,&quot;copyright&quot;:&quot;&quot;,&quot;focal_length&quot;:&quot;3.85&quot;,&quot;iso&quot;:&quot;800&quot;,&quot;shutter_speed&quot;:&quot;0.066666666666667&quot;,&quot;title&quot;:&quot;&quot;}\" data-image-title=\"la foto 3\" data-image-description=\"\" data-image-caption=\"\" data-medium-file=\"https:\/\/i0.wp.com\/jesuitasburgos.es\/biblioteca\/wp-content\/uploads\/2013\/10\/la-foto-3.jpg?fit=300%2C225&amp;ssl=1\" data-large-file=\"https:\/\/i0.wp.com\/jesuitasburgos.es\/biblioteca\/wp-content\/uploads\/2013\/10\/la-foto-3.jpg?fit=800%2C600&amp;ssl=1\" decoding=\"async\" loading=\"lazy\" class=\"alignright size-full wp-image-454\" alt=\"la foto 3\" src=\"https:\/\/i0.wp.com\/jesuitasburgos.es\/biblioteca\/wp-content\/uploads\/2013\/10\/la-foto-3.jpg?resize=800%2C600\" width=\"800\" height=\"600\" srcset=\"https:\/\/i0.wp.com\/jesuitasburgos.es\/biblioteca\/wp-content\/uploads\/2013\/10\/la-foto-3.jpg?w=960&amp;ssl=1 960w, https:\/\/i0.wp.com\/jesuitasburgos.es\/biblioteca\/wp-content\/uploads\/2013\/10\/la-foto-3.jpg?resize=300%2C225&amp;ssl=1 300w, https:\/\/i0.wp.com\/jesuitasburgos.es\/biblioteca\/wp-content\/uploads\/2013\/10\/la-foto-3.jpg?resize=200%2C150&amp;ssl=1 200w, https:\/\/i0.wp.com\/jesuitasburgos.es\/biblioteca\/wp-content\/uploads\/2013\/10\/la-foto-3.jpg?resize=150%2C112&amp;ssl=1 150w\" sizes=\"(max-width: 800px) 100vw, 800px\" data-recalc-dims=\"1\" \/><\/a><a href=\"https:\/\/i0.wp.com\/jesuitasburgos.es\/biblioteca\/wp-content\/uploads\/2013\/10\/la-foto-2.jpg\"><img data-attachment-id=\"453\" data-permalink=\"https:\/\/jesuitasburgos.es\/biblioteca\/?attachment_id=453\" data-orig-file=\"https:\/\/i0.wp.com\/jesuitasburgos.es\/biblioteca\/wp-content\/uploads\/2013\/10\/la-foto-2.jpg?fit=960%2C720&amp;ssl=1\" data-orig-size=\"960,720\" data-comments-opened=\"1\" data-image-meta=\"{&quot;aperture&quot;:&quot;2.4&quot;,&quot;credit&quot;:&quot;&quot;,&quot;camera&quot;:&quot;iPod touch&quot;,&quot;caption&quot;:&quot;&quot;,&quot;created_timestamp&quot;:&quot;1379770948&quot;,&quot;copyright&quot;:&quot;&quot;,&quot;focal_length&quot;:&quot;3.85&quot;,&quot;iso&quot;:&quot;80&quot;,&quot;shutter_speed&quot;:&quot;0.0010559662090813&quot;,&quot;title&quot;:&quot;&quot;}\" data-image-title=\"la foto 2\" data-image-description=\"\" data-image-caption=\"\" data-medium-file=\"https:\/\/i0.wp.com\/jesuitasburgos.es\/biblioteca\/wp-content\/uploads\/2013\/10\/la-foto-2.jpg?fit=300%2C225&amp;ssl=1\" data-large-file=\"https:\/\/i0.wp.com\/jesuitasburgos.es\/biblioteca\/wp-content\/uploads\/2013\/10\/la-foto-2.jpg?fit=800%2C600&amp;ssl=1\" decoding=\"async\" loading=\"lazy\" class=\"alignright size-full wp-image-453\" alt=\"la foto 2\" src=\"https:\/\/i0.wp.com\/jesuitasburgos.es\/biblioteca\/wp-content\/uploads\/2013\/10\/la-foto-2.jpg?resize=800%2C600\" width=\"800\" height=\"600\" srcset=\"https:\/\/i0.wp.com\/jesuitasburgos.es\/biblioteca\/wp-content\/uploads\/2013\/10\/la-foto-2.jpg?w=960&amp;ssl=1 960w, https:\/\/i0.wp.com\/jesuitasburgos.es\/biblioteca\/wp-content\/uploads\/2013\/10\/la-foto-2.jpg?resize=300%2C225&amp;ssl=1 300w, https:\/\/i0.wp.com\/jesuitasburgos.es\/biblioteca\/wp-content\/uploads\/2013\/10\/la-foto-2.jpg?resize=200%2C150&amp;ssl=1 200w, https:\/\/i0.wp.com\/jesuitasburgos.es\/biblioteca\/wp-content\/uploads\/2013\/10\/la-foto-2.jpg?resize=150%2C112&amp;ssl=1 150w\" sizes=\"(max-width: 800px) 100vw, 800px\" data-recalc-dims=\"1\" \/><\/a><\/p>\n","protected":false},"excerpt":{"rendered":"<p>Gema Fisac de 1\u00ba de ESO nos env\u00eda estas fotograf\u00edas con faltas de ortograf\u00eda. Nuestros alumnos contin\u00faan siendo la pesadilla\u00a0<\/p>\n","protected":false},"author":1,"featured_media":0,"comment_status":"open","ping_status":"open","sticky":false,"template":"","format":"standard","meta":{"jetpack_post_was_ever_published":false,"jetpack_publicize_message":"","jetpack_is_tweetstorm":false,"jetpack_publicize_feature_enabled":true,"jetpack_social_post_already_shared":false,"jetpack_social_options":{"image_generator_settings":{"template":"highway","enabled":false}}},"categories":[3],"tags":[],"jetpack_publicize_connections":[],"jetpack_featured_media_url":"","jetpack_sharing_enabled":true,"jetpack_shortlink":"https:\/\/wp.me\/p5H2Oh-7i","jetpack-related-posts":[{"id":1454,"url":"https:\/\/jesuitasburgos.es\/biblioteca\/?p=1454","url_meta":{"origin":452,"position":0},"title":"CALLEJEROS ORTOGR\u00c1FICOS","date":"8 febrero, 2014","format":false,"excerpt":"Bruno \u00c1lvarez ha encontrado esta falta haciendo la compra. Las dos cosas est\u00e1n muy bien. Gracias por colaborar otra vez m\u00e1s.","rel":"","context":"En \u00abAlumnos\u00bb","img":{"alt_text":"callejeros ortograficos producion","src":"https:\/\/i0.wp.com\/jesuitasburgos.es\/biblioteca\/wp-content\/uploads\/2014\/02\/callejeros-ortograficos-producion-e1391478906745.jpg?resize=350%2C200","width":350,"height":200},"classes":[]},{"id":101,"url":"https:\/\/jesuitasburgos.es\/biblioteca\/?p=101","url_meta":{"origin":452,"position":1},"title":"CALLEJEROS ORTOGR\u00c1FICOS","date":"17 abril, 2013","format":false,"excerpt":"De sabios es rectificar.No sabemos si nuestros callejeros ortogr\u00e1ficos han tenido influencia en la rectificaci\u00f3n...Ahora ya se puede estrenar ese piso sin problema.","rel":"","context":"En \u00abAlumnos\u00bb","img":{"alt_text":"","src":"https:\/\/i0.wp.com\/3.bp.blogspot.com\/-Fy79ssiHHZo\/UW3n16d5MOI\/AAAAAAAABnk\/Mz9bbIREbZI\/s320\/IMG-20130328-WA0000.jpg?resize=350%2C200","width":350,"height":200},"classes":[]},{"id":112,"url":"https:\/\/jesuitasburgos.es\/biblioteca\/?p=112","url_meta":{"origin":452,"position":2},"title":"ENTREGA DE PREMIOS TRIMESTRE DE LA CIENCIA","date":"9 abril, 2013","format":false,"excerpt":"Este pr\u00f3ximo mi\u00e9rcoles 10 de abril a la hora del recreo se entregar\u00e1n los premios correspondientes al segundo trimestre tem\u00e1tico de nuestra biblioteca. No han sido pocos los alumnos que han colaborado y queremos tener un peque\u00f1o detalle con ellos.Aprovecharemos la ocasi\u00f3n para presentar el nuevo tema para el tercer\u2026","rel":"","context":"En \u00abAlumnos\u00bb","img":{"alt_text":"","src":"https:\/\/i0.wp.com\/2.bp.blogspot.com\/-QLRFRoWek3I\/UWNfb5-zm6I\/AAAAAAAABkI\/QHTjHrfD7hY\/s200\/ciencia.jpg?resize=350%2C200","width":350,"height":200},"classes":[]},{"id":45,"url":"https:\/\/jesuitasburgos.es\/biblioteca\/?p=45","url_meta":{"origin":452,"position":3},"title":"CALLEJEROS ORTOGR\u00c1FICOS","date":"4 junio, 2013","format":false,"excerpt":"Mar\u00eda \u00cd\u00f1igo se encontr\u00f3 con esta se\u00f1al en Fr\u00edas. Creemos que alguno de nuestros \"callejeros ortogr\u00e1ficos\" pas\u00f3 antes por el lugar e intent\u00f3 arreglar el desaguisado. Gracias, Mar\u00eda por colaborar.","rel":"","context":"En \u00abAlumnos\u00bb","img":{"alt_text":"","src":"https:\/\/i0.wp.com\/1.bp.blogspot.com\/-NNh75xhqDe8\/Ua02ds_ukMI\/AAAAAAAAB8M\/xjrq6m0exeo\/s400\/IMG-20130505-WA0000.jpg?resize=350%2C200","width":350,"height":200},"classes":[]},{"id":1818,"url":"https:\/\/jesuitasburgos.es\/biblioteca\/?p=1818","url_meta":{"origin":452,"position":4},"title":"CALLEJEROS ORTOGR\u00c1FICOS","date":"7 mayo, 2014","format":false,"excerpt":"Esta portada de El Pa\u00eds merece tambi\u00e9n ser portada de nuestra secci\u00f3n de Callejeros ortogr\u00e1ficos. Lo dice siempre Rafa Pampliega: los exclavos fueron clavos y ya no lo son; eso les hubiera gustado mucho a los esclavos...","rel":"","context":"En \u00abAlumnos\u00bb","img":{"alt_text":"IMG-20140427-WA0015","src":"https:\/\/i0.wp.com\/jesuitasburgos.es\/biblioteca\/wp-content\/uploads\/2014\/05\/IMG-20140427-WA0015.jpg?resize=350%2C200","width":350,"height":200},"classes":[]},{"id":1244,"url":"https:\/\/jesuitasburgos.es\/biblioteca\/?p=1244","url_meta":{"origin":452,"position":5},"title":"CALLEJEROS ORTOGR\u00c1FICOS","date":"11 enero, 2014","format":false,"excerpt":"Paula Rodr\u00edguez tambi\u00e9n quiere participar con los callejeros. \u00a0","rel":"","context":"En \u00abAlumnos\u00bb","img":{"alt_text":"20131215_182803","src":"https:\/\/i0.wp.com\/jesuitasburgos.es\/biblioteca\/wp-content\/uploads\/2014\/01\/20131215_182803-1024x768.jpg?resize=350%2C200","width":350,"height":200},"classes":[]}],"jetpack_likes_enabled":true,"_links":{"self":[{"href":"https:\/\/jesuitasburgos.es\/biblioteca\/index.php?rest_route=\/wp\/v2\/posts\/452"}],"collection":[{"href":"https:\/\/jesuitasburgos.es\/biblioteca\/index.php?rest_route=\/wp\/v2\/posts"}],"about":[{"href":"https:\/\/jesuitasburgos.es\/biblioteca\/index.php?rest_route=\/wp\/v2\/types\/post"}],"author":[{"embeddable":true,"href":"https:\/\/jesuitasburgos.es\/biblioteca\/index.php?rest_route=\/wp\/v2\/users\/1"}],"replies":[{"embeddable":true,"href":"https:\/\/jesuitasburgos.es\/biblioteca\/index.php?rest_route=%2Fwp%2Fv2%2Fcomments&post=452"}],"version-history":[{"count":2,"href":"https:\/\/jesuitasburgos.es\/biblioteca\/index.php?rest_route=\/wp\/v2\/posts\/452\/revisions"}],"predecessor-version":[{"id":481,"href":"https:\/\/jesuitasburgos.es\/biblioteca\/index.php?rest_route=\/wp\/v2\/posts\/452\/revisions\/481"}],"wp:attachment":[{"href":"https:\/\/jesuitasburgos.es\/biblioteca\/index.php?rest_route=%2Fwp%2Fv2%2Fmedia&parent=452"}],"wp:term":[{"taxonomy":"category","embeddable":true,"href":"https:\/\/jesuitasburgos.es\/biblioteca\/index.php?rest_route=%2Fwp%2Fv2%2Fcategories&post=452"},{"taxonomy":"post_tag","embeddable":true,"href":"https:\/\/jesuitasburgos.es\/biblioteca\/index.php?rest_route=%2Fwp%2Fv2%2Ftags&post=452"}],"curies":[{"name":"wp","href":"https:\/\/api.w.org\/{rel}","templated":true}]}}