{"id":4272,"date":"2018-03-22T10:20:21","date_gmt":"2018-03-22T08:20:21","guid":{"rendered":"http:\/\/jesuitasburgos.es\/biblioteca\/?p=4272"},"modified":"2018-06-18T18:15:08","modified_gmt":"2018-06-18T16:15:08","slug":"el-deporte-y-los-libros","status":"publish","type":"post","link":"https:\/\/jesuitasburgos.es\/biblioteca\/?p=4272","title":{"rendered":"El deporte y los libros"},"content":{"rendered":"<p><strong>El Ministerio de Educaci\u00f3n, Cultura y Deporte y LaLiga colaborar\u00e1n en el fomento de la lectura<\/strong><br \/>\nSe emitir\u00e1n v\u00eddeos en los que futbolistas y deportistas hablar\u00e1n de su relaci\u00f3n con los libros y se pondr\u00e1 en marcha un concurso de cortometrajes en el \u00e1mbito nacional as\u00ed como en el iberoamericano que promocione los valores del f\u00fatbol<\/p>\n<p>&nbsp;<\/p>\n<p><a href=\"http:\/\/www.laliga.es\/video\/el-ministerio-de-educacion-cultura-y-deporte-y-laliga-colaboraran-en-el-fomento-de-la-lectura\">http:\/\/www.laliga.es\/video\/el-ministerio-de-educacion-cultura-y-deporte-y-laliga-colaboraran-en-el-fomento-de-la-lectura<\/a><\/p>\n","protected":false},"excerpt":{"rendered":"<p>El Ministerio de Educaci\u00f3n, Cultura y Deporte y LaLiga colaborar\u00e1n en el fomento de la lectura Se emitir\u00e1n v\u00eddeos en<\/p>\n","protected":false},"author":1,"featured_media":4277,"comment_status":"open","ping_status":"open","sticky":false,"template":"","format":"standard","meta":{"jetpack_post_was_ever_published":false,"jetpack_publicize_message":"","jetpack_is_tweetstorm":false,"jetpack_publicize_feature_enabled":true,"jetpack_social_post_already_shared":true,"jetpack_social_options":{"image_generator_settings":{"template":"highway","enabled":false}}},"categories":[24],"tags":[],"jetpack_publicize_connections":[],"jetpack_featured_media_url":"https:\/\/i0.wp.com\/jesuitasburgos.es\/biblioteca\/wp-content\/uploads\/2018\/03\/ministerio.jpg?fit=1000%2C600&ssl=1","jetpack_sharing_enabled":true,"jetpack_shortlink":"https:\/\/wp.me\/p5H2Oh-16U","jetpack-related-posts":[{"id":3366,"url":"https:\/\/jesuitasburgos.es\/biblioteca\/?p=3366","url_meta":{"origin":4272,"position":0},"title":"Formaci\u00f3n de los voluntarios de la biblioteca","date":"12 noviembre, 2016","format":false,"excerpt":"Durante el recreo del lunes 24 de octubre tuvo lugar la formaci\u00f3n de los voluntarios de la biblioteca para este curso. 26 alumnos de 1\u00ba y 2\u00ba de bachillerato colaborar\u00e1n durante todos los recreos con el servicio de pr\u00e9stamo y devoluci\u00f3n de libros.","rel":"","context":"En \u00abAlumnos\u00bb","img":{"alt_text":"","src":"https:\/\/i0.wp.com\/jesuitasburgos.es\/biblioteca\/wp-content\/uploads\/2016\/12\/1-1-300x200-1.jpg?fit=300%2C200&ssl=1&resize=350%2C200","width":350,"height":200},"classes":[]},{"id":1954,"url":"https:\/\/jesuitasburgos.es\/biblioteca\/?p=1954","url_meta":{"origin":4272,"position":1},"title":"EVALUACI\u00d3N CLUB DE LECTURA DE PRIMARIA","date":"17 junio, 2014","format":false,"excerpt":"EVALUACI\u00d3N DEL CLUB DE LECTURA. (Alumnos de 5\u00ba EPO) El Club de Lectura me ha gustado mucho. La experiencia ha sido inmejorable porque hemos le\u00eddo libros muy imaginativos. Es muy importante apuntarse porque te ayuda a desarrollar la imaginaci\u00f3n y aumentar el vocabulario. Los libros est\u00e1n muy bien elegidos; son\u2026","rel":"","context":"En \u00abAlumnos\u00bb","img":{"alt_text":"","src":"https:\/\/i0.wp.com\/jesuitasburgos.es\/biblioteca\/wp-content\/uploads\/2014\/06\/ANDANZAS.jpg?resize=350%2C200","width":350,"height":200},"classes":[]},{"id":40,"url":"https:\/\/jesuitasburgos.es\/biblioteca\/?p=40","url_meta":{"origin":4272,"position":2},"title":"CLUB DE LECTURA DE PRIMARIA","date":"4 junio, 2013","format":false,"excerpt":"Mayka se encarga de cuidar nuestra cantera de peque\u00f1os lectores; parece que todos disfrutan un mont\u00f3n leyendo... CLUB DE LECTURAEl d\u00eda 23 de Mayofue el \u00faltimo d\u00eda de nuestro Club de Lectura. Lo que hicimos fue una especie de evaluaci\u00f3n de lo que hab\u00eda significado para los alumnos y para\u2026","rel":"","context":"En \u00abAlumnos\u00bb","img":{"alt_text":"","src":"https:\/\/i0.wp.com\/4.bp.blogspot.com\/-oU3kdsL-0u8\/Ua0-v8-V03I\/AAAAAAAAB9E\/OyjF_3M-ZDI\/s320\/IMG_5108.JPG?resize=350%2C200","width":350,"height":200},"classes":[]},{"id":320,"url":"https:\/\/jesuitasburgos.es\/biblioteca\/?p=320","url_meta":{"origin":4272,"position":3},"title":"NUESTRA BIBLIOTECA EN DIARIO DE BURGOS","date":"4 noviembre, 2012","format":false,"excerpt":"\u00a1A leer como locos!I.L.H. \/ Burgos - mi\u00e9rcoles, 24 de octubre de 2012El centro educativo La Merced y San Francisco Javier reinaugura su biblioteca con una fiesta inspirada en \"El se\u00f1or de los anillos\"Ese es el prop\u00f3sito de un d\u00eda como hoy. Aunque no necesitan excusas, las bibliotecas escolares celebran\u2026","rel":"","context":"En \u00abArt\u00edculos de prensa\u00bb","img":{"alt_text":"","src":"https:\/\/i0.wp.com\/3.bp.blogspot.com\/-JoCwZxJzPfA\/UIhltlfpVuI\/AAAAAAAAADg\/ygOz39uDs3o\/s320\/Foto+biblioteca+DB.JPG?resize=350%2C200","width":350,"height":200},"classes":[]},{"id":3427,"url":"https:\/\/jesuitasburgos.es\/biblioteca\/?p=3427","url_meta":{"origin":4272,"position":4},"title":"Razones cient\u00edficas para leer m\u00e1s de lo que leemos","date":"20 enero, 2017","format":false,"excerpt":"COLUMNA Razones cient\u00edficas para leer m\u00e1s de lo que leemos La lectura, adem\u00e1s de mejorar la empat\u00eda y la comprensi\u00f3n de los dem\u00e1s, es uno de los mejores ejercicios posibles para mantener en forma el cerebro y las capacidades mentales El informe\u00a0La lectura en Espa\u00f1a 2017, encargado por la Federaci\u00f3n\u2026","rel":"","context":"En \u00abArt\u00edculos de prensa\u00bb","img":{"alt_text":"","src":"https:\/\/i0.wp.com\/jesuitasburgos.es\/biblioteca\/wp-content\/uploads\/2017\/01\/1484155657_662258_1484155973_noticia_normal_recorte1.jpg?fit=1200%2C785&ssl=1&resize=350%2C200","width":350,"height":200},"classes":[]},{"id":955,"url":"https:\/\/jesuitasburgos.es\/biblioteca\/?p=955","url_meta":{"origin":4272,"position":5},"title":"HOMENAJE A MANOLO ANDR\u00c9S POR SU JUBILACI\u00d3N","date":"2 diciembre, 2013","format":false,"excerpt":"Ya te he dicho muchas veces, Manolo, que sentimos sana envidia por tu jubilaci\u00f3n. Te llega cuando a\u00fan est\u00e1s hecho un chaval y con la cabeza llena de proyectos y retos. Vas a contar con m\u00e1s tiempo para viajar, leer, pasear, estar con la familia y con tus amigos y\u2026","rel":"","context":"En \u00abProfesores\u00bb","img":{"alt_text":"","src":"","width":0,"height":0},"classes":[]}],"jetpack_likes_enabled":true,"_links":{"self":[{"href":"https:\/\/jesuitasburgos.es\/biblioteca\/index.php?rest_route=\/wp\/v2\/posts\/4272"}],"collection":[{"href":"https:\/\/jesuitasburgos.es\/biblioteca\/index.php?rest_route=\/wp\/v2\/posts"}],"about":[{"href":"https:\/\/jesuitasburgos.es\/biblioteca\/index.php?rest_route=\/wp\/v2\/types\/post"}],"author":[{"embeddable":true,"href":"https:\/\/jesuitasburgos.es\/biblioteca\/index.php?rest_route=\/wp\/v2\/users\/1"}],"replies":[{"embeddable":true,"href":"https:\/\/jesuitasburgos.es\/biblioteca\/index.php?rest_route=%2Fwp%2Fv2%2Fcomments&post=4272"}],"version-history":[{"count":2,"href":"https:\/\/jesuitasburgos.es\/biblioteca\/index.php?rest_route=\/wp\/v2\/posts\/4272\/revisions"}],"predecessor-version":[{"id":4275,"href":"https:\/\/jesuitasburgos.es\/biblioteca\/index.php?rest_route=\/wp\/v2\/posts\/4272\/revisions\/4275"}],"wp:featuredmedia":[{"embeddable":true,"href":"https:\/\/jesuitasburgos.es\/biblioteca\/index.php?rest_route=\/wp\/v2\/media\/4277"}],"wp:attachment":[{"href":"https:\/\/jesuitasburgos.es\/biblioteca\/index.php?rest_route=%2Fwp%2Fv2%2Fmedia&parent=4272"}],"wp:term":[{"taxonomy":"category","embeddable":true,"href":"https:\/\/jesuitasburgos.es\/biblioteca\/index.php?rest_route=%2Fwp%2Fv2%2Fcategories&post=4272"},{"taxonomy":"post_tag","embeddable":true,"href":"https:\/\/jesuitasburgos.es\/biblioteca\/index.php?rest_route=%2Fwp%2Fv2%2Ftags&post=4272"}],"curies":[{"name":"wp","href":"https:\/\/api.w.org\/{rel}","templated":true}]}}