{"id":4257,"date":"2018-03-06T10:23:15","date_gmt":"2018-03-06T08:23:15","guid":{"rendered":"http:\/\/jesuitasburgos.es\/biblioteca\/?p=4257"},"modified":"2018-03-06T10:35:35","modified_gmt":"2018-03-06T08:35:35","slug":"el-pentateuco-de-isaac","status":"publish","type":"post","link":"https:\/\/jesuitasburgos.es\/biblioteca\/?p=4257","title":{"rendered":"El Pentateuco de Isaac"},"content":{"rendered":"<p><strong><em>\u201cEl Pentateuco de Isaac\u201d<\/em> de Angel Wagenstein<\/strong><\/p>\n<p><a href=\"https:\/\/i0.wp.com\/jesuitasburgos.es\/biblioteca\/wp-content\/uploads\/2018\/03\/Wagenstein-Angel-El-Pentateuco-de-Isaac-8.jpg\" target=\"_blank\" rel=\"noopener\"><img data-attachment-id=\"4260\" data-permalink=\"https:\/\/jesuitasburgos.es\/biblioteca\/?attachment_id=4260\" data-orig-file=\"https:\/\/i0.wp.com\/jesuitasburgos.es\/biblioteca\/wp-content\/uploads\/2018\/03\/Wagenstein-Angel-El-Pentateuco-de-Isaac-8.jpg?fit=700%2C404&amp;ssl=1\" data-orig-size=\"700,404\" data-comments-opened=\"1\" data-image-meta=\"{&quot;aperture&quot;:&quot;0&quot;,&quot;credit&quot;:&quot;&quot;,&quot;camera&quot;:&quot;&quot;,&quot;caption&quot;:&quot;&quot;,&quot;created_timestamp&quot;:&quot;0&quot;,&quot;copyright&quot;:&quot;&quot;,&quot;focal_length&quot;:&quot;0&quot;,&quot;iso&quot;:&quot;0&quot;,&quot;shutter_speed&quot;:&quot;0&quot;,&quot;title&quot;:&quot;&quot;,&quot;orientation&quot;:&quot;0&quot;}\" data-image-title=\"Wagenstein-Angel-El-Pentateuco-de-Isaac-8\" data-image-description=\"\" data-image-caption=\"\" data-medium-file=\"https:\/\/i0.wp.com\/jesuitasburgos.es\/biblioteca\/wp-content\/uploads\/2018\/03\/Wagenstein-Angel-El-Pentateuco-de-Isaac-8.jpg?fit=300%2C173&amp;ssl=1\" data-large-file=\"https:\/\/i0.wp.com\/jesuitasburgos.es\/biblioteca\/wp-content\/uploads\/2018\/03\/Wagenstein-Angel-El-Pentateuco-de-Isaac-8.jpg?fit=700%2C404&amp;ssl=1\" decoding=\"async\" loading=\"lazy\" class=\"alignright wp-image-4260 size-medium\" title=\"El Pentateuco\" src=\"https:\/\/i0.wp.com\/jesuitasburgos.es\/biblioteca\/wp-content\/uploads\/2018\/03\/Wagenstein-Angel-El-Pentateuco-de-Isaac-8.jpg?resize=300%2C173\" alt=\"El Pentateuco\" width=\"300\" height=\"173\" srcset=\"https:\/\/i0.wp.com\/jesuitasburgos.es\/biblioteca\/wp-content\/uploads\/2018\/03\/Wagenstein-Angel-El-Pentateuco-de-Isaac-8.jpg?resize=300%2C173&amp;ssl=1 300w, https:\/\/i0.wp.com\/jesuitasburgos.es\/biblioteca\/wp-content\/uploads\/2018\/03\/Wagenstein-Angel-El-Pentateuco-de-Isaac-8.jpg?w=700&amp;ssl=1 700w\" sizes=\"(max-width: 300px) 100vw, 300px\" data-recalc-dims=\"1\" \/><\/a><\/p>\n<p>Nada m\u00e1s abrir la novela del escritor b\u00falgaro Wagenstein ya nos damos cuenta de que \u201cEl Pentateuco de Isaac\u201d va a ser un relato prometedor por el propio subt\u00edtulo del libro: \u201cSobre la vida de Isaac Jacob Blumenfeld durante dos guerras \u2013I y II Guerra Mundial-, en tres campos de concentraci\u00f3n \u2013Flossenb\u00fcrg (Alto Palatinado), Nizhni Kolimsky (noreste de Siberia) y Karaganda (Kazajst\u00e1n)- y en cinco patrias \u2013 Austrohungr\u00eda, Polonia, URSS, III Reich y Austria\u201d.<br \/>\nHablamos de novela, pero este relato es real. El autor reconoce en la introducci\u00f3n que no ha aportado nada \u201cporque toda intervenci\u00f3n de mi parte en la narraci\u00f3n ser\u00eda como un litro de vinagre que se vertiera en un tonel de buen vino y todo adorno, una pizca de levadura y sal que profanaran el pan sagrado de la Pascua\u201d.<br \/>\nPero creo que s\u00ed ha aportado. Y mucho. Con una prosa llena de iron\u00eda y un lenguaje metaf\u00f3rico, Wagenstein nos cuenta la vida de Isaac, un sastre jud\u00edo de la regi\u00f3n de Galitzia, antiguo territorio del Imperio Austroh\u00fangaro y que hoy se situar\u00eda geogr\u00e1ficamente entre Polonia y Ucrania.<\/p>\n<p>Narrada en primera persona, Blumenfeld va desgranando su vida desde su lugar de nacimiento, en su querida y a\u00f1orada Kolodetz, cerca de Drogobich, hasta su \u00faltima residencia en Viena. Una vida que no es ajena, sino m\u00e1s bien protagonista, de los acontecimientos hist\u00f3ricos que sacuden Europa en la primera mitad del siglo XX. Una vida narrada desde el humor y la fina iron\u00eda, que aparentemente mitiga para el lector la crueldad de los episodios vividos, pero que acaba dejando un cierto regusto amargo.<br \/>\nEstructurada en cinco libros, o partes, Isaac Jacob Blumenfeld nos descubre, a trav\u00e9s de su relativo vital, a personajes de gran inter\u00e9s. Menci\u00f3n especial merece su cu\u00f1ado, el rab\u00ed Bendavid, un aut\u00e9ntico pozo de sabidur\u00eda. Una sabidur\u00eda que \u00e9l tambi\u00e9n demuestra al final del libro, dejando para el lector una reflexi\u00f3n, no exenta tampoco de cierto humor: \u201cSi la vida nos ha sido dada, la hemos de vivir, no faltar\u00eda m\u00e1s\u201d.<br \/>\n\u201cEl Pentateuco de Isaac\u201d es el primer libro de una trilog\u00eda que el autor, Angel Wagenstein, dedic\u00f3 al destino de los jud\u00edos en el siglo XX en Europa y que se completa con \u201cLejos de Toledo\u201d (2001) y \u201cAdi\u00f3s, Shangai\u201d (2004).<\/p>\n<p style=\"text-align: right;\"><strong>Vicky Rodr\u00edguez<\/strong><\/p>\n<p style=\"text-align: right;\"><strong>Club de lectura de padres<\/strong><\/p>\n<p>&nbsp;<\/p>\n","protected":false},"excerpt":{"rendered":"<p>\u201cEl Pentateuco de Isaac\u201d de Angel Wagenstein Nada m\u00e1s abrir la novela del escritor b\u00falgaro Wagenstein ya nos damos cuenta<\/p>\n","protected":false},"author":1,"featured_media":4259,"comment_status":"open","ping_status":"open","sticky":false,"template":"","format":"standard","meta":{"jetpack_post_was_ever_published":false,"jetpack_publicize_message":"","jetpack_is_tweetstorm":false,"jetpack_publicize_feature_enabled":true,"jetpack_social_post_already_shared":true,"jetpack_social_options":{"image_generator_settings":{"template":"highway","enabled":false}}},"categories":[26,9],"tags":[],"jetpack_publicize_connections":[],"jetpack_featured_media_url":"https:\/\/i0.wp.com\/jesuitasburgos.es\/biblioteca\/wp-content\/uploads\/2018\/03\/Portada-Isaac.jpg?fit=359%2C564&ssl=1","jetpack_sharing_enabled":true,"jetpack_shortlink":"https:\/\/wp.me\/p5H2Oh-16F","jetpack-related-posts":[{"id":1927,"url":"https:\/\/jesuitasburgos.es\/biblioteca\/?p=1927","url_meta":{"origin":4257,"position":0},"title":"CLUB DE LECTURA","date":"28 mayo, 2014","format":false,"excerpt":"El club de lectura va creciendo en miembros, actividades, en calidad de lecturas y comentarios. Hoy es Vicky quien nos deleita coment\u00e1ndonos uno de los libros que hemos le\u00eddo. Gracias por tus aportaciones. El \u00faltimo d\u00eda de mi vida, Marcial Izquierdo. Y EL PRIMERO DE SU NUEVA VIDA\u2026 Marcial Izquierdo\u2026","rel":"","context":"En \u00abAlumnos\u00bb","img":{"alt_text":"","src":"","width":0,"height":0},"classes":[]},{"id":5159,"url":"https:\/\/jesuitasburgos.es\/biblioteca\/?p=5159","url_meta":{"origin":4257,"position":1},"title":"\u00abUn lugar para la esperanza\u00bb, de Camron Wright","date":"3 octubre, 2022","format":false,"excerpt":"A todo el mundo le gusta vivir aventuras, siempre que terminen bien. Aunque por c\u00f3mo est\u00e1 editada y las fotograf\u00edas que aparecen podr\u00eda parecer basada en hechos reales, esto no es as\u00ed. El relato es todo inventado si bien los protagonistas son reales. Es decir, el autor tom\u00f3 \u201cprestado\u201d parte\u2026","rel":"","context":"En \u00abAlumnos\u00bb","img":{"alt_text":"","src":"https:\/\/i0.wp.com\/jesuitasburgos.es\/biblioteca\/wp-content\/uploads\/2022\/10\/unlugarparalaesperanza-e1664782190538.jpg?fit=1200%2C1196&ssl=1&resize=350%2C200","width":350,"height":200},"classes":[]},{"id":5168,"url":"https:\/\/jesuitasburgos.es\/biblioteca\/?p=5168","url_meta":{"origin":4257,"position":2},"title":"\u00abEnemigos &#8211; Una historia de amor\u00bb, de Isaac Beshevis Singer","date":"17 enero, 2023","format":false,"excerpt":"\u201cTodav\u00eda sigues escondido en el henil. Eso es lo que pasa\u201d. Esta frase, que le dice Masha a su amante-novio, Herman Broder, da la clave de la personalidad del protagonista de la novela. Esta novela, que habla de la relaci\u00f3n de mentiras e infidelidades de un tri\u00e1ngulo que pronto se\u2026","rel":"","context":"En \u00abClub de lectura\u00bb","img":{"alt_text":"","src":"https:\/\/i0.wp.com\/jesuitasburgos.es\/biblioteca\/wp-content\/uploads\/2023\/01\/enemigos-e1673943401626.jpg?fit=278%2C396&ssl=1&resize=350%2C200","width":350,"height":200},"classes":[]},{"id":2082,"url":"https:\/\/jesuitasburgos.es\/biblioteca\/?p=2082","url_meta":{"origin":4257,"position":3},"title":"LO QUE EL D\u00cdA DEBE A LA NOCHE de  Yasmina Khadra","date":"23 noviembre, 2014","format":false,"excerpt":"Contada en primera persona, este relato intimista que el escrito argelino Mohammed Moulessehoul nos cuenta bajo el pseud\u00f3nimo femenino de Yasmina Khadra, nos ha emocionado. Y es que por sus p\u00e1ginas fluyen los sentimientos, las contradicciones, el amor y el desamor\u2026 Esta novela, que no nos ha dejado indiferentes, es\u2026","rel":"","context":"En \u00abClub de lectura\u00bb","img":{"alt_text":"","src":"","width":0,"height":0},"classes":[]},{"id":2977,"url":"https:\/\/jesuitasburgos.es\/biblioteca\/?p=2977","url_meta":{"origin":4257,"position":4},"title":"El olvido que seremos, por Vicky Rodr\u00edguez","date":"24 junio, 2015","format":false,"excerpt":"\u201cEl olvido que seremos\u201d, H\u00e9ctor Abad Faciolince Con este t\u00edtulo tan sugerente, el escritor colombiano H\u00e9ctor Abad Faciolince construye una novela que es m\u00e1s bien un relato autobiogr\u00e1fico centrado en la figura de su padre, el doctor H\u00e9ctor Abad, asesinado por un sicario en el centro de Medell\u00edn el 25\u2026","rel":"","context":"En \u00abClub de lectura\u00bb","img":{"alt_text":"","src":"https:\/\/i0.wp.com\/jesuitasburgos.es\/biblioteca\/wp-content\/uploads\/2015\/06\/444.png?fit=800%2C445&ssl=1&resize=350%2C200","width":350,"height":200},"classes":[]},{"id":3768,"url":"https:\/\/jesuitasburgos.es\/biblioteca\/?p=3768","url_meta":{"origin":4257,"position":5},"title":"Los caf\u00e9s de la orquesta, por Victoria Rodr\u00edguez. Club de lectura de adultos","date":"12 abril, 2017","format":false,"excerpt":"Se abre el tel\u00f3n. Aparece un escenario con sillas y atriles vac\u00edos. Se cierra el tel\u00f3n. Se vuelve a abrir el tel\u00f3n. Aparecen m\u00fasicos de orquesta en la pausa de un ensayo, hablando entre ellos mientras la estancia se inunda de un c\u00e1lido olor a caf\u00e9 reci\u00e9n hecho. Se cierra\u2026","rel":"","context":"En \u00abClub de lectura\u00bb","img":{"alt_text":"","src":"https:\/\/i0.wp.com\/jesuitasburgos.es\/biblioteca\/wp-content\/uploads\/2017\/04\/144783_1.jpg?fit=740%2C1200&ssl=1&resize=350%2C200","width":350,"height":200},"classes":[]}],"jetpack_likes_enabled":true,"_links":{"self":[{"href":"https:\/\/jesuitasburgos.es\/biblioteca\/index.php?rest_route=\/wp\/v2\/posts\/4257"}],"collection":[{"href":"https:\/\/jesuitasburgos.es\/biblioteca\/index.php?rest_route=\/wp\/v2\/posts"}],"about":[{"href":"https:\/\/jesuitasburgos.es\/biblioteca\/index.php?rest_route=\/wp\/v2\/types\/post"}],"author":[{"embeddable":true,"href":"https:\/\/jesuitasburgos.es\/biblioteca\/index.php?rest_route=\/wp\/v2\/users\/1"}],"replies":[{"embeddable":true,"href":"https:\/\/jesuitasburgos.es\/biblioteca\/index.php?rest_route=%2Fwp%2Fv2%2Fcomments&post=4257"}],"version-history":[{"count":6,"href":"https:\/\/jesuitasburgos.es\/biblioteca\/index.php?rest_route=\/wp\/v2\/posts\/4257\/revisions"}],"predecessor-version":[{"id":4266,"href":"https:\/\/jesuitasburgos.es\/biblioteca\/index.php?rest_route=\/wp\/v2\/posts\/4257\/revisions\/4266"}],"wp:featuredmedia":[{"embeddable":true,"href":"https:\/\/jesuitasburgos.es\/biblioteca\/index.php?rest_route=\/wp\/v2\/media\/4259"}],"wp:attachment":[{"href":"https:\/\/jesuitasburgos.es\/biblioteca\/index.php?rest_route=%2Fwp%2Fv2%2Fmedia&parent=4257"}],"wp:term":[{"taxonomy":"category","embeddable":true,"href":"https:\/\/jesuitasburgos.es\/biblioteca\/index.php?rest_route=%2Fwp%2Fv2%2Fcategories&post=4257"},{"taxonomy":"post_tag","embeddable":true,"href":"https:\/\/jesuitasburgos.es\/biblioteca\/index.php?rest_route=%2Fwp%2Fv2%2Ftags&post=4257"}],"curies":[{"name":"wp","href":"https:\/\/api.w.org\/{rel}","templated":true}]}}