{"id":283,"date":"2012-12-07T02:27:00","date_gmt":"2012-12-07T02:27:00","guid":{"rendered":"http:\/\/jesuitasburgos.es\/biblioteca\/?p=283"},"modified":"2012-12-07T02:27:00","modified_gmt":"2012-12-07T02:27:00","slug":"poema-de-cristina-ballesteros","status":"publish","type":"post","link":"https:\/\/jesuitasburgos.es\/biblioteca\/?p=283","title":{"rendered":"POEMA DE CRISTINA BALLESTEROS"},"content":{"rendered":"<p><b>Cristina Ballesteros es exalumna del colegio Jesuitas. Ahora mismo est\u00e1 estudiando el grado de Lengua y Literatura en la UBU. Ha decidido colaborar en nuestro blog porque tiene dos \u00abdefectos\u00bb muy confesables: leer y escribir. Iremos publicando poco a poco algunos de sus poemas-reflexiones. Los que hemos tenido la suerte de tenerla como alumna podemos decir que es una mujer de \u00abletras tomar\u00bb. <\/b><\/p>\n<p><b>Pod\u00e9is seguir el blog de Cristina en www.pisonoveno.blogspot.com.es. <\/b><br \/><span><br \/><\/span><span><br \/><\/span><\/p>\n<div><span><span><span>El rumor del estadio<\/span><\/span><\/span><\/div>\n<div><span><span><span>tras los goles.<\/span><\/span><\/span><\/div>\n<div><span><br \/><\/span><\/div>\n<div><span><span><span>El silencio de los golpes<\/span><\/span><\/span><\/div>\n<div><span><span><span>de raquetas.<\/span><\/span><\/span><\/div>\n<div><span><br \/><\/span><\/div>\n<div><span><span><span>La corriente<\/span><\/span><\/span><\/div>\n<div><span><span><span>que generan las brazadas.<\/span><\/span><\/span><\/div>\n<div><span><br \/><\/span><\/div>\n<div><span><span><span>El susurro del aro<\/span><\/span><\/span><\/div>\n<div><span><span><span>en el \u00faltimo segundo.<\/span><\/span><\/span><\/div>\n<div><span><br \/><\/span><\/div>\n<div><span><span><span>Las pisadas aceleradas<\/span><\/span><\/span><\/div>\n<div><span><span><span>en la elipse.<\/span><\/span><\/span><\/div>\n<div><span><br \/><\/span><\/div>\n<div><span><span><span>La velocidad de conductores<\/span><\/span><\/span><\/div>\n<div><span><span><span>invisibles a los ojos.<\/span><\/span><\/span><\/div>\n<div><span><br \/><\/span><\/div>\n<div><span><span><span>El viento que empuja<\/span><\/span><\/span><\/div>\n<div><span><span><span>las s\u00e1banas del mar.<\/span><\/span><\/span><\/div>\n<div><span><br \/><\/span><\/div>\n<div><span><span><span>Los gritos de la afici\u00f3n\u00a0<\/span><\/span><\/span><\/div>\n<div><span><span><span>por la aflicci\u00f3n de la derrota.<\/span><\/span><\/span><\/div>\n<div><span><br \/><\/span><\/div>\n<div><span><span><span>La seducci\u00f3n indolora<\/span><\/span><\/span><\/div>\n<div><span><span><span>de la victoria merecida.<\/span><\/span><\/span><\/div>\n<div><span><br \/><\/span><\/div>\n<div><span><span><span>El color de los ojos,<\/span><\/span><\/span><\/div>\n<div><span><span><span>la raz\u00f3n de las pasiones.<\/span><\/span><\/span><\/div>\n<div><span><br \/><\/span><\/div>\n<div><span><span><span>La luz blanca\u00a0<\/span><\/span><\/span><\/div>\n<div><span><span><span>que enciende las noches.<\/span><\/span><\/span><\/div>\n<div><span><br \/><\/span><\/div>\n<div><span><span><span>La chispa de la vida,<\/span><\/span><\/span><\/div>\n<div><span><span><span>el fuego, el deporte.<\/span><\/span><\/span><\/div>\n<div><\/div>\n","protected":false},"excerpt":{"rendered":"<p>Cristina Ballesteros es exalumna del colegio Jesuitas. Ahora mismo est\u00e1 estudiando el grado de Lengua y Literatura en la UBU.<\/p>\n","protected":false},"author":1,"featured_media":0,"comment_status":"open","ping_status":"open","sticky":false,"template":"","format":"standard","meta":{"jetpack_post_was_ever_published":false,"jetpack_publicize_message":"","jetpack_is_tweetstorm":false,"jetpack_publicize_feature_enabled":true,"jetpack_social_post_already_shared":false,"jetpack_social_options":{"image_generator_settings":{"template":"highway","enabled":false}}},"categories":[5,22,29,40],"tags":[],"jetpack_publicize_connections":[],"jetpack_featured_media_url":"","jetpack_sharing_enabled":true,"jetpack_shortlink":"https:\/\/wp.me\/p5H2Oh-4z","jetpack-related-posts":[{"id":3941,"url":"https:\/\/jesuitasburgos.es\/biblioteca\/?p=3941","url_meta":{"origin":283,"position":0},"title":"Mi abismo perfecto. Cristina Ballesteros","date":"29 mayo, 2017","format":false,"excerpt":"El jueves 25 se present\u00f3 el libro Mi abismo Perfecto, escrito por Cristina Ballesteros, antigua alumna del colegio. Mi abismo perfecto es una obra po\u00e9tica que surge de la experiencia personal de la autora y que\u00a0ya se puede conseguir en librer\u00edas","rel":"","context":"En \u00abAntiguos alumnos\u00bb","img":{"alt_text":"","src":"https:\/\/i0.wp.com\/jesuitasburgos.es\/biblioteca\/wp-content\/uploads\/2017\/05\/151932_1.jpg?fit=800%2C649&ssl=1&resize=350%2C200","width":350,"height":200},"classes":[]},{"id":275,"url":"https:\/\/jesuitasburgos.es\/biblioteca\/?p=275","url_meta":{"origin":283,"position":1},"title":"M\u00c1S DE CRISTINA BALLESTEROS","date":"10 diciembre, 2012","format":false,"excerpt":"\u00a0Os dejamos aqu\u00ed dos breves poemas de Cristina para que los disfrut\u00e9is. NitratosNi trato de explicarteNi trato de entendermeNi trato contigoNi ser\u00eda capaz de tratar sin ti.\u00a0Estar\u00eda bien ralentizar el tiempo de vez en cuandopara fijarnos en los detalles.Cubiertos por la velocidad.Cubiertos por el fr\u00edo.Por la prisa.Podr\u00eda verte sonre\u00edr 30\u2026","rel":"","context":"En \u00abAntiguos alumnos\u00bb","img":{"alt_text":"","src":"","width":0,"height":0},"classes":[]},{"id":3901,"url":"https:\/\/jesuitasburgos.es\/biblioteca\/?p=3901","url_meta":{"origin":283,"position":2},"title":"Presentaci\u00f3n del libro \u00abMi abismo perfecto\u00bb","date":"17 mayo, 2017","format":false,"excerpt":"Estamos muy contentos de anunciaros que Cristina Ballesteros Gadea, antigua alumna del colegio presenta el pr\u00f3ximo jueves 25 su primer libro, titulado \"Mi abismo perfecto\" La cita, en la Sala Polis\u00f3n del Teatro Principal a las 19 horas. \u00a1Est\u00e1is todos invitados! \u00a0","rel":"","context":"En \u00abAntiguos alumnos\u00bb","img":{"alt_text":"","src":"https:\/\/i0.wp.com\/jesuitasburgos.es\/biblioteca\/wp-content\/uploads\/2017\/05\/Captura-de-pantalla-2017-05-17-a-las-19.36.01.png?fit=1200%2C574&ssl=1&resize=350%2C200","width":350,"height":200},"classes":[]},{"id":247,"url":"https:\/\/jesuitasburgos.es\/biblioteca\/?p=247","url_meta":{"origin":283,"position":3},"title":"EL AMOR por Cristina Ballesteros","date":"24 diciembre, 2012","format":false,"excerpt":"El amor es como colorear lo que no quieres. Est\u00e1 ah\u00ed, lo ves, siente que te habla y sientes que al hablar te dice algo que no quieres. Ni o\u00edr, ni ver. No te apetece saber que alg\u00fan d\u00eda tendr\u00e1s que amanecer. Y las s\u00e1banas seguir\u00e1n fr\u00edas aun habiendo empezado\u2026","rel":"","context":"En \u00abAntiguos alumnos\u00bb","img":{"alt_text":"","src":"","width":0,"height":0},"classes":[]},{"id":1890,"url":"https:\/\/jesuitasburgos.es\/biblioteca\/?p=1890","url_meta":{"origin":283,"position":4},"title":"CONCURSO DE MICRORRELATOS DE LAS FIESTAS DE JESUITAS","date":"12 mayo, 2014","format":false,"excerpt":"Este domingo por la ma\u00f1ana, despu\u00e9s de la misa en la iglesia de Jesuitas, se han entregado los premios del concurso de microrrelatos y tuits de las fiestas del colegio. Los ganadores han sido: Categor\u00eda A - Primaria : Nicol\u00e1s LLop Categor\u00eda B - Secundaria : Ana Porres Categor\u00eda C\u2026","rel":"","context":"En \u00abAlumnos\u00bb","img":{"alt_text":"","src":"","width":0,"height":0},"classes":[]},{"id":3400,"url":"https:\/\/jesuitasburgos.es\/biblioteca\/?p=3400","url_meta":{"origin":283,"position":5},"title":"Premios Nobel de Literatura","date":"11 enero, 2017","format":false,"excerpt":"Estamos preparando la biblioteca para acoger homenajes a los premios Nobel de Literatura ... \u00a1\u00a1Dentro de poco muchas m\u00e1s novedades!!","rel":"","context":"En \u00abD\u00eda de la Biblioteca\u00bb","img":{"alt_text":"","src":"https:\/\/i0.wp.com\/jesuitasburgos.es\/biblioteca\/wp-content\/uploads\/2017\/01\/Captura-de-pantalla-2017-01-11-a-las-21.15.46.png?fit=1000%2C1006&ssl=1&resize=350%2C200","width":350,"height":200},"classes":[]}],"jetpack_likes_enabled":true,"_links":{"self":[{"href":"https:\/\/jesuitasburgos.es\/biblioteca\/index.php?rest_route=\/wp\/v2\/posts\/283"}],"collection":[{"href":"https:\/\/jesuitasburgos.es\/biblioteca\/index.php?rest_route=\/wp\/v2\/posts"}],"about":[{"href":"https:\/\/jesuitasburgos.es\/biblioteca\/index.php?rest_route=\/wp\/v2\/types\/post"}],"author":[{"embeddable":true,"href":"https:\/\/jesuitasburgos.es\/biblioteca\/index.php?rest_route=\/wp\/v2\/users\/1"}],"replies":[{"embeddable":true,"href":"https:\/\/jesuitasburgos.es\/biblioteca\/index.php?rest_route=%2Fwp%2Fv2%2Fcomments&post=283"}],"version-history":[{"count":0,"href":"https:\/\/jesuitasburgos.es\/biblioteca\/index.php?rest_route=\/wp\/v2\/posts\/283\/revisions"}],"wp:attachment":[{"href":"https:\/\/jesuitasburgos.es\/biblioteca\/index.php?rest_route=%2Fwp%2Fv2%2Fmedia&parent=283"}],"wp:term":[{"taxonomy":"category","embeddable":true,"href":"https:\/\/jesuitasburgos.es\/biblioteca\/index.php?rest_route=%2Fwp%2Fv2%2Fcategories&post=283"},{"taxonomy":"post_tag","embeddable":true,"href":"https:\/\/jesuitasburgos.es\/biblioteca\/index.php?rest_route=%2Fwp%2Fv2%2Ftags&post=283"}],"curies":[{"name":"wp","href":"https:\/\/api.w.org\/{rel}","templated":true}]}}