{"id":2708,"date":"2015-04-15T08:52:17","date_gmt":"2015-04-15T08:52:17","guid":{"rendered":"http:\/\/jesuitasburgos.es\/biblioteca\/?p=2708"},"modified":"2015-04-15T08:52:17","modified_gmt":"2015-04-15T08:52:17","slug":"un-matrimonio-de-provincias-por-ana-porres","status":"publish","type":"post","link":"https:\/\/jesuitasburgos.es\/biblioteca\/?p=2708","title":{"rendered":"Un matrimonio de provincias, por Ana Porres"},"content":{"rendered":"<p>El pasado mes de marzo, justo antes de poner fin al segundo trimestre, en el club de lectura del colegio pudimos disfrutar de una entretenida sesi\u00f3n gracias al libro <em>Un matrimonio de provincias,<\/em> escrito por Marquesa Colombi.<\/p>\n<p>La obra, que transcurre en Italia durante el siglo XIX, refleja desde <img data-attachment-id=\"2709\" data-permalink=\"https:\/\/jesuitasburgos.es\/biblioteca\/?attachment_id=2709\" data-orig-file=\"https:\/\/i0.wp.com\/jesuitasburgos.es\/biblioteca\/wp-content\/uploads\/2015\/04\/1.jpg?fit=600%2C952&amp;ssl=1\" data-orig-size=\"600,952\" data-comments-opened=\"1\" data-image-meta=\"{&quot;aperture&quot;:&quot;0&quot;,&quot;credit&quot;:&quot;&quot;,&quot;camera&quot;:&quot;&quot;,&quot;caption&quot;:&quot;&quot;,&quot;created_timestamp&quot;:&quot;0&quot;,&quot;copyright&quot;:&quot;&quot;,&quot;focal_length&quot;:&quot;0&quot;,&quot;iso&quot;:&quot;0&quot;,&quot;shutter_speed&quot;:&quot;0&quot;,&quot;title&quot;:&quot;&quot;,&quot;orientation&quot;:&quot;0&quot;}\" data-image-title=\"1\" data-image-description=\"\" data-image-caption=\"\" data-medium-file=\"https:\/\/i0.wp.com\/jesuitasburgos.es\/biblioteca\/wp-content\/uploads\/2015\/04\/1.jpg?fit=189%2C300&amp;ssl=1\" data-large-file=\"https:\/\/i0.wp.com\/jesuitasburgos.es\/biblioteca\/wp-content\/uploads\/2015\/04\/1.jpg?fit=600%2C952&amp;ssl=1\" decoding=\"async\" loading=\"lazy\" class=\"  wp-image-2709 alignright\" src=\"https:\/\/i0.wp.com\/jesuitasburgos.es\/biblioteca\/wp-content\/uploads\/2015\/04\/1.jpg?resize=213%2C338\" alt=\"1\" width=\"213\" height=\"338\" srcset=\"https:\/\/i0.wp.com\/jesuitasburgos.es\/biblioteca\/wp-content\/uploads\/2015\/04\/1.jpg?w=600&amp;ssl=1 600w, https:\/\/i0.wp.com\/jesuitasburgos.es\/biblioteca\/wp-content\/uploads\/2015\/04\/1.jpg?resize=189%2C300&amp;ssl=1 189w\" sizes=\"(max-width: 213px) 100vw, 213px\" data-recalc-dims=\"1\" \/>un punto de vista ciertamente inocente la situaci\u00f3n de la mujer durante aquella \u00e9poca.<\/p>\n<p>Denza, la protagonista, proveniente de una familia humilde y educada estrictamente por su padre, ve truncadas todas sus ilusiones cuando, tras creerse una preciosa historia de amor con un importante var\u00f3n de su ciudad, su padre y madrastra conciertan su matrimonio con otro hombre, totalmente contrario a lo que ella desear\u00eda. El final es sencillo: conformismo y resignaci\u00f3n.<\/p>\n<p>La novela hace tambi\u00e9n una comparaci\u00f3n con el entorno m\u00e1s cercano de la joven, en concreto con sus primas, reflejando as\u00ed las diferencias abismales que hay entre unas y otras.<\/p>\n<p>Esta breve novela dio pie a un interesante debate sobre la situaci\u00f3n actual de las mujeres, donde, las que participamos, nos pudimos dar cuenta del gran recorrido que hemos realizado durante las \u00faltimas d\u00e9cadas y lo afortunadas que somos.<\/p>\n<p>Ana Porres Puente.<\/p>\n","protected":false},"excerpt":{"rendered":"<p>El pasado mes de marzo, justo antes de poner fin al segundo trimestre, en el club de lectura del colegio<\/p>\n","protected":false},"author":1,"featured_media":2709,"comment_status":"open","ping_status":"open","sticky":false,"template":"","format":"standard","meta":{"jetpack_post_was_ever_published":false,"jetpack_publicize_message":"","jetpack_is_tweetstorm":false,"jetpack_publicize_feature_enabled":true,"jetpack_social_post_already_shared":false,"jetpack_social_options":{"image_generator_settings":{"template":"highway","enabled":false}}},"categories":[26,12],"tags":[],"jetpack_publicize_connections":[],"jetpack_featured_media_url":"https:\/\/i0.wp.com\/jesuitasburgos.es\/biblioteca\/wp-content\/uploads\/2015\/04\/1.jpg?fit=600%2C952&ssl=1","jetpack_sharing_enabled":true,"jetpack_shortlink":"https:\/\/wp.me\/p5H2Oh-HG","jetpack-related-posts":[{"id":1638,"url":"https:\/\/jesuitasburgos.es\/biblioteca\/?p=1638","url_meta":{"origin":2708,"position":0},"title":"CLUB DE LECTURA por Vicky","date":"7 marzo, 2014","format":false,"excerpt":"Cinco horas con Mario de Miguel Delibes DE C\u00d3MO MENCHU NOS DESCUBRE A MARIO Y tambi\u00e9n de c\u00f3mo Menchu se descubre a s\u00ed misma a trav\u00e9s del mon\u00f3logo que mantiene con su marido de cuerpo presente en el velatorio de \u00e9ste. En la intimidad de este velatorio, con la noche\u2026","rel":"","context":"En \u00abClub de lectura\u00bb","img":{"alt_text":"","src":"","width":0,"height":0},"classes":[]},{"id":2977,"url":"https:\/\/jesuitasburgos.es\/biblioteca\/?p=2977","url_meta":{"origin":2708,"position":1},"title":"El olvido que seremos, por Vicky Rodr\u00edguez","date":"24 junio, 2015","format":false,"excerpt":"\u201cEl olvido que seremos\u201d, H\u00e9ctor Abad Faciolince Con este t\u00edtulo tan sugerente, el escritor colombiano H\u00e9ctor Abad Faciolince construye una novela que es m\u00e1s bien un relato autobiogr\u00e1fico centrado en la figura de su padre, el doctor H\u00e9ctor Abad, asesinado por un sicario en el centro de Medell\u00edn el 25\u2026","rel":"","context":"En \u00abClub de lectura\u00bb","img":{"alt_text":"","src":"https:\/\/i0.wp.com\/jesuitasburgos.es\/biblioteca\/wp-content\/uploads\/2015\/06\/444.png?fit=800%2C445&ssl=1&resize=350%2C200","width":350,"height":200},"classes":[]},{"id":1768,"url":"https:\/\/jesuitasburgos.es\/biblioteca\/?p=1768","url_meta":{"origin":2708,"position":2},"title":"CLUB DE LECTURA -PRIMARIA CON Mayka","date":"5 abril, 2014","format":false,"excerpt":"CLUB DE LECTURA \u00a0\u00a0\u00a0\u00a0\u00a0\u00a0\u00a0\u00a0\u00a0\u00a0\u00a0 Los alumnos de 6\u00ba EPO han le\u00eddo \u201cLa vuelta al cole del peque\u00f1o Nicol\u00e1s\u201d. Su autor Ren\u00e9 Goscinny.\u00a0 Ilustrador Jean-Jacques Semp\u00e9. Editorial Alfaguara Infantil. \u00a0\u00a0\u00a0\u00a0\u00a0\u00a0\u00a0\u00a0\u00a0\u00a0\u00a0 Este libro consta de veintiocho relatos sobre el peque\u00f1o Nicol\u00e1s. Nicolas, el protagonista, es un chico de diez a\u00f1os que no\u2026","rel":"","context":"En \u00abAlumnos\u00bb","img":{"alt_text":"","src":"","width":0,"height":0},"classes":[]},{"id":2695,"url":"https:\/\/jesuitasburgos.es\/biblioteca\/?p=2695","url_meta":{"origin":2708,"position":3},"title":"Primavera con una esquina rota\u201d (Mario Benedetti)","date":"7 abril, 2015","format":false,"excerpt":"CLUB DE LECTURA - FEBRERO 2015 \u201cPrimavera con una esquina rota\u201d (Mario Benedetti) Es una preciosa novela que, bajo el trasfondo de la dictadura vivida en Uruguay durante los a\u00f1os 1973 a 1985, nos lleva a reflexionar sobre las relaciones entre familiares, amigos y c\u00f3mo afrontan la c\u00e1rcel y el\u2026","rel":"","context":"En \u00abRecomendaciones\u00bb","img":{"alt_text":"","src":"https:\/\/i0.wp.com\/jesuitasburgos.es\/biblioteca\/wp-content\/uploads\/2015\/04\/portada-primavera-una-esquina-rota_grande-01.jpg?fit=1200%2C1200&ssl=1&resize=350%2C200","width":350,"height":200},"classes":[]},{"id":2122,"url":"https:\/\/jesuitasburgos.es\/biblioteca\/?p=2122","url_meta":{"origin":2708,"position":4},"title":"CLUB DE LECTURA DE PRIMARIA","date":"11 diciembre, 2014","format":false,"excerpt":"Los alumnos de 5\u00ba EPO, durante el mes de noviembre, han le\u00eddo el libro \u201cCORAZ\u00d3N DE PIEDRA\u201d El autor es Agust\u00edn Fern\u00e1ndez Paz. Editorial Oxford. \u00a0\u00a0\u00a0\u00a0\u00a0\u00a0\u00a0\u00a0\u00a0\u00a0\u00a0 Es un relato que nos introduce en el maravilloso mundo de los dragones que en teor\u00eda est\u00e1n extinguidos, pero para Brenda, la protagonista del\u2026","rel":"","context":"En \u00abAlumnos\u00bb","img":{"alt_text":"","src":"https:\/\/i0.wp.com\/jesuitasburgos.es\/biblioteca\/wp-content\/uploads\/2014\/12\/historia-300x230.jpg?resize=350%2C200","width":350,"height":200},"classes":[]},{"id":1491,"url":"https:\/\/jesuitasburgos.es\/biblioteca\/?p=1491","url_meta":{"origin":2708,"position":5},"title":"CLUB DE LECTURA","date":"11 febrero, 2014","format":false,"excerpt":"\u00a0Marisol Olarte es una de las madres del colegio que forman parte del club de lectura de nuestra biblioteca. Decimos madres porque no hay ni un solo padre que pertenezca a \u00e9l. Imaginamos que, al leer esto, alguno se animar\u00e1... Damos las gracias a Marisol por este art\u00edculo, por compartir\u2026","rel":"","context":"En \u00abClub de lectura\u00bb","img":{"alt_text":"","src":"","width":0,"height":0},"classes":[]}],"jetpack_likes_enabled":true,"_links":{"self":[{"href":"https:\/\/jesuitasburgos.es\/biblioteca\/index.php?rest_route=\/wp\/v2\/posts\/2708"}],"collection":[{"href":"https:\/\/jesuitasburgos.es\/biblioteca\/index.php?rest_route=\/wp\/v2\/posts"}],"about":[{"href":"https:\/\/jesuitasburgos.es\/biblioteca\/index.php?rest_route=\/wp\/v2\/types\/post"}],"author":[{"embeddable":true,"href":"https:\/\/jesuitasburgos.es\/biblioteca\/index.php?rest_route=\/wp\/v2\/users\/1"}],"replies":[{"embeddable":true,"href":"https:\/\/jesuitasburgos.es\/biblioteca\/index.php?rest_route=%2Fwp%2Fv2%2Fcomments&post=2708"}],"version-history":[{"count":2,"href":"https:\/\/jesuitasburgos.es\/biblioteca\/index.php?rest_route=\/wp\/v2\/posts\/2708\/revisions"}],"predecessor-version":[{"id":2711,"href":"https:\/\/jesuitasburgos.es\/biblioteca\/index.php?rest_route=\/wp\/v2\/posts\/2708\/revisions\/2711"}],"wp:featuredmedia":[{"embeddable":true,"href":"https:\/\/jesuitasburgos.es\/biblioteca\/index.php?rest_route=\/wp\/v2\/media\/2709"}],"wp:attachment":[{"href":"https:\/\/jesuitasburgos.es\/biblioteca\/index.php?rest_route=%2Fwp%2Fv2%2Fmedia&parent=2708"}],"wp:term":[{"taxonomy":"category","embeddable":true,"href":"https:\/\/jesuitasburgos.es\/biblioteca\/index.php?rest_route=%2Fwp%2Fv2%2Fcategories&post=2708"},{"taxonomy":"post_tag","embeddable":true,"href":"https:\/\/jesuitasburgos.es\/biblioteca\/index.php?rest_route=%2Fwp%2Fv2%2Ftags&post=2708"}],"curies":[{"name":"wp","href":"https:\/\/api.w.org\/{rel}","templated":true}]}}