{"id":223,"date":"2013-01-14T00:35:00","date_gmt":"2013-01-14T00:35:00","guid":{"rendered":"http:\/\/jesuitasburgos.es\/biblioteca\/?p=223"},"modified":"2013-01-14T00:35:00","modified_gmt":"2013-01-14T00:35:00","slug":"callejeros-ortograficos-45","status":"publish","type":"post","link":"https:\/\/jesuitasburgos.es\/biblioteca\/?p=223","title":{"rendered":"CALLEJEROS ORTOGR\u00c1FICOS"},"content":{"rendered":"<table cellpadding=\"0\" cellspacing=\"0\">\n<tbody>\n<tr>\n<td><a href=\"https:\/\/i0.wp.com\/4.bp.blogspot.com\/-tIJqwWM06Jo\/UPNRYWpfAUI\/AAAAAAAAAwU\/K5ZXb9b4k1U\/s1600\/Contaje1.JPG\" imageanchor=\"1\"><img decoding=\"async\" loading=\"lazy\" border=\"0\" height=\"400\" src=\"https:\/\/i0.wp.com\/4.bp.blogspot.com\/-tIJqwWM06Jo\/UPNRYWpfAUI\/AAAAAAAAAwU\/K5ZXb9b4k1U\/s400\/Contaje1.JPG?resize=300%2C400\" width=\"300\"  data-recalc-dims=\"1\"><\/a><\/td>\n<\/tr>\n<tr>\n<td>Foto enviada por Eva Ruiz, <\/td>\n<\/tr>\n<\/tbody>\n<\/table>\n<p>Seguimos con el Ayuntamiento de Burgos y las bicicletas. Hay que tener cuidado con los paneles informativos porque pueden ocasionar distracciones, accidentes&#8230;<\/p>\n<p>RAE:<\/p>\n<p>\u00a0<span>La palabra <i><b>contaje<\/b><\/i> no est\u00e1 registrada en el Diccionario.<\/span><br \/><span>\u00a0 <\/span><\/p>\n<div><span><b>c\u00f3mputo<\/b><\/span><span><b>.<\/b><\/span><\/div>\n<div><span> (<a href=\"http:\/\/www.blogger.com\/blogger.g?blogID=8379197496232711797\">Del<\/a> <a href=\"http:\/\/www.blogger.com\/blogger.g?blogID=8379197496232711797\" title=\"lat\u00edn, latino o latina\">lat.<\/a> <i>comp\u016dtus<\/i>).<\/span><\/div>\n<div><a href=\"http:\/\/www.blogger.com\/blogger.g?blogID=8379197496232711797\" name=\"0_1\"> <\/a><span><b> 1.<\/b><\/span> <span title=\"nombre masculino\">m.<\/span><span> Cuenta o c\u00e1lculo.<\/span><\/div>\n<div><\/div>\n<div><span>Puede sonar mal, pero ser\u00eda lo correcto. <\/span><\/div>\n","protected":false},"excerpt":{"rendered":"<p>Foto enviada por Eva Ruiz, Seguimos con el Ayuntamiento de Burgos y las bicicletas. Hay que tener cuidado con los<\/p>\n","protected":false},"author":1,"featured_media":0,"comment_status":"open","ping_status":"open","sticky":false,"template":"","format":"standard","meta":{"jetpack_post_was_ever_published":false,"jetpack_publicize_message":"","jetpack_is_tweetstorm":false,"jetpack_publicize_feature_enabled":true,"jetpack_social_post_already_shared":false,"jetpack_social_options":{"image_generator_settings":{"template":"highway","enabled":false}}},"categories":[8,17,3,18,10],"tags":[],"jetpack_publicize_connections":[],"jetpack_featured_media_url":"","jetpack_sharing_enabled":true,"jetpack_shortlink":"https:\/\/wp.me\/p5H2Oh-3B","jetpack-related-posts":[{"id":45,"url":"https:\/\/jesuitasburgos.es\/biblioteca\/?p=45","url_meta":{"origin":223,"position":0},"title":"CALLEJEROS ORTOGR\u00c1FICOS","date":"4 junio, 2013","format":false,"excerpt":"Mar\u00eda \u00cd\u00f1igo se encontr\u00f3 con esta se\u00f1al en Fr\u00edas. Creemos que alguno de nuestros \"callejeros ortogr\u00e1ficos\" pas\u00f3 antes por el lugar e intent\u00f3 arreglar el desaguisado. Gracias, Mar\u00eda por colaborar.","rel":"","context":"En \u00abAlumnos\u00bb","img":{"alt_text":"","src":"https:\/\/i0.wp.com\/1.bp.blogspot.com\/-NNh75xhqDe8\/Ua02ds_ukMI\/AAAAAAAAB8M\/xjrq6m0exeo\/s400\/IMG-20130505-WA0000.jpg?resize=350%2C200","width":350,"height":200},"classes":[]},{"id":54,"url":"https:\/\/jesuitasburgos.es\/biblioteca\/?p=54","url_meta":{"origin":223,"position":1},"title":"CALLEJEROS ORTOGR\u00c1FICOS","date":"27 mayo, 2013","format":false,"excerpt":"Jairo P\u00e9rez, Pedro P\u00e9rez, Eduardo Torres y Pablo Melo son los callejeros ortogr\u00e1ficos que consiguieron estas fotos tras un breve paseo por nuestra ciudad. Denuncian con ellas la ausencia de tildes en los letreros. Gracias, chicos.","rel":"","context":"En \u00abAlumnos\u00bb","img":{"alt_text":"","src":"","width":0,"height":0},"classes":[]},{"id":105,"url":"https:\/\/jesuitasburgos.es\/biblioteca\/?p=105","url_meta":{"origin":223,"position":2},"title":"CALLEJEROS ORTOGR\u00c1FICOS","date":"14 abril, 2013","format":false,"excerpt":"Lo de las tildes en los r\u00f3tulos de nuestras calles es de juzgado de guardia. Podr\u00edamos empapelar todas las aulas del colegio con fotos como estas.Sara Portugal y Jairo Luis P\u00e9rez son los callejeros ortogr\u00e1ficos que han captado estas instant\u00e1neas.","rel":"","context":"En \u00abAlumnos\u00bb","img":{"alt_text":"","src":"https:\/\/i0.wp.com\/2.bp.blogspot.com\/-Zv19zgO04y0\/UWn7cx66IrI\/AAAAAAAABlk\/H5XBc79ezpE\/s320\/DSC_0028.jpg?resize=350%2C200","width":350,"height":200},"classes":[]},{"id":58,"url":"https:\/\/jesuitasburgos.es\/biblioteca\/?p=58","url_meta":{"origin":223,"position":3},"title":"CALLEJEROS ORTOGR\u00c1FICOS","date":"24 mayo, 2013","format":false,"excerpt":"Ignacio Mart\u00ednez nos env\u00eda estas fotograf\u00edas con diferentes errores. Gracias por colaborar.","rel":"","context":"En \u00abAlumnos\u00bb","img":{"alt_text":"","src":"https:\/\/i0.wp.com\/1.bp.blogspot.com\/-3FsBr0E4i34\/UZ64FSsMsNI\/AAAAAAAAB4U\/7jm4XpAN8tU\/s640\/Carniceria.JPG?resize=350%2C200","width":350,"height":200},"classes":[]},{"id":19,"url":"https:\/\/jesuitasburgos.es\/biblioteca\/?p=19","url_meta":{"origin":223,"position":4},"title":"CALLEJEROS ORTOGR\u00c1FICOS","date":"20 junio, 2013","format":false,"excerpt":"Carmen Sanju\u00e1n ha encontrado otro garaje afrancesado. Y en pleno Burgos.","rel":"","context":"En \u00abAlumnos\u00bb","img":{"alt_text":"","src":"https:\/\/i0.wp.com\/3.bp.blogspot.com\/-pxFLJycu3HQ\/UcJUXwUTK0I\/AAAAAAAACDU\/lQOE5mC6H0U\/s400\/Garage.jpg?resize=350%2C200","width":350,"height":200},"classes":[]},{"id":908,"url":"https:\/\/jesuitasburgos.es\/biblioteca\/?p=908","url_meta":{"origin":223,"position":5},"title":"CALLEJEROS ORTOGR\u00c1FICOS","date":"20 noviembre, 2013","format":false,"excerpt":"Fernando Campoamor nos vuelve a demostrar nuestro grave problema con tildes y may\u00fasculas. \u00a0 \u00a0 \u00a0 \u00a0 \u00a0","rel":"","context":"En \u00abAlumnos\u00bb","img":{"alt_text":"008 (1)","src":"https:\/\/i0.wp.com\/jesuitasburgos.es\/biblioteca\/wp-content\/uploads\/2013\/11\/008-1-1024x764.jpg?resize=350%2C200","width":350,"height":200},"classes":[]}],"jetpack_likes_enabled":true,"_links":{"self":[{"href":"https:\/\/jesuitasburgos.es\/biblioteca\/index.php?rest_route=\/wp\/v2\/posts\/223"}],"collection":[{"href":"https:\/\/jesuitasburgos.es\/biblioteca\/index.php?rest_route=\/wp\/v2\/posts"}],"about":[{"href":"https:\/\/jesuitasburgos.es\/biblioteca\/index.php?rest_route=\/wp\/v2\/types\/post"}],"author":[{"embeddable":true,"href":"https:\/\/jesuitasburgos.es\/biblioteca\/index.php?rest_route=\/wp\/v2\/users\/1"}],"replies":[{"embeddable":true,"href":"https:\/\/jesuitasburgos.es\/biblioteca\/index.php?rest_route=%2Fwp%2Fv2%2Fcomments&post=223"}],"version-history":[{"count":0,"href":"https:\/\/jesuitasburgos.es\/biblioteca\/index.php?rest_route=\/wp\/v2\/posts\/223\/revisions"}],"wp:attachment":[{"href":"https:\/\/jesuitasburgos.es\/biblioteca\/index.php?rest_route=%2Fwp%2Fv2%2Fmedia&parent=223"}],"wp:term":[{"taxonomy":"category","embeddable":true,"href":"https:\/\/jesuitasburgos.es\/biblioteca\/index.php?rest_route=%2Fwp%2Fv2%2Fcategories&post=223"},{"taxonomy":"post_tag","embeddable":true,"href":"https:\/\/jesuitasburgos.es\/biblioteca\/index.php?rest_route=%2Fwp%2Fv2%2Ftags&post=223"}],"curies":[{"name":"wp","href":"https:\/\/api.w.org\/{rel}","templated":true}]}}