{"id":2132,"date":"2014-12-11T00:24:51","date_gmt":"2014-12-11T00:24:51","guid":{"rendered":"http:\/\/jesuitasburgos.es\/biblioteca\/?p=2132"},"modified":"2014-12-11T00:28:05","modified_gmt":"2014-12-11T00:28:05","slug":"marcapaginas-trimestre-literatura-de-viajes","status":"publish","type":"post","link":"https:\/\/jesuitasburgos.es\/biblioteca\/?p=2132","title":{"rendered":"MARCAP\u00c1GINAS &#8211; TRIMESTRE LITERATURA DE VIAJES"},"content":{"rendered":"<p>Bonito dise\u00f1o y mejor lema.<\/p>\n<p><a href=\"https:\/\/i0.wp.com\/jesuitasburgos.es\/biblioteca\/wp-content\/uploads\/2014\/12\/lubian2.jpg\"><img decoding=\"async\" loading=\"lazy\" class=\"aligncenter wp-image-2135 size-full\" src=\"https:\/\/i0.wp.com\/jesuitasburgos.es\/biblioteca\/wp-content\/uploads\/2014\/12\/lubian2.jpg?resize=800%2C218\" alt=\"lubian2\" width=\"800\" height=\"218\" data-recalc-dims=\"1\" \/><\/a><\/p>\n","protected":false},"excerpt":{"rendered":"<p>Bonito dise\u00f1o y mejor lema.<\/p>\n","protected":false},"author":1,"featured_media":0,"comment_status":"open","ping_status":"open","sticky":false,"template":"","format":"standard","meta":{"jetpack_post_was_ever_published":false,"jetpack_publicize_message":"","jetpack_is_tweetstorm":false,"jetpack_publicize_feature_enabled":true,"jetpack_social_post_already_shared":false,"jetpack_social_options":{"image_generator_settings":{"template":"highway","enabled":false}}},"categories":[8,60],"tags":[],"jetpack_publicize_connections":[],"jetpack_featured_media_url":"","jetpack_sharing_enabled":true,"jetpack_shortlink":"https:\/\/wp.me\/p5H2Oh-yo","jetpack-related-posts":[{"id":2174,"url":"https:\/\/jesuitasburgos.es\/biblioteca\/?p=2174","url_meta":{"origin":2132,"position":0},"title":"LA AVENTURA DE VIAJAR DE JAVIER REVERTE","date":"8 enero, 2015","format":false,"excerpt":"Continuamos con le trimestre de la Literatura de viajes. Hoy os recomendamos este magn\u00edfico libro de Javier Reverte. Disfrutadlo. Si algo define el estilo del periodista y escritor madrile\u00f1o Javier Reverte es su sencillez y capacidad de llegar a cualquier lector. Quiz\u00e1 haya sido su \u201ctrilog\u00eda de \u00c1frica\u201d la que\u2026","rel":"","context":"En \u00abAlumnos\u00bb","img":{"alt_text":"","src":"https:\/\/i0.wp.com\/jesuitasburgos.es\/biblioteca\/wp-content\/uploads\/2015\/01\/9788483465578_g.jpg?resize=350%2C200","width":350,"height":200},"classes":[]},{"id":2014,"url":"https:\/\/jesuitasburgos.es\/biblioteca\/?p=2014","url_meta":{"origin":2132,"position":1},"title":"TRIMESTRE LITERATURA DE VIAJES","date":"30 octubre, 2014","format":false,"excerpt":"Hoy, mi\u00e9rcoles 29 de octubre, hemos realizado un acto de inauguraci\u00f3n del curso de biblioteca. NO pudimos celebrarlo en el D\u00eda de las Bibliotecas Escolares. Fran del Hoyo - padre del colegio que ha dise\u00f1ado el mural de la biblioteca- ha le\u00eddo el preg\u00f3n. Alumnos de 1\u00ba de Bachillerato han\u2026","rel":"","context":"En \u00abAlumnos\u00bb","img":{"alt_text":"posterliteraturaviajes","src":"https:\/\/i0.wp.com\/jesuitasburgos.es\/biblioteca\/wp-content\/uploads\/2014\/10\/posterliteraturaviajes-723x1024.jpg?resize=350%2C200","width":350,"height":200},"classes":[]},{"id":2103,"url":"https:\/\/jesuitasburgos.es\/biblioteca\/?p=2103","url_meta":{"origin":2132,"position":2},"title":"CONCURSO TRIMESTRE LITERATURA DE VIAJES por Pedro P\u00e9rez Sancho","date":"1 diciembre, 2014","format":false,"excerpt":"Pedro, uno de los m\u00e1s activos participantes de nuestro blog, nos env\u00eda este power point a modo de concurso. Respuestas a bibliotecajesuitasburgos@gmail.com \u00a1\u00c1nimo! Habr\u00e1 premios. Much\u00edsimas gracias, Pedro. \u00a0","rel":"","context":"En \u00abAlumnos\u00bb","img":{"alt_text":"","src":"","width":0,"height":0},"classes":[]},{"id":2196,"url":"https:\/\/jesuitasburgos.es\/biblioteca\/?p=2196","url_meta":{"origin":2132,"position":3},"title":"FOMENTANDO LA LECTURA","date":"14 enero, 2015","format":"video","excerpt":"Iv\u00e1n Corral de 4\u00ba de ESO ha realizado este v\u00eddeo para fomentar la lectura entre los alumnos de nuestro colegio. Esta actividad forma parte de una de las tareas competenciales de la asignatura de Lengua y Literatura de 4\u00ba. \u00a1Enhorabuena, Iv\u00e1n!","rel":"","context":"En \u00abAlumnos\u00bb","img":{"alt_text":"","src":"https:\/\/i0.wp.com\/jesuitasburgos.es\/biblioteca\/wp-content\/uploads\/2015\/01\/fomenta1.png?fit=1200%2C609&ssl=1&resize=350%2C200","width":350,"height":200},"classes":[]},{"id":2192,"url":"https:\/\/jesuitasburgos.es\/biblioteca\/?p=2192","url_meta":{"origin":2132,"position":4},"title":"RETO TRIMESTRE LITERATURA VIAJES","date":"13 enero, 2015","format":false,"excerpt":"Deb\u00e9is emparejar las dos partes correctas del refr\u00e1n. \u00a1\u00c1nimo! Soluciones a bibliotecajesuitasburgos@gmail.com REFRANES DESPAREJADOS 1 ____Camino de Santiago: 2 ____Cuando gu\u00edan los ciegos, 3 ____ El buen vino 4 ____ En camino largo, 5 ____ En largos caminos 6 ____ Mal haya el romero que 7 ____ M\u00e1s vale camino\u2026","rel":"","context":"En \u00abAlumnos\u00bb","img":{"alt_text":"","src":"","width":0,"height":0},"classes":[]},{"id":2301,"url":"https:\/\/jesuitasburgos.es\/biblioteca\/?p=2301","url_meta":{"origin":2132,"position":5},"title":"\u201cLa Odisea\u201d, de Homero, por Andrea Modrego e Isabel Reguera","date":"4 febrero, 2015","format":false,"excerpt":"Somos Andrea Modrego e Isabel Reguera, de las secciones de 4\u00ba de Secundaria. Nuestros profesores saben que nos encanta dibujar y leer. Como estamos celebrando el trimestre tem\u00e1tico dedicado a la literatura\u00a0 y a los viajes, nos pidieron que pens\u00e1ramos en unir arte y literatura en un mural. Escogimos las\u2026","rel":"","context":"En \u00abAlumnos\u00bb","img":{"alt_text":"","src":"https:\/\/i0.wp.com\/jesuitasburgos.es\/biblioteca\/wp-content\/uploads\/2015\/02\/IMG_20150203_134054-copia.jpg?fit=1200%2C427&ssl=1&resize=350%2C200","width":350,"height":200},"classes":[]}],"jetpack_likes_enabled":true,"_links":{"self":[{"href":"https:\/\/jesuitasburgos.es\/biblioteca\/index.php?rest_route=\/wp\/v2\/posts\/2132"}],"collection":[{"href":"https:\/\/jesuitasburgos.es\/biblioteca\/index.php?rest_route=\/wp\/v2\/posts"}],"about":[{"href":"https:\/\/jesuitasburgos.es\/biblioteca\/index.php?rest_route=\/wp\/v2\/types\/post"}],"author":[{"embeddable":true,"href":"https:\/\/jesuitasburgos.es\/biblioteca\/index.php?rest_route=\/wp\/v2\/users\/1"}],"replies":[{"embeddable":true,"href":"https:\/\/jesuitasburgos.es\/biblioteca\/index.php?rest_route=%2Fwp%2Fv2%2Fcomments&post=2132"}],"version-history":[{"count":2,"href":"https:\/\/jesuitasburgos.es\/biblioteca\/index.php?rest_route=\/wp\/v2\/posts\/2132\/revisions"}],"predecessor-version":[{"id":2136,"href":"https:\/\/jesuitasburgos.es\/biblioteca\/index.php?rest_route=\/wp\/v2\/posts\/2132\/revisions\/2136"}],"wp:attachment":[{"href":"https:\/\/jesuitasburgos.es\/biblioteca\/index.php?rest_route=%2Fwp%2Fv2%2Fmedia&parent=2132"}],"wp:term":[{"taxonomy":"category","embeddable":true,"href":"https:\/\/jesuitasburgos.es\/biblioteca\/index.php?rest_route=%2Fwp%2Fv2%2Fcategories&post=2132"},{"taxonomy":"post_tag","embeddable":true,"href":"https:\/\/jesuitasburgos.es\/biblioteca\/index.php?rest_route=%2Fwp%2Fv2%2Ftags&post=2132"}],"curies":[{"name":"wp","href":"https:\/\/api.w.org\/{rel}","templated":true}]}}