{"id":1834,"date":"2014-05-10T22:56:02","date_gmt":"2014-05-10T22:56:02","guid":{"rendered":"http:\/\/jesuitasburgos.es\/biblioteca\/?p=1834"},"modified":"2014-05-05T22:59:43","modified_gmt":"2014-05-05T22:59:43","slug":"callejeros-ortograficos-123","status":"publish","type":"post","link":"https:\/\/jesuitasburgos.es\/biblioteca\/?p=1834","title":{"rendered":"CALLEJEROS ORTOGR\u00c1FICOS"},"content":{"rendered":"<p>Alejandro G\u00fcemes tambi\u00e9n se ha dado cuenta de lo de las tildes.<\/p>\n<p><a href=\"https:\/\/i0.wp.com\/jesuitasburgos.es\/biblioteca\/wp-content\/uploads\/2014\/05\/CAM00125.jpg\"><img data-attachment-id=\"1835\" data-permalink=\"https:\/\/jesuitasburgos.es\/biblioteca\/?attachment_id=1835\" data-orig-file=\"https:\/\/i0.wp.com\/jesuitasburgos.es\/biblioteca\/wp-content\/uploads\/2014\/05\/CAM00125.jpg?fit=2560%2C1920&amp;ssl=1\" data-orig-size=\"2560,1920\" data-comments-opened=\"1\" data-image-meta=\"{&quot;aperture&quot;:&quot;2.8&quot;,&quot;credit&quot;:&quot;&quot;,&quot;camera&quot;:&quot;LG-E460&quot;,&quot;caption&quot;:&quot;&quot;,&quot;created_timestamp&quot;:&quot;1391455545&quot;,&quot;copyright&quot;:&quot;&quot;,&quot;focal_length&quot;:&quot;3.5&quot;,&quot;iso&quot;:&quot;600&quot;,&quot;shutter_speed&quot;:&quot;0.1&quot;,&quot;title&quot;:&quot;&quot;}\" data-image-title=\"CAM00125\" data-image-description=\"\" data-image-caption=\"\" data-medium-file=\"https:\/\/i0.wp.com\/jesuitasburgos.es\/biblioteca\/wp-content\/uploads\/2014\/05\/CAM00125.jpg?fit=300%2C225&amp;ssl=1\" data-large-file=\"https:\/\/i0.wp.com\/jesuitasburgos.es\/biblioteca\/wp-content\/uploads\/2014\/05\/CAM00125.jpg?fit=800%2C600&amp;ssl=1\" decoding=\"async\" loading=\"lazy\" class=\"aligncenter size-large wp-image-1835\" src=\"https:\/\/i0.wp.com\/jesuitasburgos.es\/biblioteca\/wp-content\/uploads\/2014\/05\/CAM00125.jpg?resize=800%2C600\" alt=\"CAM00125\" width=\"800\" height=\"600\" srcset=\"https:\/\/i0.wp.com\/jesuitasburgos.es\/biblioteca\/wp-content\/uploads\/2014\/05\/CAM00125.jpg?resize=1024%2C768&amp;ssl=1 1024w, https:\/\/i0.wp.com\/jesuitasburgos.es\/biblioteca\/wp-content\/uploads\/2014\/05\/CAM00125.jpg?resize=300%2C225&amp;ssl=1 300w, https:\/\/i0.wp.com\/jesuitasburgos.es\/biblioteca\/wp-content\/uploads\/2014\/05\/CAM00125.jpg?w=1600 1600w, https:\/\/i0.wp.com\/jesuitasburgos.es\/biblioteca\/wp-content\/uploads\/2014\/05\/CAM00125.jpg?w=2400 2400w\" sizes=\"(max-width: 800px) 100vw, 800px\" data-recalc-dims=\"1\" \/><\/a> <a href=\"https:\/\/i0.wp.com\/jesuitasburgos.es\/biblioteca\/wp-content\/uploads\/2014\/05\/CAM00126.jpg\"><img data-attachment-id=\"1836\" data-permalink=\"https:\/\/jesuitasburgos.es\/biblioteca\/?attachment_id=1836\" data-orig-file=\"https:\/\/i0.wp.com\/jesuitasburgos.es\/biblioteca\/wp-content\/uploads\/2014\/05\/CAM00126.jpg?fit=2560%2C1920&amp;ssl=1\" data-orig-size=\"2560,1920\" data-comments-opened=\"1\" data-image-meta=\"{&quot;aperture&quot;:&quot;2.8&quot;,&quot;credit&quot;:&quot;&quot;,&quot;camera&quot;:&quot;LG-E460&quot;,&quot;caption&quot;:&quot;&quot;,&quot;created_timestamp&quot;:&quot;1391455557&quot;,&quot;copyright&quot;:&quot;&quot;,&quot;focal_length&quot;:&quot;3.5&quot;,&quot;iso&quot;:&quot;377&quot;,&quot;shutter_speed&quot;:&quot;0.060007&quot;,&quot;title&quot;:&quot;&quot;}\" data-image-title=\"CAM00126\" data-image-description=\"\" data-image-caption=\"\" data-medium-file=\"https:\/\/i0.wp.com\/jesuitasburgos.es\/biblioteca\/wp-content\/uploads\/2014\/05\/CAM00126.jpg?fit=300%2C225&amp;ssl=1\" data-large-file=\"https:\/\/i0.wp.com\/jesuitasburgos.es\/biblioteca\/wp-content\/uploads\/2014\/05\/CAM00126.jpg?fit=800%2C600&amp;ssl=1\" decoding=\"async\" loading=\"lazy\" class=\"aligncenter size-large wp-image-1836\" src=\"https:\/\/i0.wp.com\/jesuitasburgos.es\/biblioteca\/wp-content\/uploads\/2014\/05\/CAM00126.jpg?resize=800%2C600\" alt=\"CAM00126\" width=\"800\" height=\"600\" srcset=\"https:\/\/i0.wp.com\/jesuitasburgos.es\/biblioteca\/wp-content\/uploads\/2014\/05\/CAM00126.jpg?resize=1024%2C768&amp;ssl=1 1024w, https:\/\/i0.wp.com\/jesuitasburgos.es\/biblioteca\/wp-content\/uploads\/2014\/05\/CAM00126.jpg?resize=300%2C225&amp;ssl=1 300w, https:\/\/i0.wp.com\/jesuitasburgos.es\/biblioteca\/wp-content\/uploads\/2014\/05\/CAM00126.jpg?w=1600 1600w, https:\/\/i0.wp.com\/jesuitasburgos.es\/biblioteca\/wp-content\/uploads\/2014\/05\/CAM00126.jpg?w=2400 2400w\" sizes=\"(max-width: 800px) 100vw, 800px\" data-recalc-dims=\"1\" \/><\/a> <a href=\"https:\/\/i0.wp.com\/jesuitasburgos.es\/biblioteca\/wp-content\/uploads\/2014\/05\/CAM00127.jpg\"><img data-attachment-id=\"1837\" data-permalink=\"https:\/\/jesuitasburgos.es\/biblioteca\/?attachment_id=1837\" data-orig-file=\"https:\/\/i0.wp.com\/jesuitasburgos.es\/biblioteca\/wp-content\/uploads\/2014\/05\/CAM00127.jpg?fit=2560%2C1920&amp;ssl=1\" data-orig-size=\"2560,1920\" data-comments-opened=\"1\" data-image-meta=\"{&quot;aperture&quot;:&quot;2.8&quot;,&quot;credit&quot;:&quot;&quot;,&quot;camera&quot;:&quot;LG-E460&quot;,&quot;caption&quot;:&quot;&quot;,&quot;created_timestamp&quot;:&quot;1391455571&quot;,&quot;copyright&quot;:&quot;&quot;,&quot;focal_length&quot;:&quot;3.5&quot;,&quot;iso&quot;:&quot;675&quot;,&quot;shutter_speed&quot;:&quot;0.1&quot;,&quot;title&quot;:&quot;&quot;}\" data-image-title=\"CAM00127\" data-image-description=\"\" data-image-caption=\"\" data-medium-file=\"https:\/\/i0.wp.com\/jesuitasburgos.es\/biblioteca\/wp-content\/uploads\/2014\/05\/CAM00127.jpg?fit=300%2C225&amp;ssl=1\" data-large-file=\"https:\/\/i0.wp.com\/jesuitasburgos.es\/biblioteca\/wp-content\/uploads\/2014\/05\/CAM00127.jpg?fit=800%2C600&amp;ssl=1\" decoding=\"async\" loading=\"lazy\" class=\"aligncenter size-large wp-image-1837\" src=\"https:\/\/i0.wp.com\/jesuitasburgos.es\/biblioteca\/wp-content\/uploads\/2014\/05\/CAM00127.jpg?resize=800%2C600\" alt=\"CAM00127\" width=\"800\" height=\"600\" srcset=\"https:\/\/i0.wp.com\/jesuitasburgos.es\/biblioteca\/wp-content\/uploads\/2014\/05\/CAM00127.jpg?resize=1024%2C768&amp;ssl=1 1024w, https:\/\/i0.wp.com\/jesuitasburgos.es\/biblioteca\/wp-content\/uploads\/2014\/05\/CAM00127.jpg?resize=300%2C225&amp;ssl=1 300w, https:\/\/i0.wp.com\/jesuitasburgos.es\/biblioteca\/wp-content\/uploads\/2014\/05\/CAM00127.jpg?w=1600 1600w, https:\/\/i0.wp.com\/jesuitasburgos.es\/biblioteca\/wp-content\/uploads\/2014\/05\/CAM00127.jpg?w=2400 2400w\" sizes=\"(max-width: 800px) 100vw, 800px\" data-recalc-dims=\"1\" \/><\/a> <a href=\"https:\/\/i0.wp.com\/jesuitasburgos.es\/biblioteca\/wp-content\/uploads\/2014\/05\/CAM00128.jpg\"><img data-attachment-id=\"1838\" data-permalink=\"https:\/\/jesuitasburgos.es\/biblioteca\/?attachment_id=1838\" data-orig-file=\"https:\/\/i0.wp.com\/jesuitasburgos.es\/biblioteca\/wp-content\/uploads\/2014\/05\/CAM00128.jpg?fit=2560%2C1920&amp;ssl=1\" data-orig-size=\"2560,1920\" data-comments-opened=\"1\" data-image-meta=\"{&quot;aperture&quot;:&quot;2.8&quot;,&quot;credit&quot;:&quot;&quot;,&quot;camera&quot;:&quot;LG-E460&quot;,&quot;caption&quot;:&quot;&quot;,&quot;created_timestamp&quot;:&quot;1391455580&quot;,&quot;copyright&quot;:&quot;&quot;,&quot;focal_length&quot;:&quot;3.5&quot;,&quot;iso&quot;:&quot;307&quot;,&quot;shutter_speed&quot;:&quot;0.060007&quot;,&quot;title&quot;:&quot;&quot;}\" data-image-title=\"CAM00128\" data-image-description=\"\" data-image-caption=\"\" data-medium-file=\"https:\/\/i0.wp.com\/jesuitasburgos.es\/biblioteca\/wp-content\/uploads\/2014\/05\/CAM00128.jpg?fit=300%2C225&amp;ssl=1\" data-large-file=\"https:\/\/i0.wp.com\/jesuitasburgos.es\/biblioteca\/wp-content\/uploads\/2014\/05\/CAM00128.jpg?fit=800%2C600&amp;ssl=1\" decoding=\"async\" loading=\"lazy\" class=\"aligncenter size-large wp-image-1838\" src=\"https:\/\/i0.wp.com\/jesuitasburgos.es\/biblioteca\/wp-content\/uploads\/2014\/05\/CAM00128.jpg?resize=800%2C600\" alt=\"CAM00128\" width=\"800\" height=\"600\" srcset=\"https:\/\/i0.wp.com\/jesuitasburgos.es\/biblioteca\/wp-content\/uploads\/2014\/05\/CAM00128.jpg?resize=1024%2C768&amp;ssl=1 1024w, https:\/\/i0.wp.com\/jesuitasburgos.es\/biblioteca\/wp-content\/uploads\/2014\/05\/CAM00128.jpg?resize=300%2C225&amp;ssl=1 300w, https:\/\/i0.wp.com\/jesuitasburgos.es\/biblioteca\/wp-content\/uploads\/2014\/05\/CAM00128.jpg?w=1600 1600w, https:\/\/i0.wp.com\/jesuitasburgos.es\/biblioteca\/wp-content\/uploads\/2014\/05\/CAM00128.jpg?w=2400 2400w\" sizes=\"(max-width: 800px) 100vw, 800px\" data-recalc-dims=\"1\" \/><\/a><\/p>\n<p>&nbsp;<\/p>\n","protected":false},"excerpt":{"rendered":"<p>Alejandro G\u00fcemes tambi\u00e9n se ha dado cuenta de lo de las tildes. &nbsp;<\/p>\n","protected":false},"author":1,"featured_media":0,"comment_status":"open","ping_status":"open","sticky":false,"template":"","format":"standard","meta":{"jetpack_post_was_ever_published":false,"jetpack_publicize_message":"","jetpack_is_tweetstorm":false,"jetpack_publicize_feature_enabled":true,"jetpack_social_post_already_shared":false,"jetpack_social_options":{"image_generator_settings":{"template":"highway","enabled":false}}},"categories":[8,3,18],"tags":[],"jetpack_publicize_connections":[],"jetpack_featured_media_url":"","jetpack_sharing_enabled":true,"jetpack_shortlink":"https:\/\/wp.me\/p5H2Oh-tA","jetpack-related-posts":[{"id":1713,"url":"https:\/\/jesuitasburgos.es\/biblioteca\/?p=1713","url_meta":{"origin":1834,"position":0},"title":"CALLEJEROS ORTOGR\u00c1FICOS","date":"19 marzo, 2014","format":false,"excerpt":"Alejandro G\u00fcemes quiere que busquemos la \"soluci\u00f3n\" y las tildes que faltan...","rel":"","context":"En \u00abAlumnos\u00bb","img":{"alt_text":"IMG-20140122-WA0026","src":"https:\/\/i0.wp.com\/jesuitasburgos.es\/biblioteca\/wp-content\/uploads\/2014\/03\/IMG-20140122-WA0026.jpg?resize=350%2C200","width":350,"height":200},"classes":[]},{"id":1241,"url":"https:\/\/jesuitasburgos.es\/biblioteca\/?p=1241","url_meta":{"origin":1834,"position":1},"title":"CALLEJEROS ORTOGR\u00c1FICOS","date":"11 enero, 2014","format":false,"excerpt":"Alejandro G\u00fcemes ha cazado otra tilde invisible. \u00a0","rel":"","context":"En \u00abAlumnos\u00bb","img":{"alt_text":"CAM00043","src":"https:\/\/i0.wp.com\/jesuitasburgos.es\/biblioteca\/wp-content\/uploads\/2014\/01\/CAM00043-1024x768.jpg?resize=350%2C200","width":350,"height":200},"classes":[]},{"id":105,"url":"https:\/\/jesuitasburgos.es\/biblioteca\/?p=105","url_meta":{"origin":1834,"position":2},"title":"CALLEJEROS ORTOGR\u00c1FICOS","date":"14 abril, 2013","format":false,"excerpt":"Lo de las tildes en los r\u00f3tulos de nuestras calles es de juzgado de guardia. Podr\u00edamos empapelar todas las aulas del colegio con fotos como estas.Sara Portugal y Jairo Luis P\u00e9rez son los callejeros ortogr\u00e1ficos que han captado estas instant\u00e1neas.","rel":"","context":"En \u00abAlumnos\u00bb","img":{"alt_text":"","src":"https:\/\/i0.wp.com\/2.bp.blogspot.com\/-Zv19zgO04y0\/UWn7cx66IrI\/AAAAAAAABlk\/H5XBc79ezpE\/s320\/DSC_0028.jpg?resize=350%2C200","width":350,"height":200},"classes":[]},{"id":164,"url":"https:\/\/jesuitasburgos.es\/biblioteca\/?p=164","url_meta":{"origin":1834,"position":3},"title":"CALLEJEROS ORTOGR\u00c1FICOS","date":"1 marzo, 2013","format":false,"excerpt":"Aunque no lo cre\u00e1is, este letrero est\u00e1 expuesto en una calle \"pr\u00f3xima\" a nuestro colegio. Lo de las tildes (cinco en total) es lo de menos, \u00bfno os parece?Nacho Z\u00e1rate","rel":"","context":"En \u00abAlumnos\u00bb","img":{"alt_text":"","src":"https:\/\/i0.wp.com\/4.bp.blogspot.com\/-qEoubW_CJTY\/US__gmKElkI\/AAAAAAAABUo\/nLhtxthMf-A\/s400\/DSC_0046.jpg?resize=350%2C200","width":350,"height":200},"classes":[]},{"id":1930,"url":"https:\/\/jesuitasburgos.es\/biblioteca\/?p=1930","url_meta":{"origin":1834,"position":4},"title":"CALLEJEROS ORTOGR\u00c1FICOS","date":"29 mayo, 2014","format":false,"excerpt":"Marina Pastor nos vuelve a demostrar que esta ciudad las tildes se caen de los letreros...","rel":"","context":"En \u00abAlumnos\u00bb","img":{"alt_text":"","src":"https:\/\/i0.wp.com\/jesuitasburgos.es\/biblioteca\/wp-content\/uploads\/2014\/05\/Foto0230-300x225.jpg?resize=350%2C200","width":350,"height":200},"classes":[]},{"id":201,"url":"https:\/\/jesuitasburgos.es\/biblioteca\/?p=201","url_meta":{"origin":1834,"position":5},"title":"CALLEJEROS ORTOGR\u00c1FICOS","date":"4 febrero, 2013","format":false,"excerpt":"Fco Javier Amo Nestares de 1\u00ba ESO A nos demuestra que el \"bichito cometildes\" sigue actuando por las calles de Burgos; es m\u00e1s, ha hecho estragos en la biblioteca \"Gonzalo de Berceo\".Gracias por demostrar que los alumnos de nuestro colegio no son los \u00fanicos que, a veces, se olvidan de\u2026","rel":"","context":"En \u00abAlumnos\u00bb","img":{"alt_text":"","src":"https:\/\/i0.wp.com\/2.bp.blogspot.com\/-ngsYeqQfwpA\/UQ8fp4Cv0NI\/AAAAAAAABAU\/BVZfIKyxkH8\/s320\/20130117_171919.jpg?resize=350%2C200","width":350,"height":200},"classes":[]}],"jetpack_likes_enabled":true,"_links":{"self":[{"href":"https:\/\/jesuitasburgos.es\/biblioteca\/index.php?rest_route=\/wp\/v2\/posts\/1834"}],"collection":[{"href":"https:\/\/jesuitasburgos.es\/biblioteca\/index.php?rest_route=\/wp\/v2\/posts"}],"about":[{"href":"https:\/\/jesuitasburgos.es\/biblioteca\/index.php?rest_route=\/wp\/v2\/types\/post"}],"author":[{"embeddable":true,"href":"https:\/\/jesuitasburgos.es\/biblioteca\/index.php?rest_route=\/wp\/v2\/users\/1"}],"replies":[{"embeddable":true,"href":"https:\/\/jesuitasburgos.es\/biblioteca\/index.php?rest_route=%2Fwp%2Fv2%2Fcomments&post=1834"}],"version-history":[{"count":1,"href":"https:\/\/jesuitasburgos.es\/biblioteca\/index.php?rest_route=\/wp\/v2\/posts\/1834\/revisions"}],"predecessor-version":[{"id":1839,"href":"https:\/\/jesuitasburgos.es\/biblioteca\/index.php?rest_route=\/wp\/v2\/posts\/1834\/revisions\/1839"}],"wp:attachment":[{"href":"https:\/\/jesuitasburgos.es\/biblioteca\/index.php?rest_route=%2Fwp%2Fv2%2Fmedia&parent=1834"}],"wp:term":[{"taxonomy":"category","embeddable":true,"href":"https:\/\/jesuitasburgos.es\/biblioteca\/index.php?rest_route=%2Fwp%2Fv2%2Fcategories&post=1834"},{"taxonomy":"post_tag","embeddable":true,"href":"https:\/\/jesuitasburgos.es\/biblioteca\/index.php?rest_route=%2Fwp%2Fv2%2Ftags&post=1834"}],"curies":[{"name":"wp","href":"https:\/\/api.w.org\/{rel}","templated":true}]}}