{"id":135,"date":"2013-03-21T23:30:00","date_gmt":"2013-03-21T23:30:00","guid":{"rendered":"http:\/\/jesuitasburgos.es\/biblioteca\/?p=135"},"modified":"2013-03-21T23:30:00","modified_gmt":"2013-03-21T23:30:00","slug":"curriculum-nikola-tesla","status":"publish","type":"post","link":"https:\/\/jesuitasburgos.es\/biblioteca\/?p=135","title":{"rendered":"CURR\u00cdCULUM &#8211; NIKOLA TESLA"},"content":{"rendered":"<p><b>Juan Hernando Quevedo ha realizado el curr\u00edculum del investigador estadounidense Nikola Tesla.<\/b><\/p>\n<p><a href=\"https:\/\/i0.wp.com\/4.bp.blogspot.com\/-Hw_ZYszymn8\/UUuXmfD9obI\/AAAAAAAABbg\/acWFBmhj1d4\/s1600\/TESLA.jpg\" imageanchor=\"1\"><img decoding=\"async\" border=\"0\" src=\"https:\/\/i0.wp.com\/4.bp.blogspot.com\/-Hw_ZYszymn8\/UUuXmfD9obI\/AAAAAAAABbg\/acWFBmhj1d4\/s1600\/TESLA.jpg?w=800\" data-recalc-dims=\"1\"><\/a><br \/>Nikola Tesla (cir\u00edlico: \u041d\u0438\u043a\u043e\u043b\u0430 \u0422\u0435\u0441\u043b\u0430), naci\u00f3 Smiljan (Imperio Austroh\u00fangaro, actual Croacia), el 10 de julio de 1856.<\/p>\n<p>\u00a0<b>Formaci\u00f3n:<\/b><br \/>Atendi\u00f3 a la Escuela Superior Polit\u00e9cnica de Graz (en la actual Austria) entre 1875 y 1879.<\/p>\n<p>En 1880 asisti\u00f3 al semestre de verano de la Universidad de Praga para culminar su formaci\u00f3n escolar.<\/p>\n<p><b>Experiencia laboral: <\/b><br \/>Comenz\u00f3 su experiencia laboral en La oficina Central del Tel\u00e9grafo de Hungr\u00eda.<\/p>\n<p>\u00a0En 1884 emigra a los Estados Unidos, donde Edison le contratar\u00e1 en la posici\u00f3n de mec\u00e1nico electr\u00f3nico y matem\u00e1tico gracias a la carta de recomendaci\u00f3n de un americano afincado en Par\u00eds, en la carta pon\u00eda: \u00abconozco a dos grandes hombres, usted es uno de ellos; el otro es este joven\u00bb.<\/p>\n<p>En 1886, tras unas disputas por el bajo sueldo que le pagaba Edison (15$ a la semana) funda su propia empresa: \u2018Tesla Electric Light &#038; Manufacturing\u2019 donde trabajaba como inventor y fundador.<\/p>\n<p><b>Inventos:<\/b><\/p>\n<p>El motor de corriente contin\u00faa: Gracias al cual podemos hacer cosas tan importantes como dar luz a nuestra casa; eso s\u00ed: Edison dijo que esta corriente era un fracaso a pesar de ser m\u00e1s segura y econ\u00f3mica que la alterna.<\/p>\n<p>Bobina de Tesla: La base para la transmisi\u00f3n inal\u00e1mbrica de corriente el\u00e9ctrica.<\/p>\n<p>Mando de control remoto: Con un funcionamiento igual a los actuales.<\/p>\n<p>Tubo fluorescente<\/p>\n<p>Tambi\u00e9n dio su actual nombre a los Rayos X.<\/p>\n<p><b>Datos de inter\u00e9s:<\/b><\/p>\n<p>Nacionalizado estadounidense en 1891. Amplios conocimientos de alem\u00e1n, ingl\u00e9s, h\u00fangaro, serbio y franc\u00e9s.<\/p>\n<p>Muri\u00f3 enfermo y pobre por sus batallas legales con Edison, muri\u00f3 a los 86 a\u00f1os. De \u00e9l se ha dicho que: \u2018Fue el primer cient\u00edfico con buen coraz\u00f3n\u2019, frase atribuida a un trabajador de la empresa Edison. Edison le envidiaba por tenerlo todo: \u2018Aunque era solitario, sab\u00eda atraer a la gente que le rodeaba. Delgado y alto, siempre vestido perfectamente, con su postura aristocr\u00e1tica y con elegancia, llamaba la atenci\u00f3n.\u2019<\/p>\n","protected":false},"excerpt":{"rendered":"<p>Juan Hernando Quevedo ha realizado el curr\u00edculum del investigador estadounidense Nikola Tesla. Nikola Tesla (cir\u00edlico: \u041d\u0438\u043a\u043e\u043b\u0430 \u0422\u0435\u0441\u043b\u0430), naci\u00f3 Smiljan (Imperio<\/p>\n","protected":false},"author":1,"featured_media":0,"comment_status":"open","ping_status":"open","sticky":false,"template":"","format":"standard","meta":{"jetpack_post_was_ever_published":false,"jetpack_publicize_message":"","jetpack_is_tweetstorm":false,"jetpack_publicize_feature_enabled":true,"jetpack_social_post_already_shared":false,"jetpack_social_options":{"image_generator_settings":{"template":"highway","enabled":false}}},"categories":[8,16,36,14,34],"tags":[],"jetpack_publicize_connections":[],"jetpack_featured_media_url":"","jetpack_sharing_enabled":true,"jetpack_shortlink":"https:\/\/wp.me\/p5H2Oh-2b","jetpack-related-posts":[{"id":156,"url":"https:\/\/jesuitasburgos.es\/biblioteca\/?p=156","url_meta":{"origin":135,"position":0},"title":"CURRICULUM VITAE &#8211; MARIE CURIE","date":"6 marzo, 2013","format":false,"excerpt":"Los alumnos de 4\u00ba de ESO est\u00e1n trabajando en clase de Lengua la redacci\u00f3n de un curr\u00edculum. Para ello han elegido a varios cient\u00edficos mundialmente conocidos y les est\u00e1n ayudando a buscar trabajo. Tal y como est\u00e1n las cosas, no les va a resultar f\u00e1cil...Curriculum Vitae DATOS PERSONALES:-APELLIDOS: Salomea Sktodowska\u2026","rel":"","context":"En \u00abAlumnos\u00bb","img":{"alt_text":"","src":"","width":0,"height":0},"classes":[]},{"id":152,"url":"https:\/\/jesuitasburgos.es\/biblioteca\/?p=152","url_meta":{"origin":135,"position":1},"title":"CURR\u00cdCULUM DE MARGARITA SALAS","date":"8 marzo, 2013","format":false,"excerpt":"Cecilia San Mill\u00e1n, de 4\u00ba de ESO, eligi\u00f3 la figura de Margarita Salas para confeccionar su curr\u00edculum.Curr\u00edculumDatos personales:Apellidos: Salas FalgarasNombre: MargaritaNacimiento: Canero (Asturias) 30-XI-1938Estado civil: Casada con el cient\u00edfico Eladio Vi\u00f1uelaFormaci\u00f3n acad\u00e9mica:Licenciada en Ciencias Qu\u00edmicas en la Universidad de Complutense de Madrid.Disc\u00edpula de Severo Ochoa, con quien trabaj\u00f3 en Estados\u2026","rel":"","context":"En \u00abAlumnos\u00bb","img":{"alt_text":"","src":"https:\/\/i0.wp.com\/2.bp.blogspot.com\/-GUXUK9SgPqs\/UTk-BEGOjMI\/AAAAAAAABW4\/NsBdT3dB_WU\/s320\/maregarita.jpg?resize=350%2C200","width":350,"height":200},"classes":[]},{"id":132,"url":"https:\/\/jesuitasburgos.es\/biblioteca\/?p=132","url_meta":{"origin":135,"position":2},"title":"CURR\u00cdCULUM DE RAM\u00d3N Y CAJAL","date":"25 marzo, 2013","format":false,"excerpt":"Jimena Mat\u00e9 ha confeccionado el curr\u00edculum del cient\u00edfico Ram\u00f3n y Cajal. Imaginamos que se lo rifar\u00edan muchas empresas para tenerlo en su plantilla.DATOS PERSONALES Nombre y apellidos: Santiago Ram\u00f3n y CajalLugar y fecha de nacimiento: Petilla de Arag\u00f3n, Espa\u00f1a, 1 de mayo de 1852\u00a0Estado civil: Casado con Silveria Fa\u00f1an\u00e1s Garc\u00edaFORMACI\u00d3N\u2026","rel":"","context":"En \u00abAlumnos\u00bb","img":{"alt_text":"","src":"","width":0,"height":0},"classes":[]},{"id":138,"url":"https:\/\/jesuitasburgos.es\/biblioteca\/?p=138","url_meta":{"origin":135,"position":3},"title":"CURR\u00cdCULUM DE ROSALIND FRANKLIN","date":"21 marzo, 2013","format":false,"excerpt":"Miriam Mata, siempre activa en el blog, nos env\u00eda este curr\u00edculum de la cient\u00edfica inglesa.DATOS PERSONALESApellidos:Franklin.Nombre:Rosalind Elsie.Nacimiento:25 de julio de 1920 en Kensington, Londres.Estado civil: Soltera.Fallecimiento:16 de abril de 1958 en Chelsea, Londres.FORMACI\u00d3N ACAD\u00c9MICA Asiste a las Ni\u00f1as de la escuela St. Paul.1941:Rosalind Franklin se grad\u00faa de la universidad de\u2026","rel":"","context":"En \u00abAlumnos\u00bb","img":{"alt_text":"","src":"","width":0,"height":0},"classes":[]},{"id":112,"url":"https:\/\/jesuitasburgos.es\/biblioteca\/?p=112","url_meta":{"origin":135,"position":4},"title":"ENTREGA DE PREMIOS TRIMESTRE DE LA CIENCIA","date":"9 abril, 2013","format":false,"excerpt":"Este pr\u00f3ximo mi\u00e9rcoles 10 de abril a la hora del recreo se entregar\u00e1n los premios correspondientes al segundo trimestre tem\u00e1tico de nuestra biblioteca. No han sido pocos los alumnos que han colaborado y queremos tener un peque\u00f1o detalle con ellos.Aprovecharemos la ocasi\u00f3n para presentar el nuevo tema para el tercer\u2026","rel":"","context":"En \u00abAlumnos\u00bb","img":{"alt_text":"","src":"https:\/\/i0.wp.com\/2.bp.blogspot.com\/-QLRFRoWek3I\/UWNfb5-zm6I\/AAAAAAAABkI\/QHTjHrfD7hY\/s200\/ciencia.jpg?resize=350%2C200","width":350,"height":200},"classes":[]},{"id":149,"url":"https:\/\/jesuitasburgos.es\/biblioteca\/?p=149","url_meta":{"origin":135,"position":5},"title":"CURR\u00cdCULUM DE EDUARD PUNSET","date":"12 marzo, 2013","format":false,"excerpt":"David Juli\u00e1n nos env\u00eda el curr\u00edculum del televisivo cient\u00edfico Eduard Punset. Nos viene bien conocer mejor a personajes como \u00e9l. Gracias, David.Curriculum vitae de Eduardo Punset1-DatospersonalesFecha de nacimiento: 9 de noviembre de 1936Lugar de nacimiento: Barcelona, Espa\u00f1aIdiomas: Ingl\u00e9s, castellano y catal\u00e1n.Lugares donde ha vivido: Los \u00c1ngeles, donde estudi\u00f3 bachillerato; Madrid,\u2026","rel":"","context":"En \u00abAlumnos\u00bb","img":{"alt_text":"","src":"","width":0,"height":0},"classes":[]}],"jetpack_likes_enabled":true,"_links":{"self":[{"href":"https:\/\/jesuitasburgos.es\/biblioteca\/index.php?rest_route=\/wp\/v2\/posts\/135"}],"collection":[{"href":"https:\/\/jesuitasburgos.es\/biblioteca\/index.php?rest_route=\/wp\/v2\/posts"}],"about":[{"href":"https:\/\/jesuitasburgos.es\/biblioteca\/index.php?rest_route=\/wp\/v2\/types\/post"}],"author":[{"embeddable":true,"href":"https:\/\/jesuitasburgos.es\/biblioteca\/index.php?rest_route=\/wp\/v2\/users\/1"}],"replies":[{"embeddable":true,"href":"https:\/\/jesuitasburgos.es\/biblioteca\/index.php?rest_route=%2Fwp%2Fv2%2Fcomments&post=135"}],"version-history":[{"count":0,"href":"https:\/\/jesuitasburgos.es\/biblioteca\/index.php?rest_route=\/wp\/v2\/posts\/135\/revisions"}],"wp:attachment":[{"href":"https:\/\/jesuitasburgos.es\/biblioteca\/index.php?rest_route=%2Fwp%2Fv2%2Fmedia&parent=135"}],"wp:term":[{"taxonomy":"category","embeddable":true,"href":"https:\/\/jesuitasburgos.es\/biblioteca\/index.php?rest_route=%2Fwp%2Fv2%2Fcategories&post=135"},{"taxonomy":"post_tag","embeddable":true,"href":"https:\/\/jesuitasburgos.es\/biblioteca\/index.php?rest_route=%2Fwp%2Fv2%2Ftags&post=135"}],"curies":[{"name":"wp","href":"https:\/\/api.w.org\/{rel}","templated":true}]}}