{"id":948,"date":"2013-12-02T01:20:32","date_gmt":"2013-12-02T01:20:32","guid":{"rendered":"http:\/\/jesuitasburgos.es\/biblioteca\/?p=948"},"modified":"2013-12-02T01:20:32","modified_gmt":"2013-12-02T01:20:32","slug":"le-comte-de-montecristo","status":"publish","type":"post","link":"http:\/\/jesuitasburgos.es\/biblioteca\/?p=948","title":{"rendered":"LE COMTE DE MONTECRISTO"},"content":{"rendered":"<p>Auteur: Alexandre Dumas.<\/p>\n<p>Edmond Dant\u00e8s \u00e9tait un jeune homme et il \u00e9tait aussi le second du navire \u00abLe Pharaon\u00bb.<a href=\"https:\/\/i0.wp.com\/jesuitasburgos.es\/biblioteca\/wp-content\/uploads\/2013\/12\/comtedemontecristotrema.jpg\"><img data-attachment-id=\"949\" data-permalink=\"http:\/\/jesuitasburgos.es\/biblioteca\/?attachment_id=949\" data-orig-file=\"https:\/\/i0.wp.com\/jesuitasburgos.es\/biblioteca\/wp-content\/uploads\/2013\/12\/comtedemontecristotrema.jpg?fit=300%2C299\" data-orig-size=\"300,299\" data-comments-opened=\"1\" data-image-meta=\"{&quot;aperture&quot;:&quot;0&quot;,&quot;credit&quot;:&quot;&quot;,&quot;camera&quot;:&quot;&quot;,&quot;caption&quot;:&quot;&quot;,&quot;created_timestamp&quot;:&quot;0&quot;,&quot;copyright&quot;:&quot;&quot;,&quot;focal_length&quot;:&quot;0&quot;,&quot;iso&quot;:&quot;0&quot;,&quot;shutter_speed&quot;:&quot;0&quot;,&quot;title&quot;:&quot;&quot;}\" data-image-title=\"comtedemontecristotrema\" data-image-description=\"\" data-image-caption=\"\" data-medium-file=\"https:\/\/i0.wp.com\/jesuitasburgos.es\/biblioteca\/wp-content\/uploads\/2013\/12\/comtedemontecristotrema.jpg?fit=300%2C299\" data-large-file=\"https:\/\/i0.wp.com\/jesuitasburgos.es\/biblioteca\/wp-content\/uploads\/2013\/12\/comtedemontecristotrema.jpg?fit=300%2C299\" decoding=\"async\" loading=\"lazy\" class=\"alignright size-thumbnail wp-image-949\" alt=\"comtedemontecristotrema\" src=\"https:\/\/i0.wp.com\/jesuitasburgos.es\/biblioteca\/wp-content\/uploads\/2013\/12\/comtedemontecristotrema.jpg?resize=150%2C150\" width=\"150\" height=\"150\" srcset=\"https:\/\/i0.wp.com\/jesuitasburgos.es\/biblioteca\/wp-content\/uploads\/2013\/12\/comtedemontecristotrema.jpg?resize=150%2C150 150w, https:\/\/i0.wp.com\/jesuitasburgos.es\/biblioteca\/wp-content\/uploads\/2013\/12\/comtedemontecristotrema.jpg?w=300 300w\" sizes=\"(max-width: 150px) 100vw, 150px\" data-recalc-dims=\"1\" \/><\/a> \u00c0 Marseille, un de ses compagnons de nav\u00e9gation, tr\u00e8s jaloux d\u00b4Edmond, a conspir\u00e9 contre lui avec un\u00a0 ami qui \u00e9tait amoreux de la fianc\u00e9e d\u00b4Edmond, Merc\u00e9d\u00e8s.<br \/>\nIls l\u00b4ont mis in prison au ch\u00e2teau d\u00b4If en l\u00b4accusant d\u00b4\u00eatre un\u00a0 agent bonapartiste. L\u00e0-bas, il conna\u00eet l\u00b4abb\u00e9 Faria en faisant un trondans le mur pour connecter les cellules. L\u00b4abb\u00e9 Faria lui transmet l\u00b4endrait o\u00f9 il avait un tr\u00e9sor et le jour de sa mort,<br \/>\nEdmond se sauve en nageant et il finit par trouver le tr\u00e9sor de l\u00b4\u00eele de Monte-Cristo. Il d\u00e9cide de se faire nommer le comte de Monte-Cristo et il commence sa vengeance contre les gens qui l\u00b4ont fait mettre en prison.<\/p>\n<p style=\"text-align: right;\">(Tenemos la edici\u00f3n adaptada en la biblioteca)<\/p>\n<p>Paula Benito<\/p>\n","protected":false},"excerpt":{"rendered":"<p>Auteur: Alexandre Dumas. Edmond Dant\u00e8s \u00e9tait un jeune homme et il \u00e9tait aussi le second du navire \u00abLe Pharaon\u00bb. \u00c0<\/p>\n","protected":false},"author":1,"featured_media":0,"comment_status":"open","ping_status":"open","sticky":false,"template":"","format":"standard","meta":{"jetpack_post_was_ever_published":false,"jetpack_publicize_message":"","jetpack_is_tweetstorm":false,"jetpack_publicize_feature_enabled":true,"jetpack_social_post_already_shared":false,"jetpack_social_options":{"image_generator_settings":{"template":"highway","enabled":false}}},"categories":[8,11,12,47],"tags":[],"jetpack_publicize_connections":[],"jetpack_featured_media_url":"","jetpack_sharing_enabled":true,"jetpack_shortlink":"https:\/\/wp.me\/p5H2Oh-fi","jetpack-related-posts":[{"id":764,"url":"http:\/\/jesuitasburgos.es\/biblioteca\/?p=764","url_meta":{"origin":948,"position":0},"title":"CET \u00c9T\u00c9 \u00c0 PAU","date":"13 noviembre, 2013","format":false,"excerpt":"\u00a0 Irene es alumna de Bachillerato del colegio y nos cuenta su experiencia\u00a0 estival en Francia. Gracias, Irene, por compartirlo con nosotros. Cet \u00e9t\u00e9 j\u00b4ai pass\u00e9 deux semaines en juin chez une copine, L\u00e9na. Je l\u00b4ai connue il y a deux ans \u00e0 Burgos quand elle \u00e9tait venue chez moi\u2026","rel":"","context":"En \u00abAlumnos\u00bb","img":{"alt_text":"","src":"","width":0,"height":0},"classes":[]},{"id":622,"url":"http:\/\/jesuitasburgos.es\/biblioteca\/?p=622","url_meta":{"origin":948,"position":1},"title":"BIENVENUE CHEZ LES CH&#8217;TIS (BIENVENIDOS AL NORTE) por Paula Benito","date":"25 octubre, 2013","format":false,"excerpt":"\u00a0 Philippe Abrams est directeur de la poste \u00e0 Salon-de-Provence, il est mari\u00e9 \u00e0 Julie et ils ont un fils. Sa femme veut aller habiter \u00e0 la C\u00f4te d\u2019Azur (en France, ceux qui travaillent bien et ont un bon poste de travail sont mut\u00e9s au Sud, r\u00e9gion magnifique du pays,\u2026","rel":"","context":"En \u00abAlumnos\u00bb","img":{"alt_text":"","src":"","width":0,"height":0},"classes":[]},{"id":755,"url":"http:\/\/jesuitasburgos.es\/biblioteca\/?p=755","url_meta":{"origin":948,"position":2},"title":"LOUIS PASTEUR par Paula Benito","date":"12 noviembre, 2013","format":false,"excerpt":"\u00a0 N\u00e9 le 27 d\u00e9cembre 1822 et d\u00e9c\u00e9d\u00e9 le 28 septembre 1895, Pasteur est consid\u00e9r\u00e9 comme l\u2019un des p\u00e8res de la microbiologie. Il a \u00e9tait nomm\u00e9 professeur dans de nombreuses universit\u00e9s. Pasteur a prouv\u00e9 que les levures sont de micro-organismes responsables de la fermentation des aliments, et c\u2019est comme \u00e7a\u2026","rel":"","context":"En \u00abAlumnos\u00bb","img":{"alt_text":"","src":"","width":0,"height":0},"classes":[]},{"id":688,"url":"http:\/\/jesuitasburgos.es\/biblioteca\/?p=688","url_meta":{"origin":948,"position":3},"title":"FILMS FRAN\u00c7AIS &#8211; CYRANO DE BERGERAC","date":"4 noviembre, 2013","format":false,"excerpt":"\u00a0 \u00a0 En 1640, Cyrano de Bergerac, cadet de la compagnie de Gascogne, appara\u00eet par surprise dans une pi\u00e8ce de th\u00e9\u00e2tre, son objectif est d\u2019impressionner la femme dont il est amoureux, Roxane sa cousine, elle est aussi aim\u00e9e de Christian de Neuvillette et du comte de Guiche. Cyrano a un\u2026","rel":"","context":"En \u00abAlumnos\u00bb","img":{"alt_text":"","src":"https:\/\/i0.wp.com\/jesuitasburgos.es\/biblioteca\/wp-content\/uploads\/2013\/11\/cyrano2.jpg?resize=350%2C200","width":350,"height":200},"classes":[]},{"id":531,"url":"http:\/\/jesuitasburgos.es\/biblioteca\/?p=531","url_meta":{"origin":948,"position":4},"title":"LA M\u00d4ME (CINE FRANC\u00c9S)","date":"13 octubre, 2013","format":false,"excerpt":"Paula Benito sigue con su idea de darnos a conocer la cultura de su bonito pa\u00eds. Gracias por tu esfuerzo, Paula. LA M\u00d4ME \u00a0 Ce film retrace la vie d\u2019\u00c9dith Piaf, n\u00e9e le 19 d\u00e9cembre 1915 \u00e0 Paris, la meilleure chanteuse que la France a pu conna\u00eetre, elle a fait\u2026","rel":"","context":"En \u00abAlumnos\u00bb","img":{"alt_text":"","src":"","width":0,"height":0},"classes":[]},{"id":641,"url":"http:\/\/jesuitasburgos.es\/biblioteca\/?p=641","url_meta":{"origin":948,"position":5},"title":"ZINEDINE ZIDANE por Paula Benito","date":"29 octubre, 2013","format":false,"excerpt":"\u00a0 Joueur de football, mondialement reconnu, n\u00e9 \u00e0 Marseille le 23\/06\/1972, Zinedine Zidane (connu sous le surnom de Zizou) est un tacticien hors pair du football qui s\u2019est int\u00e9ress\u00e9 tr\u00e8s jeune \u00e0 ce sport. Il s\u2019est perfectionn\u00e9 au centre de formation cannois pendant six ans, et il joue pour la\u2026","rel":"","context":"En \u00abAlumnos\u00bb","img":{"alt_text":"","src":"https:\/\/i0.wp.com\/jesuitasburgos.es\/biblioteca\/wp-content\/uploads\/2013\/10\/zizou.jpg?resize=350%2C200","width":350,"height":200},"classes":[]}],"jetpack_likes_enabled":true,"_links":{"self":[{"href":"http:\/\/jesuitasburgos.es\/biblioteca\/index.php?rest_route=\/wp\/v2\/posts\/948"}],"collection":[{"href":"http:\/\/jesuitasburgos.es\/biblioteca\/index.php?rest_route=\/wp\/v2\/posts"}],"about":[{"href":"http:\/\/jesuitasburgos.es\/biblioteca\/index.php?rest_route=\/wp\/v2\/types\/post"}],"author":[{"embeddable":true,"href":"http:\/\/jesuitasburgos.es\/biblioteca\/index.php?rest_route=\/wp\/v2\/users\/1"}],"replies":[{"embeddable":true,"href":"http:\/\/jesuitasburgos.es\/biblioteca\/index.php?rest_route=%2Fwp%2Fv2%2Fcomments&post=948"}],"version-history":[{"count":1,"href":"http:\/\/jesuitasburgos.es\/biblioteca\/index.php?rest_route=\/wp\/v2\/posts\/948\/revisions"}],"predecessor-version":[{"id":950,"href":"http:\/\/jesuitasburgos.es\/biblioteca\/index.php?rest_route=\/wp\/v2\/posts\/948\/revisions\/950"}],"wp:attachment":[{"href":"http:\/\/jesuitasburgos.es\/biblioteca\/index.php?rest_route=%2Fwp%2Fv2%2Fmedia&parent=948"}],"wp:term":[{"taxonomy":"category","embeddable":true,"href":"http:\/\/jesuitasburgos.es\/biblioteca\/index.php?rest_route=%2Fwp%2Fv2%2Fcategories&post=948"},{"taxonomy":"post_tag","embeddable":true,"href":"http:\/\/jesuitasburgos.es\/biblioteca\/index.php?rest_route=%2Fwp%2Fv2%2Ftags&post=948"}],"curies":[{"name":"wp","href":"https:\/\/api.w.org\/{rel}","templated":true}]}}