{"id":943,"date":"2013-11-28T20:31:32","date_gmt":"2013-11-28T20:31:32","guid":{"rendered":"http:\/\/jesuitasburgos.es\/biblioteca\/?p=943"},"modified":"2017-02-21T19:29:41","modified_gmt":"2017-02-21T19:29:41","slug":"homenaje-a-manuel-andres-en-su-jubilacion","status":"publish","type":"post","link":"http:\/\/jesuitasburgos.es\/biblioteca\/?p=943","title":{"rendered":"HOMENAJE A MANUEL ANDR\u00c9S  POR SU JUBILACI\u00d3N"},"content":{"rendered":"<p style=\"text-align: justify;\">La experiencia nos dice que, a lo largo de la vida, nos encontraremos con unos cuantos profesores nefastos y unos cuantos profesores buenos, pero solo un reducid\u00edsimo n\u00famero de profesores imprescindibles. De los nefastos, guardaremos malos h\u00e1bitos, una visi\u00f3n estrecha y lo mejor que puede pasarnos es que caigan en el olvido. Gracias a los buenos, habremos comprendido cosas que, de otro modo, nos hubiesen resultado incomprensibles y habremos ganado peso en nuestra formaci\u00f3n como alumnos y como seres humanos. Los profesores imprescindibles son algo muy distinto.<\/p>\n<p style=\"text-align: justify;\">Considero que he tenido tres profesores que han marcado mi vida: uno de ellos, en 3.\u00ba de BUP (el actual 1.\u00ba de Bach) y los otros dos, bien distribuidos en mi carrera de Filolog\u00eda Hisp\u00e1nica en primer curso y en cuarto. Es cierto que el primero tard\u00f3 en llegar demasiado tiempo, pero mereci\u00f3 la pena. Y las circunstancias que figuran m\u00e1s abajo explicar\u00e1n que hoy hable de \u00e9l en esta entrada.<\/p>\n<p style=\"text-align: justify;\">Se llama Manolo y, como dec\u00eda m\u00e1s arriba, me dio clase cuando yo ten\u00eda 17 a\u00f1os. Pese a ser un \u00e1vido lector y una persona muy interesada en algunos temas culturales, me resbalaba el \u00e1mbito acad\u00e9mico. Son los a\u00f1os en los que es frecuente que uno piense en otras cosas y yo pon\u00eda todo mi empe\u00f1o en dedicarles mi tiempo y mis atenciones ajenas a la vida acad\u00e9mica. Entonces, lleg\u00f3 \u00e9l. Me dio clase de Filosof\u00eda y de Literatura (por aquel entonces no se daba la mezcla habitual de Lengua y Literatura, sino que estas se separaban por cursos).<\/p>\n<p style=\"text-align: justify;\">En Filosof\u00eda, me ense\u00f1\u00f3 a ser riguroso con los conceptos y, sobre todo, conmigo mismo. Me hizo dar con las claves del an\u00e1lisis y de la s\u00edntesis y me ense\u00f1\u00f3 los misterios de la L\u00f3gica, de la Psicolog\u00eda y de la Metaf\u00edsica. En Literatura, descubr\u00ed que el an\u00e1lisis de los textos literarios pod\u00eda revelar en los textos una profundidad y una riqueza que yo hasta entonces desconoc\u00eda. Gracias a \u00e9l, descubr\u00ed algo que, desde ese momento, siempre he tenido presente: que lo dif\u00edcil es m\u00e1s f\u00e1cil de lo que parece y, sobre todo, que lo f\u00e1cil es mucho m\u00e1s dif\u00edcil de lo que aparenta. En vez de dar un recorrido superficial por las obras literarias, siempre insisti\u00f3 en leerlas con devoci\u00f3n y profundidad, como si nos fuera la vida en ello.<\/p>\n<p style=\"text-align: justify;\">Un d\u00eda, Manolo \u2013que era nuestro tutor\u2013 nos empez\u00f3 a orientar sobre las alternativas que ten\u00edamos \u00a0cuando acab\u00e1ramos el COU (el actual 2.\u00ba de Bach). Yo era de los que ten\u00eda en mente estudiar Psicolog\u00eda y Periodismo. Pero, gracias a \u00e9l, descubr\u00ed que exist\u00eda una cosa rara y misteriosa que se llamaba Filolog\u00eda Hisp\u00e1nica. No entend\u00eda ni el nombre, pero me empez\u00f3 a desvelar su contenido en asignaturas y pens\u00e9 que, por fin, se me abr\u00eda el mundo. Desde entonces, me convert\u00ed en un m\u00e1s que aceptable estudiante, ilusionado con mi futuro.<\/p>\n<p style=\"text-align: justify;\">El azar, que en este caso no solo fue casualidad sino tambi\u00e9n causalidad, hizo que, pocos a\u00f1os despu\u00e9s, reci\u00e9n acabada la carrera, acabara dando clase en el mismo centro en el que Manolo me ense\u00f1ara gran parte de los fundamentos de lo que he llegado a saber en mi vida. Y fui all\u00ed profesor de Filosof\u00eda y Literatura durante muchos a\u00f1os. Nunca intent\u00e9 imitarle, pero s\u00ed procur\u00e9 seguir sus principios. Por encima de todo, recordaba su metodolog\u00eda: las materias no son algo est\u00e1tico, sino que evolucionan como tales y, por lo tanto, es necesario renovar su forma de difundirlas. No vale con lo de siempre porque el mundo cambia y los alumnos no siempre los mismos.<\/p>\n<p style=\"text-align: justify;\">El tiempo ha hecho que Manolo pasase de ser mi profesor a ser mi compa\u00f1ero, pero nunca dej\u00f3 de ser mi maestro. En los tiempos en los que compart\u00edamos d\u00edas de Selectividad acompa\u00f1ando a nuestros alumnos, yo siempre procuraba escucharle atento. Cada vez que hablamos me aporta siempre una forma nueva de ver las cosas, un \u00e1ngulo que yo no hab\u00eda contemplado desde ese punto de vista.<\/p>\n<p style=\"text-align: justify;\">Hace poco, tuve incluso la suerte de contar con Manolo como alumno en un par de cursos de formaci\u00f3n. No dejaba de ser parad\u00f3jico: ense\u00f1ar al que te lo ha ense\u00f1ado todo. Porque Manolo me ha dado otras muchas lecciones. Entre ellas, la m\u00e1s importante es que la docencia es una profesi\u00f3n en la que, ense\u00f1ando a los dem\u00e1s, te encuentras en un proceso permanente de aprendizaje. No es solo la formaci\u00f3n continua, sino la virtud y la necesidad de ir un poco m\u00e1s all\u00e1. Y, adem\u00e1s, contar con que un profesor es mucho m\u00e1s que un docente: un profesor como Manolo es un docente que habla y escucha, que imparte conocimiento con la generosidad del que es sabio.<\/p>\n<p style=\"text-align: justify;\">Dentro de unos pocos d\u00edas, Manolo se jubila. No dir\u00e9 que deja atr\u00e1s una etapa, porque no se deja nunca de ser un profesor como lo es \u00e9l. Yo tuve la suerte de descubrir muchas cosas con \u00e9l y gracias a \u00e9l. \u00a0Y le debo mucho de lo que soy hoy. Y todav\u00eda me quedan por aprender muchas cosas. Tantas\u2026<\/p>\n<p style=\"text-align: right;\">Ra\u00fal Urbina<\/p>\n<p style=\"text-align: left;\"><strong>Ra\u00fal Urbina es profesor de la UBU y antiguo alumno de Jesuitas. Nos ha enviado este art\u00edculo que tambien pod\u00e9is leer en su blog de creaci\u00f3n http:\/\/www.urbinavolant.com\/verbavolant\/. Gracias, Ra\u00fal .<\/strong><\/p>\n","protected":false},"excerpt":{"rendered":"<p>La experiencia nos dice que, a lo largo de la vida, nos encontraremos con unos cuantos profesores nefastos y unos<\/p>\n","protected":false},"author":1,"featured_media":0,"comment_status":"open","ping_status":"open","sticky":false,"template":"","format":"standard","meta":{"jetpack_post_was_ever_published":false,"jetpack_publicize_message":"","jetpack_is_tweetstorm":false,"jetpack_publicize_feature_enabled":true,"jetpack_social_post_already_shared":false,"jetpack_social_options":{"image_generator_settings":{"template":"highway","enabled":false}}},"categories":[8],"tags":[],"jetpack_publicize_connections":[],"jetpack_featured_media_url":"","jetpack_sharing_enabled":true,"jetpack_shortlink":"https:\/\/wp.me\/p5H2Oh-fd","jetpack-related-posts":[{"id":4587,"url":"http:\/\/jesuitasburgos.es\/biblioteca\/?p=4587","url_meta":{"origin":943,"position":0},"title":"Certamen auton\u00f3mico de Lectura en P\u00fablico","date":"31 mayo, 2019","format":false,"excerpt":"Los alumnos de 3\u00ba C de Secundaria de nuestro colegio hemos ganado la VI edici\u00f3n del Certamen \u201cLectura en P\u00fablico\u201d. El acto tuvo lugar el 9 de abril en las Cortes de Castilla y Le\u00f3n en Valladolid y fue organizado por la Consejer\u00eda de Educaci\u00f3n, a trav\u00e9s de la Direcci\u00f3n\u2026","rel":"","context":"En \u00abAlumnos\u00bb","img":{"alt_text":"","src":"https:\/\/i0.wp.com\/jesuitasburgos.es\/biblioteca\/wp-content\/uploads\/2019\/05\/IMG-0015.jpg?resize=350%2C200","width":350,"height":200},"classes":[]},{"id":2430,"url":"http:\/\/jesuitasburgos.es\/biblioteca\/?p=2430","url_meta":{"origin":943,"position":1},"title":"Gracias Pilar, por Eduardo Casta\u00f1\u00f3n","date":"19 febrero, 2015","format":false,"excerpt":"Queridos todos: Me llamo Eduardo Casta\u00f1\u00f3n y soy ex alumno del colegio. Escribo estas l\u00edneas que llevaba tiempo pensando en hacer. Sin embargo, el hecho de que Pilar Quintanilla, \"Pili\" para muchos de nosotros, nos haya dejado estos d\u00edas, me ha animado a hacerlo ahora. _Hace ya 11 a\u00f1os que\u2026","rel":"","context":"En \u00abAntiguos alumnos\u00bb","img":{"alt_text":"","src":"https:\/\/i0.wp.com\/jesuitasburgos.es\/biblioteca\/wp-content\/uploads\/2015\/02\/pilar2.png?fit=1158%2C595&resize=350%2C200","width":350,"height":200},"classes":[]},{"id":657,"url":"http:\/\/jesuitasburgos.es\/biblioteca\/?p=657","url_meta":{"origin":943,"position":2},"title":"EL MEJOR PROFESOR DE MI VIDA","date":"23 octubre, 2013","format":false,"excerpt":"M.A. Fraile nos env\u00eda este art\u00edculo para su publicaci\u00f3n. Disfrutadlo. M\u00e1s art\u00edculos con la misma tem\u00e1tica en http:\/\/blogs.elpais.com\/ayuda-al-estudiante\/el-mejor-profesor-de-mi-vida\/ El mejor profesor de mi vida Por: Carlos Arroyo | 06 de mayo de 2013 El mejor profesor de mi vida me ense\u00f1\u00f3 que hay pocas cosas comparables con la emoci\u00f3n intelectual\u2026","rel":"","context":"En \u00abAlumnos\u00bb","img":{"alt_text":"","src":"","width":0,"height":0},"classes":[]},{"id":292,"url":"http:\/\/jesuitasburgos.es\/biblioteca\/?p=292","url_meta":{"origin":943,"position":3},"title":"VIVIENDO DEL CUENTO (Ra\u00fal Urbina)","date":"2 diciembre, 2012","format":false,"excerpt":"Ra\u00fal Urbina es fil\u00f3logo, profesor de la UBU, padre de alumno de nuestro colegio y aficionado al deporte. Cuando le propusimos colaborar en nuestro blog tard\u00f3 unos cinco segundos en aceptar. Muchas gracias por el magn\u00edfico art\u00edculo. Nos encanta que vivas del cuento...VIVIENDO DEL CUENTORa\u00fal Urbina FonturbelEs dif\u00edcil saber cu\u00e1ndo\u2026","rel":"","context":"En \u00abLecturas\u00bb","img":{"alt_text":"","src":"https:\/\/i0.wp.com\/1.bp.blogspot.com\/-_ce-YEzyUOk\/UKwke3m4VSI\/AAAAAAAAASU\/RAh7lrnSDvU\/s320\/mortadelo.jpg?resize=350%2C200","width":350,"height":200},"classes":[]},{"id":2470,"url":"http:\/\/jesuitasburgos.es\/biblioteca\/?p=2470","url_meta":{"origin":943,"position":4},"title":"Poes\u00eda en San Valent\u00edn","date":"19 febrero, 2015","format":false,"excerpt":"El viernes 13, v\u00edspera de San Valent\u00edn, los alumnos de primaria junto con varios profesores nos juntamos en la biblioteca para compartir\u00a0 poemas sobre el amor. Los profesores declamaron algunos de los m\u00e1s famosos poemas de amor, y los alumnos nos sorprendieron con varios que ellos mismos hab\u00edan compuesto. Dos\u2026","rel":"","context":"En \u00abAlumnos\u00bb","img":{"alt_text":"","src":"https:\/\/i0.wp.com\/jesuitasburgos.es\/biblioteca\/wp-content\/uploads\/2015\/02\/IMG_4208-e1424423705918.jpg?fit=1200%2C509&resize=350%2C200","width":350,"height":200},"classes":[]},{"id":2335,"url":"http:\/\/jesuitasburgos.es\/biblioteca\/?p=2335","url_meta":{"origin":943,"position":5},"title":"La Ruta de la Seda, con Jes\u00fas Garc\u00eda","date":"9 febrero, 2015","format":false,"excerpt":"Adentrarnos en lo desconocido, apartarnos de la rutina; esa fue la gran oportunidad que tuvimos al participar en un fascinante viaje, en un largo camino; pudimos vivir una inolvidable experiencia de varias semanas en tan solo una \u00fanica hora. El profesor Jes\u00fas Garc\u00eda hizo posible que so\u00f1\u00e1ramos despiertos, que nos\u2026","rel":"","context":"En \u00abAlumnos\u00bb","img":{"alt_text":"","src":"https:\/\/i0.wp.com\/jesuitasburgos.es\/biblioteca\/wp-content\/uploads\/2015\/02\/IMG_1433-copia1.jpg?fit=1200%2C683&resize=350%2C200","width":350,"height":200},"classes":[]}],"jetpack_likes_enabled":true,"_links":{"self":[{"href":"http:\/\/jesuitasburgos.es\/biblioteca\/index.php?rest_route=\/wp\/v2\/posts\/943"}],"collection":[{"href":"http:\/\/jesuitasburgos.es\/biblioteca\/index.php?rest_route=\/wp\/v2\/posts"}],"about":[{"href":"http:\/\/jesuitasburgos.es\/biblioteca\/index.php?rest_route=\/wp\/v2\/types\/post"}],"author":[{"embeddable":true,"href":"http:\/\/jesuitasburgos.es\/biblioteca\/index.php?rest_route=\/wp\/v2\/users\/1"}],"replies":[{"embeddable":true,"href":"http:\/\/jesuitasburgos.es\/biblioteca\/index.php?rest_route=%2Fwp%2Fv2%2Fcomments&post=943"}],"version-history":[{"count":3,"href":"http:\/\/jesuitasburgos.es\/biblioteca\/index.php?rest_route=\/wp\/v2\/posts\/943\/revisions"}],"predecessor-version":[{"id":946,"href":"http:\/\/jesuitasburgos.es\/biblioteca\/index.php?rest_route=\/wp\/v2\/posts\/943\/revisions\/946"}],"wp:attachment":[{"href":"http:\/\/jesuitasburgos.es\/biblioteca\/index.php?rest_route=%2Fwp%2Fv2%2Fmedia&parent=943"}],"wp:term":[{"taxonomy":"category","embeddable":true,"href":"http:\/\/jesuitasburgos.es\/biblioteca\/index.php?rest_route=%2Fwp%2Fv2%2Fcategories&post=943"},{"taxonomy":"post_tag","embeddable":true,"href":"http:\/\/jesuitasburgos.es\/biblioteca\/index.php?rest_route=%2Fwp%2Fv2%2Ftags&post=943"}],"curies":[{"name":"wp","href":"https:\/\/api.w.org\/{rel}","templated":true}]}}