{"id":932,"date":"2013-11-26T01:37:49","date_gmt":"2013-11-26T01:37:49","guid":{"rendered":"http:\/\/jesuitasburgos.es\/biblioteca\/?p=932"},"modified":"2017-02-21T19:29:48","modified_gmt":"2017-02-21T19:29:48","slug":"callejeros-ortograficos-66","status":"publish","type":"post","link":"http:\/\/jesuitasburgos.es\/biblioteca\/?p=932","title":{"rendered":"CALLEJEROS ORTOGR\u00c1FICOS"},"content":{"rendered":"<p>Paula, de 1\u00ba ESO A, nos env\u00eda esta foto tomada en un bar. \u00a1Madre m\u00eda!<\/p>\n<p style=\"text-align: center;\"><a href=\"https:\/\/i0.wp.com\/jesuitasburgos.es\/biblioteca\/wp-content\/uploads\/2013\/11\/la-foto1.jpg\"><img data-attachment-id=\"934\" data-permalink=\"http:\/\/jesuitasburgos.es\/biblioteca\/?attachment_id=934\" data-orig-file=\"https:\/\/i0.wp.com\/jesuitasburgos.es\/biblioteca\/wp-content\/uploads\/2013\/11\/la-foto1.jpg?fit=480%2C442\" data-orig-size=\"480,442\" data-comments-opened=\"1\" data-image-meta=\"{&quot;aperture&quot;:&quot;0&quot;,&quot;credit&quot;:&quot;&quot;,&quot;camera&quot;:&quot;&quot;,&quot;caption&quot;:&quot;&quot;,&quot;created_timestamp&quot;:&quot;0&quot;,&quot;copyright&quot;:&quot;&quot;,&quot;focal_length&quot;:&quot;0&quot;,&quot;iso&quot;:&quot;0&quot;,&quot;shutter_speed&quot;:&quot;0&quot;,&quot;title&quot;:&quot;&quot;}\" data-image-title=\"la foto\" data-image-description=\"\" data-image-caption=\"\" data-medium-file=\"https:\/\/i0.wp.com\/jesuitasburgos.es\/biblioteca\/wp-content\/uploads\/2013\/11\/la-foto1.jpg?fit=300%2C276\" data-large-file=\"https:\/\/i0.wp.com\/jesuitasburgos.es\/biblioteca\/wp-content\/uploads\/2013\/11\/la-foto1.jpg?fit=480%2C442\" decoding=\"async\" loading=\"lazy\" class=\"size-full wp-image-934 aligncenter\" alt=\"la foto\" src=\"https:\/\/i0.wp.com\/jesuitasburgos.es\/biblioteca\/wp-content\/uploads\/2013\/11\/la-foto1.jpg?resize=480%2C442\" width=\"480\" height=\"442\" srcset=\"https:\/\/i0.wp.com\/jesuitasburgos.es\/biblioteca\/wp-content\/uploads\/2013\/11\/la-foto1.jpg?w=480 480w, https:\/\/i0.wp.com\/jesuitasburgos.es\/biblioteca\/wp-content\/uploads\/2013\/11\/la-foto1.jpg?resize=300%2C276 300w, https:\/\/i0.wp.com\/jesuitasburgos.es\/biblioteca\/wp-content\/uploads\/2013\/11\/la-foto1.jpg?resize=162%2C150 162w, https:\/\/i0.wp.com\/jesuitasburgos.es\/biblioteca\/wp-content\/uploads\/2013\/11\/la-foto1.jpg?resize=150%2C138 150w\" sizes=\"(max-width: 480px) 100vw, 480px\" data-recalc-dims=\"1\" \/><\/a><\/p>\n","protected":false},"excerpt":{"rendered":"<p>Paula, de 1\u00ba ESO A, nos env\u00eda esta foto tomada en un bar. \u00a1Madre m\u00eda!<\/p>\n","protected":false},"author":1,"featured_media":0,"comment_status":"open","ping_status":"open","sticky":false,"template":"","format":"standard","meta":{"jetpack_post_was_ever_published":false,"jetpack_publicize_message":"","jetpack_is_tweetstorm":false,"jetpack_publicize_feature_enabled":true,"jetpack_social_post_already_shared":false,"jetpack_social_options":{"image_generator_settings":{"template":"highway","enabled":false}}},"categories":[8],"tags":[],"jetpack_publicize_connections":[],"jetpack_featured_media_url":"","jetpack_sharing_enabled":true,"jetpack_shortlink":"https:\/\/wp.me\/p5H2Oh-f2","jetpack-related-posts":[{"id":169,"url":"http:\/\/jesuitasburgos.es\/biblioteca\/?p=169","url_meta":{"origin":932,"position":0},"title":"CALLEJEROS ORTOGR\u00c1FICOS","date":"26 febrero, 2013","format":false,"excerpt":"Mar\u00eda \u00cd\u00f1igo Hoyo de 3\u00ba ESO C nos env\u00eda esta foto con una evidente falta de ortograf\u00eda. \u00a1Gracias por tu participaci\u00f3n!En la biblioteca del colegio no aceptamos tarjetas de este tipo, ni siquiera llenas de dinero.","rel":"","context":"En \u00abAlumnos\u00bb","img":{"alt_text":"","src":"https:\/\/i0.wp.com\/3.bp.blogspot.com\/-D80sd7hP9ro\/USwYQUTd8sI\/AAAAAAAABRY\/SdhP1zOwGUk\/s400\/targetasmar%C3%ADa3%C2%BAC.jpeg?resize=350%2C200","width":350,"height":200},"classes":[]},{"id":995,"url":"http:\/\/jesuitasburgos.es\/biblioteca\/?p=995","url_meta":{"origin":932,"position":1},"title":"CALLEJEROS ORTOGR\u00c1FICOS","date":"8 diciembre, 2013","format":false,"excerpt":"Leyre Grijalba nos env\u00eda esta foto del men\u00fa de un restaurante en la que se pod\u00edan elegir diferentes platos. A la fideu\u00e1 le sobraba algo...","rel":"","context":"En \u00abAlumnos\u00bb","img":{"alt_text":"","src":"https:\/\/i0.wp.com\/jesuitasburgos.es\/biblioteca\/wp-content\/uploads\/2013\/12\/la-foto.jpg?resize=350%2C200","width":350,"height":200},"classes":[]},{"id":109,"url":"http:\/\/jesuitasburgos.es\/biblioteca\/?p=109","url_meta":{"origin":932,"position":2},"title":"CALLEJEROS ORTOGR\u00c1FICOS","date":"12 abril, 2013","format":false,"excerpt":"Alberto Urbina de 4\u00ba ESO A nos env\u00eda esta foto para que la publiquemos.\u00a0Todos los \u00e1rboles son esdr\u00fajulos; estamos a favor de su distribuci\u00f3n gratis; la recogida deber\u00eda mejorar ligeramente, \u00bfno cre\u00e9is?","rel":"","context":"En \u00abAlumnos\u00bb","img":{"alt_text":"","src":"https:\/\/i0.wp.com\/3.bp.blogspot.com\/-_teUC20Djho\/UWdXSpUpgWI\/AAAAAAAABlA\/_wmTzMKydhU\/s640\/la+foto+urbina.JPG?resize=350%2C200","width":350,"height":200},"classes":[]},{"id":452,"url":"http:\/\/jesuitasburgos.es\/biblioteca\/?p=452","url_meta":{"origin":932,"position":3},"title":"CALLEJEROS ORTOGR\u00c1FICOS","date":"2 octubre, 2013","format":false,"excerpt":"Gema Fisac de 1\u00ba de ESO nos env\u00eda estas fotograf\u00edas con faltas de ortograf\u00eda. Nuestros alumnos contin\u00faan siendo la pesadilla\u00a0 de los burgaleses... \u00a1\u00c1nimo chicos!","rel":"","context":"En \u00abCallejeros ortogr\u00e1ficos\u00bb","img":{"alt_text":"","src":"https:\/\/i0.wp.com\/jesuitasburgos.es\/biblioteca\/wp-content\/uploads\/2013\/10\/la-foto-5.jpg?resize=350%2C200","width":350,"height":200},"classes":[]},{"id":70,"url":"http:\/\/jesuitasburgos.es\/biblioteca\/?p=70","url_meta":{"origin":932,"position":4},"title":"CALLEJEROS ORTOGR\u00c1FICOS","date":"2 mayo, 2013","format":false,"excerpt":"\u00c1lvaro Hernando nos env\u00eda esta curiosa foto tomada en nuestra ciudad.La di\u00e9resis no es necesaria en este caso: la \"u\" se pronuncia de todas formas. Otro caso distinto ser\u00eda la palabra \"antig\u00fcedad\".Esto dice la RAE:Di\u00e9resis. Signo ortogr\u00e1fico auxiliar, tambi\u00e9n llamado crema, representado por dos puntos (\u00a8) que se disponen horizontalmente\u2026","rel":"","context":"En \u00abAlumnos\u00bb","img":{"alt_text":"","src":"https:\/\/i0.wp.com\/3.bp.blogspot.com\/-gE2RxfuIPQY\/UYG-lazQKmI\/AAAAAAAABzc\/U7NFw3EDTQE\/s400\/DSC00014.JPG?resize=350%2C200","width":350,"height":200},"classes":[]},{"id":1084,"url":"http:\/\/jesuitasburgos.es\/biblioteca\/?p=1084","url_meta":{"origin":932,"position":5},"title":"CALLEJEROS ORTOGR\u00c1FICOS","date":"19 diciembre, 2013","format":false,"excerpt":"Paula nos env\u00eda estas fotos demostrando que la falta de tildes es \"el pan nuestro de cada d\u00eda\".","rel":"","context":"En \u00abAlumnos\u00bb","img":{"alt_text":"","src":"https:\/\/i0.wp.com\/jesuitasburgos.es\/biblioteca\/wp-content\/uploads\/2013\/12\/la-foto1.jpg?resize=350%2C200","width":350,"height":200},"classes":[]}],"jetpack_likes_enabled":true,"_links":{"self":[{"href":"http:\/\/jesuitasburgos.es\/biblioteca\/index.php?rest_route=\/wp\/v2\/posts\/932"}],"collection":[{"href":"http:\/\/jesuitasburgos.es\/biblioteca\/index.php?rest_route=\/wp\/v2\/posts"}],"about":[{"href":"http:\/\/jesuitasburgos.es\/biblioteca\/index.php?rest_route=\/wp\/v2\/types\/post"}],"author":[{"embeddable":true,"href":"http:\/\/jesuitasburgos.es\/biblioteca\/index.php?rest_route=\/wp\/v2\/users\/1"}],"replies":[{"embeddable":true,"href":"http:\/\/jesuitasburgos.es\/biblioteca\/index.php?rest_route=%2Fwp%2Fv2%2Fcomments&post=932"}],"version-history":[{"count":1,"href":"http:\/\/jesuitasburgos.es\/biblioteca\/index.php?rest_route=\/wp\/v2\/posts\/932\/revisions"}],"predecessor-version":[{"id":935,"href":"http:\/\/jesuitasburgos.es\/biblioteca\/index.php?rest_route=\/wp\/v2\/posts\/932\/revisions\/935"}],"wp:attachment":[{"href":"http:\/\/jesuitasburgos.es\/biblioteca\/index.php?rest_route=%2Fwp%2Fv2%2Fmedia&parent=932"}],"wp:term":[{"taxonomy":"category","embeddable":true,"href":"http:\/\/jesuitasburgos.es\/biblioteca\/index.php?rest_route=%2Fwp%2Fv2%2Fcategories&post=932"},{"taxonomy":"post_tag","embeddable":true,"href":"http:\/\/jesuitasburgos.es\/biblioteca\/index.php?rest_route=%2Fwp%2Fv2%2Ftags&post=932"}],"curies":[{"name":"wp","href":"https:\/\/api.w.org\/{rel}","templated":true}]}}