{"id":912,"date":"2013-11-20T22:43:27","date_gmt":"2013-11-20T22:43:27","guid":{"rendered":"http:\/\/jesuitasburgos.es\/biblioteca\/?p=912"},"modified":"2013-11-20T22:49:52","modified_gmt":"2013-11-20T22:49:52","slug":"charla-en-el-albergue-de-emaus-con-marie-noelle-maurin","status":"publish","type":"post","link":"http:\/\/jesuitasburgos.es\/biblioteca\/?p=912","title":{"rendered":"CHARLA EN EL ALBERGUE DE EMA\u00daS CON MARIE NO\u00cbLLE MAURIN"},"content":{"rendered":"<p>&nbsp;<\/p>\n<p style=\"text-indent: 0.04cm; margin-top: 0.08cm; margin-bottom: 0cm; line-height: 0.39cm;\" align=\"JUSTIFY\"><span style=\"color: #242424;\"><span style=\"font-size: small;\"><span lang=\"es-ES\">El pasado mi\u00e9rcoles 30 de oct<\/span><\/span><\/span><span style=\"color: #242424;\"><span style=\"font-size: small;\"><span lang=\"es-ES\">ubre los alumnos de franc\u00e9s de 1\u00ba y 2\u00ba de BACH fui<\/span><\/span><\/span><span style=\"color: #242424;\"><span style=\"font-size: small;\"><span lang=\"es-ES\">mos al<a href=\"https:\/\/i0.wp.com\/jesuitasburgos.es\/biblioteca\/wp-content\/uploads\/2013\/11\/DSC03767.jpg\"><img data-attachment-id=\"913\" data-permalink=\"http:\/\/jesuitasburgos.es\/biblioteca\/?attachment_id=913\" data-orig-file=\"https:\/\/i0.wp.com\/jesuitasburgos.es\/biblioteca\/wp-content\/uploads\/2013\/11\/DSC03767.jpg?fit=2592%2C1944\" data-orig-size=\"2592,1944\" data-comments-opened=\"1\" data-image-meta=\"{&quot;aperture&quot;:&quot;2.8&quot;,&quot;credit&quot;:&quot;&quot;,&quot;camera&quot;:&quot;DSC-P100&quot;,&quot;caption&quot;:&quot;&quot;,&quot;created_timestamp&quot;:&quot;1383132042&quot;,&quot;copyright&quot;:&quot;&quot;,&quot;focal_length&quot;:&quot;7.9&quot;,&quot;iso&quot;:&quot;160&quot;,&quot;shutter_speed&quot;:&quot;0.025&quot;,&quot;title&quot;:&quot;&quot;}\" data-image-title=\"DSC03767\" data-image-description=\"\" data-image-caption=\"\" data-medium-file=\"https:\/\/i0.wp.com\/jesuitasburgos.es\/biblioteca\/wp-content\/uploads\/2013\/11\/DSC03767.jpg?fit=300%2C225\" data-large-file=\"https:\/\/i0.wp.com\/jesuitasburgos.es\/biblioteca\/wp-content\/uploads\/2013\/11\/DSC03767.jpg?fit=800%2C600\" decoding=\"async\" loading=\"lazy\" class=\"alignright size-medium wp-image-913\" alt=\"DSC03767\" src=\"https:\/\/i0.wp.com\/jesuitasburgos.es\/biblioteca\/wp-content\/uploads\/2013\/11\/DSC03767.jpg?resize=300%2C225\" width=\"300\" height=\"225\" srcset=\"https:\/\/i0.wp.com\/jesuitasburgos.es\/biblioteca\/wp-content\/uploads\/2013\/11\/DSC03767.jpg?resize=300%2C225 300w, https:\/\/i0.wp.com\/jesuitasburgos.es\/biblioteca\/wp-content\/uploads\/2013\/11\/DSC03767.jpg?resize=1024%2C768 1024w, https:\/\/i0.wp.com\/jesuitasburgos.es\/biblioteca\/wp-content\/uploads\/2013\/11\/DSC03767.jpg?resize=200%2C150 200w, https:\/\/i0.wp.com\/jesuitasburgos.es\/biblioteca\/wp-content\/uploads\/2013\/11\/DSC03767.jpg?resize=150%2C112 150w, https:\/\/i0.wp.com\/jesuitasburgos.es\/biblioteca\/wp-content\/uploads\/2013\/11\/DSC03767.jpg?w=1600 1600w, https:\/\/i0.wp.com\/jesuitasburgos.es\/biblioteca\/wp-content\/uploads\/2013\/11\/DSC03767.jpg?w=2400 2400w\" sizes=\"(max-width: 300px) 100vw, 300px\" data-recalc-dims=\"1\" \/><\/a> albergue de peregrinos Ema\u00fas<span style=\"color: #242424;\">\u00a0<\/span> donde ten\u00edamos fijada una charla impartida por Marie No\u00eb<\/span><\/span><\/span><span style=\"color: #242424;\"><span style=\"font-size: small;\"><span lang=\"es-ES\">lle Maurin a las nueve de la ma\u00f1ana.<\/span><\/span><\/span><\/p>\n<p>&nbsp;<\/p>\n<p style=\"margin-left: 0.04cm; margin-bottom: 0cm; line-height: 0.46cm;\" align=\"JUSTIFY\"><span style=\"color: #242424;\"><span style=\"font-size: small;\">Esa ma\u00f1ana precisamente despu\u00e9s de haber tenido franc\u00e9s como primera clase, nos<span lang=\"es-ES\">fuim<\/span><\/span><\/span><span style=\"color: #242424;\"><span style=\"font-size: small;\"><span lang=\"es-ES\">os caminando hasta llegar a la puerta, en donde nos recibi\u00f3 Marie con los brazos abiertos. Nos indic\u00f3 c<span style=\"color: #242424;\">\u00f3mo<\/span> llegar hasta las habitaciones para entender en l\u00edneas<\/span><\/span><\/span><span style=\"color: #242424;\"><span style=\"font-size: small;\"><span lang=\"es-ES\">generales en qu<span style=\"color: #242424;\">\u00e9<\/span> ambiente se mov\u00edan todos esos peregrinos, provenientes <span style=\"color: #242424;\">m<\/span>uchos de ellos de pa\u00edses como Argentina, Brasil, Corea, Jap\u00f3n, Francia&#8230;<\/span><\/span><\/span><\/p>\n<p>&nbsp;<\/p>\n<p style=\"margin-left: 0.02cm; text-indent: -0.01cm; margin-top: 0.01cm; margin-bottom: 0cm; line-height: 0.46cm;\" align=\"JUSTIFY\"><span style=\"color: #242424;\"><span style=\"font-size: small;\"><span lang=\"es-ES\">Despu\u00e9s nos mostraron la cocina que es donde realizaban las tres comidas todos ellos; y la <a href=\"https:\/\/i0.wp.com\/jesuitasburgos.es\/biblioteca\/wp-content\/uploads\/2013\/11\/DSC03764.jpg\"><img data-attachment-id=\"914\" data-permalink=\"http:\/\/jesuitasburgos.es\/biblioteca\/?attachment_id=914\" data-orig-file=\"https:\/\/i0.wp.com\/jesuitasburgos.es\/biblioteca\/wp-content\/uploads\/2013\/11\/DSC03764.jpg?fit=2592%2C1944\" data-orig-size=\"2592,1944\" data-comments-opened=\"1\" data-image-meta=\"{&quot;aperture&quot;:&quot;2.8&quot;,&quot;credit&quot;:&quot;&quot;,&quot;camera&quot;:&quot;DSC-P100&quot;,&quot;caption&quot;:&quot;&quot;,&quot;created_timestamp&quot;:&quot;1383131873&quot;,&quot;copyright&quot;:&quot;&quot;,&quot;focal_length&quot;:&quot;7.9&quot;,&quot;iso&quot;:&quot;200&quot;,&quot;shutter_speed&quot;:&quot;0.025&quot;,&quot;title&quot;:&quot;&quot;}\" data-image-title=\"DSC03764\" data-image-description=\"\" data-image-caption=\"\" data-medium-file=\"https:\/\/i0.wp.com\/jesuitasburgos.es\/biblioteca\/wp-content\/uploads\/2013\/11\/DSC03764.jpg?fit=300%2C225\" data-large-file=\"https:\/\/i0.wp.com\/jesuitasburgos.es\/biblioteca\/wp-content\/uploads\/2013\/11\/DSC03764.jpg?fit=800%2C600\" decoding=\"async\" loading=\"lazy\" class=\"alignright size-medium wp-image-914\" alt=\"DSC03764\" src=\"https:\/\/i0.wp.com\/jesuitasburgos.es\/biblioteca\/wp-content\/uploads\/2013\/11\/DSC03764.jpg?resize=300%2C225\" width=\"300\" height=\"225\" srcset=\"https:\/\/i0.wp.com\/jesuitasburgos.es\/biblioteca\/wp-content\/uploads\/2013\/11\/DSC03764.jpg?resize=300%2C225 300w, https:\/\/i0.wp.com\/jesuitasburgos.es\/biblioteca\/wp-content\/uploads\/2013\/11\/DSC03764.jpg?resize=1024%2C768 1024w, https:\/\/i0.wp.com\/jesuitasburgos.es\/biblioteca\/wp-content\/uploads\/2013\/11\/DSC03764.jpg?resize=200%2C150 200w, https:\/\/i0.wp.com\/jesuitasburgos.es\/biblioteca\/wp-content\/uploads\/2013\/11\/DSC03764.jpg?resize=150%2C112 150w, https:\/\/i0.wp.com\/jesuitasburgos.es\/biblioteca\/wp-content\/uploads\/2013\/11\/DSC03764.jpg?w=1600 1600w, https:\/\/i0.wp.com\/jesuitasburgos.es\/biblioteca\/wp-content\/uploads\/2013\/11\/DSC03764.jpg?w=2400 2400w\" sizes=\"(max-width: 300px) 100vw, 300px\" data-recalc-dims=\"1\" \/><\/a>mejor parte lleg\u00f3 aqu\u00ed o al menos seg\u00fan mi parecer. Marie nos empez\u00f3 a hablar en franc\u00e9s de cu\u00e1les hab\u00edan sido sus experiencias, las suyas y las de una amiga, sobre el<\/span><\/span><\/span><span style=\"color: #242424;\"><span style=\"font-size: small;\"><span lang=\"es-ES\">conocid\u00edsimo Camino de Santiago, que mismamente nosotros hab\u00edamos hecho hac\u00eda dos a\u00f1os. Como le hab\u00eda marcado de tal manera que a d\u00eda de hoy estaba dedicada a Dios,<\/span><\/span><\/span><span style=\"color: #242424;\"><span style=\"font-size: small;\"><span lang=\"es-ES\">siendo lo que conocemos como novicia.<\/span><\/span><\/span><span lang=\"es-ES\"> Despu\u00e9s de la charla comenz\u00f3 la ronda de preguntas. <\/span><span style=\"color: #242424;\"><span style=\"font-size: small;\"><span lang=\"es-ES\">Y finalmente nos dieron un peque\u00f1o almuerzo a base de galletas y chocolate, el cual le agradec<span style=\"color: #242424;\">im<\/span>os mucho.<\/span><\/span><\/span><\/p>\n<p style=\"margin-left: 0.02cm; text-indent: -0.01cm; margin-top: 0.01cm; margin-bottom: 0cm; line-height: 0.46cm;\" align=\"JUSTIFY\">\n<h5 lang=\"es-ES\" style=\"margin-left: 0.01cm; margin-bottom: 0cm; line-height: 0.49cm; text-align: justify;\"><\/h5>\n<p lang=\"es-ES\" style=\"margin-left: 0.01cm; margin-bottom: 0cm; line-height: 0.49cm;\"><span style=\"color: #242424;\"><span style=\"font-size: small;\">En mi opini\u00f3n, creo que esto es lo que necesitamos todos los que estudiamos idiomas, <a href=\"https:\/\/i0.wp.com\/jesuitasburgos.es\/biblioteca\/wp-content\/uploads\/2013\/11\/DSC03769.jpg\"><img data-attachment-id=\"915\" data-permalink=\"http:\/\/jesuitasburgos.es\/biblioteca\/?attachment_id=915\" data-orig-file=\"https:\/\/i0.wp.com\/jesuitasburgos.es\/biblioteca\/wp-content\/uploads\/2013\/11\/DSC03769.jpg?fit=2592%2C1944\" data-orig-size=\"2592,1944\" data-comments-opened=\"1\" data-image-meta=\"{&quot;aperture&quot;:&quot;2.8&quot;,&quot;credit&quot;:&quot;&quot;,&quot;camera&quot;:&quot;DSC-P100&quot;,&quot;caption&quot;:&quot;&quot;,&quot;created_timestamp&quot;:&quot;1383133325&quot;,&quot;copyright&quot;:&quot;&quot;,&quot;focal_length&quot;:&quot;7.9&quot;,&quot;iso&quot;:&quot;100&quot;,&quot;shutter_speed&quot;:&quot;0.025&quot;,&quot;title&quot;:&quot;&quot;}\" data-image-title=\"DSC03769\" data-image-description=\"\" data-image-caption=\"\" data-medium-file=\"https:\/\/i0.wp.com\/jesuitasburgos.es\/biblioteca\/wp-content\/uploads\/2013\/11\/DSC03769.jpg?fit=300%2C225\" data-large-file=\"https:\/\/i0.wp.com\/jesuitasburgos.es\/biblioteca\/wp-content\/uploads\/2013\/11\/DSC03769.jpg?fit=800%2C600\" decoding=\"async\" loading=\"lazy\" class=\"alignright size-medium wp-image-915\" alt=\"DSC03769\" src=\"https:\/\/i0.wp.com\/jesuitasburgos.es\/biblioteca\/wp-content\/uploads\/2013\/11\/DSC03769.jpg?resize=300%2C225\" width=\"300\" height=\"225\" srcset=\"https:\/\/i0.wp.com\/jesuitasburgos.es\/biblioteca\/wp-content\/uploads\/2013\/11\/DSC03769.jpg?resize=300%2C225 300w, https:\/\/i0.wp.com\/jesuitasburgos.es\/biblioteca\/wp-content\/uploads\/2013\/11\/DSC03769.jpg?resize=1024%2C768 1024w, https:\/\/i0.wp.com\/jesuitasburgos.es\/biblioteca\/wp-content\/uploads\/2013\/11\/DSC03769.jpg?resize=200%2C150 200w, https:\/\/i0.wp.com\/jesuitasburgos.es\/biblioteca\/wp-content\/uploads\/2013\/11\/DSC03769.jpg?resize=150%2C112 150w, https:\/\/i0.wp.com\/jesuitasburgos.es\/biblioteca\/wp-content\/uploads\/2013\/11\/DSC03769.jpg?w=1600 1600w, https:\/\/i0.wp.com\/jesuitasburgos.es\/biblioteca\/wp-content\/uploads\/2013\/11\/DSC03769.jpg?w=2400 2400w\" sizes=\"(max-width: 300px) 100vw, 300px\" data-recalc-dims=\"1\" \/><\/a>no tanto el aprender a conjugar verbos o aprender vocabulario como algo tan pr\u00e1ctico como es el hablar el propio idioma.<\/span><\/span><\/p>\n<p>&nbsp;<\/p>\n<p lang=\"es-ES\" style=\"margin-left: 0.01cm; margin-bottom: 0cm; line-height: 0.49cm;\">\n<p>&nbsp;<\/p>\n<p lang=\"es-ES\" style=\"margin-left: 0.01cm; margin-bottom: 0cm; line-height: 0.49cm; text-align: right;\"><span style=\"color: #242424;\"><span style=\"font-size: small;\">M\u00f3nica Delgado Manero<\/span><\/span><\/p>\n<p>&nbsp;<\/p>\n<p>&nbsp;<\/p>\n<p>&nbsp;<\/p>\n<p lang=\"es-ES\" style=\"margin-left: 0.01cm; margin-bottom: 0cm; line-height: 0.49cm; text-align: right;\"><span style=\"color: #242424;\"><span style=\"font-size: medium;\">M\u00f3nica Delgado Manero<\/span><\/span><\/p>\n<p>&nbsp;<\/p>\n<p>&nbsp;<\/p>\n<p>&nbsp;<\/p>\n","protected":false},"excerpt":{"rendered":"<p>&nbsp; El pasado mi\u00e9rcoles 30 de octubre los alumnos de franc\u00e9s de 1\u00ba y 2\u00ba de BACH fuimos al albergue<\/p>\n","protected":false},"author":1,"featured_media":0,"comment_status":"open","ping_status":"open","sticky":false,"template":"","format":"standard","meta":{"jetpack_post_was_ever_published":false,"jetpack_publicize_message":"","jetpack_is_tweetstorm":false,"jetpack_publicize_feature_enabled":true,"jetpack_social_post_already_shared":false,"jetpack_social_options":{"image_generator_settings":{"template":"highway","enabled":false}}},"categories":[8,17,33,47],"tags":[],"jetpack_publicize_connections":[],"jetpack_featured_media_url":"","jetpack_sharing_enabled":true,"jetpack_shortlink":"https:\/\/wp.me\/p5H2Oh-eI","jetpack-related-posts":[{"id":1134,"url":"http:\/\/jesuitasburgos.es\/biblioteca\/?p=1134","url_meta":{"origin":912,"position":0},"title":"CHARLA SOBRE B\u00c9LGICA EN FRANC\u00c9S por In\u00e9s Espinosa","date":"30 diciembre, 2013","format":false,"excerpt":"\u00a0 B\u00c9LGICA El mi\u00e9rcoles 13 de noviembre, los alumnos de la optativa de franc\u00e9s de 3\u00ba de ESO recibimos la visita de Patricia Dembour, madre de alumnos del colegio. Madame Dembour es de nacionalidad belga, por lo que en su visita nos habl\u00f3 de su pa\u00eds natal: B\u00e9lgica. B\u00e9lgica es\u2026","rel":"","context":"En \u00abAlumnos\u00bb","img":{"alt_text":"","src":"https:\/\/i0.wp.com\/jesuitasburgos.es\/biblioteca\/wp-content\/uploads\/2013\/12\/DSC_0349-300x225.jpg?resize=350%2C200","width":350,"height":200},"classes":[]},{"id":790,"url":"http:\/\/jesuitasburgos.es\/biblioteca\/?p=790","url_meta":{"origin":912,"position":1},"title":"Pourquoi est-ce qu\u2019on \u00e9tudie le fran\u00e7ais? par Julia Carbonell","date":"16 noviembre, 2013","format":false,"excerpt":"Julia es antigua alumna del colegio (promoci\u00f3n 2013).\u00a0 Estudia Traducci\u00f3n e Interpretaci\u00f3n y es una gran amante de la lengua francesa. La semana pasada dio una charla en franc\u00e9s a los alumnos de 3\u00ba ESO A. El curso pasado se present\u00f3 a selectividad por Franc\u00e9s y obtuvo un 10 en\u2026","rel":"","context":"En \u00abAlumnos\u00bb","img":{"alt_text":"","src":"","width":0,"height":0},"classes":[]},{"id":156,"url":"http:\/\/jesuitasburgos.es\/biblioteca\/?p=156","url_meta":{"origin":912,"position":2},"title":"CURRICULUM VITAE &#8211; MARIE CURIE","date":"6 marzo, 2013","format":false,"excerpt":"Los alumnos de 4\u00ba de ESO est\u00e1n trabajando en clase de Lengua la redacci\u00f3n de un curr\u00edculum. Para ello han elegido a varios cient\u00edficos mundialmente conocidos y les est\u00e1n ayudando a buscar trabajo. Tal y como est\u00e1n las cosas, no les va a resultar f\u00e1cil...Curriculum Vitae DATOS PERSONALES:-APELLIDOS: Salomea Sktodowska\u2026","rel":"","context":"En \u00abAlumnos\u00bb","img":{"alt_text":"","src":"","width":0,"height":0},"classes":[]},{"id":415,"url":"http:\/\/jesuitasburgos.es\/biblioteca\/?p=415","url_meta":{"origin":912,"position":3},"title":"\u00bfQU\u00c9 PIENSAN NUESTROS ALUMNOS DE LA LENGUA FRANCESA?","date":"27 septiembre, 2013","format":false,"excerpt":"Durante estas semanas os vamos a ir presentando\u00a0 diferentes p\u00f3steres que est\u00e1n realizando los alumnos de Franc\u00e9s\u00a0 del colegio con motivo de la inauguraci\u00f3n del Trimestre Tem\u00e1tico del Franc\u00e9s. Este p\u00f3ster ha sido dise\u00f1ado por Jimena Angulo.","rel":"","context":"En \u00abAlumnos\u00bb","img":{"alt_text":"","src":"","width":0,"height":0},"classes":[]},{"id":536,"url":"http:\/\/jesuitasburgos.es\/biblioteca\/?p=536","url_meta":{"origin":912,"position":4},"title":"CONCURSO DE CALIGRAMAS","date":"14 octubre, 2013","format":false,"excerpt":"Desde el blog de la biblioteca queremos proponeros un concurso divertido. Los alumnos de Franc\u00e9s del colegio (muy activos este trimestre) han empezado a confeccionar sus \"caligrammes\" en las clases de Franc\u00e9s. Podemos extender esta idea tambi\u00e9n para todos aquellos que quer\u00e1is hacerlo en cualquier otra lengua, incluido el castellano.\u2026","rel":"","context":"En \u00abAlumnos\u00bb","img":{"alt_text":"marina rincon-sof\u00c3\u00ada mu\u00c3\u00b1oz","src":"https:\/\/i0.wp.com\/jesuitasburgos.es\/biblioteca\/wp-content\/uploads\/2013\/10\/marina-rincon-sof\u00c3\u00ada-mu\u00c3\u00b1oz-e1381628809435.jpg?resize=350%2C200","width":350,"height":200},"classes":[]},{"id":745,"url":"http:\/\/jesuitasburgos.es\/biblioteca\/?p=745","url_meta":{"origin":912,"position":5},"title":"CALIGRAMA DE JAVIER BASURTO (Ave Mar\u00eda en franc\u00e9s)","date":"11 noviembre, 2013","format":false,"excerpt":"","rel":"","context":"En \u00abAlumnos\u00bb","img":{"alt_text":"bASURTO 2","src":"https:\/\/i0.wp.com\/jesuitasburgos.es\/biblioteca\/wp-content\/uploads\/2013\/11\/bASURTO-2-692x1024.jpg?resize=350%2C200","width":350,"height":200},"classes":[]}],"jetpack_likes_enabled":true,"_links":{"self":[{"href":"http:\/\/jesuitasburgos.es\/biblioteca\/index.php?rest_route=\/wp\/v2\/posts\/912"}],"collection":[{"href":"http:\/\/jesuitasburgos.es\/biblioteca\/index.php?rest_route=\/wp\/v2\/posts"}],"about":[{"href":"http:\/\/jesuitasburgos.es\/biblioteca\/index.php?rest_route=\/wp\/v2\/types\/post"}],"author":[{"embeddable":true,"href":"http:\/\/jesuitasburgos.es\/biblioteca\/index.php?rest_route=\/wp\/v2\/users\/1"}],"replies":[{"embeddable":true,"href":"http:\/\/jesuitasburgos.es\/biblioteca\/index.php?rest_route=%2Fwp%2Fv2%2Fcomments&post=912"}],"version-history":[{"count":3,"href":"http:\/\/jesuitasburgos.es\/biblioteca\/index.php?rest_route=\/wp\/v2\/posts\/912\/revisions"}],"predecessor-version":[{"id":918,"href":"http:\/\/jesuitasburgos.es\/biblioteca\/index.php?rest_route=\/wp\/v2\/posts\/912\/revisions\/918"}],"wp:attachment":[{"href":"http:\/\/jesuitasburgos.es\/biblioteca\/index.php?rest_route=%2Fwp%2Fv2%2Fmedia&parent=912"}],"wp:term":[{"taxonomy":"category","embeddable":true,"href":"http:\/\/jesuitasburgos.es\/biblioteca\/index.php?rest_route=%2Fwp%2Fv2%2Fcategories&post=912"},{"taxonomy":"post_tag","embeddable":true,"href":"http:\/\/jesuitasburgos.es\/biblioteca\/index.php?rest_route=%2Fwp%2Fv2%2Ftags&post=912"}],"curies":[{"name":"wp","href":"https:\/\/api.w.org\/{rel}","templated":true}]}}