{"id":799,"date":"2013-11-12T00:02:37","date_gmt":"2013-11-12T00:02:37","guid":{"rendered":"http:\/\/jesuitasburgos.es\/biblioteca\/?p=799"},"modified":"2013-11-12T00:05:06","modified_gmt":"2013-11-12T00:05:06","slug":"reconocimiento-centro-educativo-por-el-comercio-justo","status":"publish","type":"post","link":"http:\/\/jesuitasburgos.es\/biblioteca\/?p=799","title":{"rendered":"RECONOCIMIENTO CENTRO EDUCATIVO POR EL COMERCIO JUSTO"},"content":{"rendered":"<hr \/>\n<p><strong>As\u00ed reflej\u00f3 la prensa el acto celebrado en nuestra biblioteca. \u00a1Enhorabuena, chicos!<\/strong><\/p>\n<div class=\"span8 div_news_image\"><img decoding=\"async\" alt=\"Entrega de diplomas en la Biblioteca del Centro Educativo \" src=\"http:\/\/www.radioarlanzon.com\/scripts\/php\/minis.php?src=\/media\/images\/cms\/20131024_142422_la%20foto%202%20%2814%29.JPG&amp;w=600&amp;h=378&amp;zc=1&amp;q=100\" \/><\/p>\n<p class=\"small\">Entrega de diplomas en la Biblioteca del Centro Educativo \u00abLa Merced y San Francisco Javier\u00bb<\/p>\n<hr \/>\n<p>Jueves, 24 de Octubre de 2013<\/p>\n<\/div>\n<h1 class=\"montserrat dark\">Jesuitas recibe el diploma del \u00abComercio Justo\u00bb<\/h1>\n<p class=\"montserrat\">El Colegio de La Merced y San Francisco Javier, Jesuitas, ha recibido el diploma de reconocimiento como Centro Educativo por el Comercio Justo concedido por organizaciones no gubernamentales como IDEAS, PROYDE Y SETEM.<\/p>\n<p class=\"uppercase\">\u00a0Radio Arlanz\u00f3n<\/p>\n<p>\u00a0Una campa\u00f1a \u201cpor el comercio justo\u201d inspirada en la operaci\u00f3n que las Bibliotecas Municipales de Burgos est\u00e1n llevando a cabo en la ciudad\u00a0y que han trasladado al propio colegio.<\/p>\n<p>Un proyecto que lleva desarroll\u00e1ndose durante un a\u00f1o por m\u00e1s de 90 alumnos de primero de la ESO, los cuales han participado en diferentes programas educativos para impulsar, promocionar y vender los productos del comercio justo, como ha explicado Eva Ruiz, encargada de la biblioteca de Jesuitas.<\/p>\n<p>Una actividad que ha impactado mucho a los escolares al saber que ni\u00f1os de su misma edad no tienen los mismos derechos que ellos como el simple hecho de poder acudir a la escuela o recibir una asistencia m\u00e9dica b\u00e1sica.<\/p>\n<p>Al acto han acudido Bienvenido Nieto, concejal de Educaci\u00f3n, Ana Lopidana, concejal de Servicios Sociales y Alfredo Calvo, responsable de comunicaci\u00f3n de C\u00e1ritas.<\/p>\n<p>&nbsp;<\/p>\n","protected":false},"excerpt":{"rendered":"<p>As\u00ed reflej\u00f3 la prensa el acto celebrado en nuestra biblioteca. \u00a1Enhorabuena, chicos! Entrega de diplomas en la Biblioteca del Centro<\/p>\n","protected":false},"author":1,"featured_media":0,"comment_status":"open","ping_status":"open","sticky":false,"template":"","format":"standard","meta":{"jetpack_post_was_ever_published":false,"jetpack_publicize_message":"","jetpack_is_tweetstorm":false,"jetpack_publicize_feature_enabled":true,"jetpack_social_post_already_shared":false,"jetpack_social_options":{"image_generator_settings":{"template":"highway","enabled":false}}},"categories":[8,24,10],"tags":[],"jetpack_publicize_connections":[],"jetpack_featured_media_url":"","jetpack_sharing_enabled":true,"jetpack_shortlink":"https:\/\/wp.me\/p5H2Oh-cT","jetpack-related-posts":[{"id":320,"url":"http:\/\/jesuitasburgos.es\/biblioteca\/?p=320","url_meta":{"origin":799,"position":0},"title":"NUESTRA BIBLIOTECA EN DIARIO DE BURGOS","date":"4 noviembre, 2012","format":false,"excerpt":"\u00a1A leer como locos!I.L.H. \/ Burgos - mi\u00e9rcoles, 24 de octubre de 2012El centro educativo La Merced y San Francisco Javier reinaugura su biblioteca con una fiesta inspirada en \"El se\u00f1or de los anillos\"Ese es el prop\u00f3sito de un d\u00eda como hoy. Aunque no necesitan excusas, las bibliotecas escolares celebran\u2026","rel":"","context":"En \u00abArt\u00edculos de prensa\u00bb","img":{"alt_text":"","src":"https:\/\/i0.wp.com\/3.bp.blogspot.com\/-JoCwZxJzPfA\/UIhltlfpVuI\/AAAAAAAAADg\/ygOz39uDs3o\/s320\/Foto+biblioteca+DB.JPG?resize=350%2C200","width":350,"height":200},"classes":[]},{"id":308,"url":"http:\/\/jesuitasburgos.es\/biblioteca\/?p=308","url_meta":{"origin":799,"position":1},"title":"IN MEMORIAM","date":"19 noviembre, 2012","format":false,"excerpt":"Querido F\u00e9lix:Hac\u00eda muy poco tiempo que te conoc\u00eda, pero me ha bastado para apreciar tu calidad profesional y humana.Aprovechando una actividad acad\u00e9mica, te pedimos que nos cedieras una colecci\u00f3n de fotograf\u00edas deportivaspara que los alumnos redactaran los pies de foto. Al momento dijiste que s\u00ed. \u00a1 Con qu\u00e9 ilusi\u00f3n las\u2026","rel":"","context":"En \u00abArt\u00edculos de prensa\u00bb","img":{"alt_text":"","src":"https:\/\/i0.wp.com\/4.bp.blogspot.com\/-yqzaRvYcqhE\/UJrjlnHDOQI\/AAAAAAAAAQI\/T-l6KHr3fPA\/s320\/f.oRD%C3%93%C3%91EZ.JPG?resize=350%2C200","width":350,"height":200},"classes":[]},{"id":214,"url":"http:\/\/jesuitasburgos.es\/biblioteca\/?p=214","url_meta":{"origin":799,"position":2},"title":"PREMIOS TRIMESTRE TEM\u00c1TICO LITERATURA Y DEPORTE","date":"22 enero, 2013","format":false,"excerpt":"Como prometimos, el viernes pasado se entregaron los premios correspondientes al Trimestre tem\u00e1tico Literatura y Deporte.\u00a0En un acto sencillo, los alumnos que han destacado por su participaci\u00f3n en las actividades, juegos y concursos\u00a0 propuestos por la biblioteca del colegio recogieron sus premios.Os damos las gracias a todos por vuestro inter\u00e9s\u2026","rel":"","context":"En \u00abAlumnos\u00bb","img":{"alt_text":"","src":"https:\/\/i0.wp.com\/2.bp.blogspot.com\/-_Pm4iaorRDM\/UPyi5UF3o3I\/AAAAAAAAA00\/AfG1fbPgFD0\/s320\/P1010016.JPG?resize=350%2C200","width":350,"height":200},"classes":[]},{"id":805,"url":"http:\/\/jesuitasburgos.es\/biblioteca\/?p=805","url_meta":{"origin":799,"position":3},"title":"CENTRO POR EL COMERCIO JUSTO","date":"12 noviembre, 2013","format":false,"excerpt":"Os dejamos aqu\u00ed m\u00e1s fotos del acto que tuvo lugar en nuestra biblioteca hace 10 d\u00edas.","rel":"","context":"En \u00abAlumnos\u00bb","img":{"alt_text":"IMG_6342","src":"https:\/\/i0.wp.com\/jesuitasburgos.es\/biblioteca\/wp-content\/uploads\/2013\/11\/IMG_6342-1024x768.jpg?resize=350%2C200","width":350,"height":200},"classes":[]},{"id":4912,"url":"http:\/\/jesuitasburgos.es\/biblioteca\/?p=4912","url_meta":{"origin":799,"position":4},"title":"\u00abEl Camino\u00bb, de Miguel Delibes (Cap\u00edtulo I)","date":"23 junio, 2020","format":false,"excerpt":"Lectura conjunta de El camino, la novela m\u00e1s emblem\u00e1tica de Miguel Delibes, con motivo del centenario del nacimiento de este escritor por parte de distintos miembros de la comunidad educativa del colegio La Merced y San Francisco Javier (Jesuitas-Burgos). En esta entrega conoceremos los planes de futuro que los padres\u2026","rel":"","context":"En \u00abAlumnos\u00bb","img":{"alt_text":"","src":"https:\/\/i0.wp.com\/jesuitasburgos.es\/biblioteca\/wp-content\/uploads\/2020\/06\/LecturaConjuntaElCamino-e1592946697316.jpg?fit=622%2C381&resize=350%2C200","width":350,"height":200},"classes":[]},{"id":273,"url":"http:\/\/jesuitasburgos.es\/biblioteca\/?p=273","url_meta":{"origin":799,"position":5},"title":"CARTA DE PALOMA ORD\u00d3\u00d1EZ ANT\u00d3N PUBLICADA EN DIARIO DE BURGOS","date":"12 diciembre, 2012","format":false,"excerpt":"AUTOBUSES AL NUEVO HOSPITAL UNIVERSITARIOUna vez inagurado el m\u00e1s que merecido nuevo hospital de Burgos del cual podemos estar m\u00e1s que satisfechos, \u00a0el ayuntamiento ha hecho todo lo posible para que este tenga un f\u00e1cil acceso para todos los ciudadadanos y ciudadanas de Burgos.Una facilidad, por as\u00ed decirlo, que han\u2026","rel":"","context":"En \u00abAlumnos\u00bb","img":{"alt_text":"","src":"","width":0,"height":0},"classes":[]}],"jetpack_likes_enabled":true,"_links":{"self":[{"href":"http:\/\/jesuitasburgos.es\/biblioteca\/index.php?rest_route=\/wp\/v2\/posts\/799"}],"collection":[{"href":"http:\/\/jesuitasburgos.es\/biblioteca\/index.php?rest_route=\/wp\/v2\/posts"}],"about":[{"href":"http:\/\/jesuitasburgos.es\/biblioteca\/index.php?rest_route=\/wp\/v2\/types\/post"}],"author":[{"embeddable":true,"href":"http:\/\/jesuitasburgos.es\/biblioteca\/index.php?rest_route=\/wp\/v2\/users\/1"}],"replies":[{"embeddable":true,"href":"http:\/\/jesuitasburgos.es\/biblioteca\/index.php?rest_route=%2Fwp%2Fv2%2Fcomments&post=799"}],"version-history":[{"count":4,"href":"http:\/\/jesuitasburgos.es\/biblioteca\/index.php?rest_route=\/wp\/v2\/posts\/799\/revisions"}],"predecessor-version":[{"id":803,"href":"http:\/\/jesuitasburgos.es\/biblioteca\/index.php?rest_route=\/wp\/v2\/posts\/799\/revisions\/803"}],"wp:attachment":[{"href":"http:\/\/jesuitasburgos.es\/biblioteca\/index.php?rest_route=%2Fwp%2Fv2%2Fmedia&parent=799"}],"wp:term":[{"taxonomy":"category","embeddable":true,"href":"http:\/\/jesuitasburgos.es\/biblioteca\/index.php?rest_route=%2Fwp%2Fv2%2Fcategories&post=799"},{"taxonomy":"post_tag","embeddable":true,"href":"http:\/\/jesuitasburgos.es\/biblioteca\/index.php?rest_route=%2Fwp%2Fv2%2Ftags&post=799"}],"curies":[{"name":"wp","href":"https:\/\/api.w.org\/{rel}","templated":true}]}}