{"id":793,"date":"2013-11-11T02:27:54","date_gmt":"2013-11-11T02:27:54","guid":{"rendered":"http:\/\/jesuitasburgos.es\/biblioteca\/?p=793"},"modified":"2013-11-11T02:27:54","modified_gmt":"2013-11-11T02:27:54","slug":"concours-caligrammes","status":"publish","type":"post","link":"http:\/\/jesuitasburgos.es\/biblioteca\/?p=793","title":{"rendered":"CONCOURS CALIGRAMMES"},"content":{"rendered":"<p style=\"margin-bottom: 0cm;\"><span style=\"font-family: Georgia,serif;\">\u00c0 l&#8217;occasion des activit\u00e9s programm\u00e9es par le Departement de Langue et <span style=\"font-family: Georgia,serif;\">l<\/span>a biblioth\u00e8que du coll\u00e8ge , les \u00e9tudiants ont cr\u00e9\u00e9 des calligrammes en classe de Fran\u00e7ais. L\u00b4\u00e9l\u00e8ve Javier Mart\u00edn San Miguel de Terminale a dessin\u00e9 l\u00b4affiche du concours.<\/span><\/p>\n<p style=\"margin-bottom: 0cm;\"><span style=\"font-family: Georgia,serif;\"> Bravo \u00e0 lui!. Et voici le r\u00e9sultat&#8230;<\/span><\/p>\n<p><a href=\"https:\/\/i0.wp.com\/jesuitasburgos.es\/biblioteca\/wp-content\/uploads\/2013\/11\/javo.jpg\"><img data-attachment-id=\"794\" data-permalink=\"http:\/\/jesuitasburgos.es\/biblioteca\/?attachment_id=794\" data-orig-file=\"https:\/\/i0.wp.com\/jesuitasburgos.es\/biblioteca\/wp-content\/uploads\/2013\/11\/javo.jpg?fit=636%2C896\" data-orig-size=\"636,896\" data-comments-opened=\"1\" data-image-meta=\"{&quot;aperture&quot;:&quot;0&quot;,&quot;credit&quot;:&quot;&quot;,&quot;camera&quot;:&quot;&quot;,&quot;caption&quot;:&quot;&quot;,&quot;created_timestamp&quot;:&quot;0&quot;,&quot;copyright&quot;:&quot;&quot;,&quot;focal_length&quot;:&quot;0&quot;,&quot;iso&quot;:&quot;0&quot;,&quot;shutter_speed&quot;:&quot;0&quot;,&quot;title&quot;:&quot;&quot;}\" data-image-title=\"javo\" data-image-description=\"\" data-image-caption=\"\" data-medium-file=\"https:\/\/i0.wp.com\/jesuitasburgos.es\/biblioteca\/wp-content\/uploads\/2013\/11\/javo.jpg?fit=212%2C300\" data-large-file=\"https:\/\/i0.wp.com\/jesuitasburgos.es\/biblioteca\/wp-content\/uploads\/2013\/11\/javo.jpg?fit=636%2C896\" decoding=\"async\" loading=\"lazy\" class=\"alignright size-full wp-image-794\" alt=\"javo\" src=\"https:\/\/i0.wp.com\/jesuitasburgos.es\/biblioteca\/wp-content\/uploads\/2013\/11\/javo.jpg?resize=636%2C896\" width=\"636\" height=\"896\" srcset=\"https:\/\/i0.wp.com\/jesuitasburgos.es\/biblioteca\/wp-content\/uploads\/2013\/11\/javo.jpg?w=636 636w, https:\/\/i0.wp.com\/jesuitasburgos.es\/biblioteca\/wp-content\/uploads\/2013\/11\/javo.jpg?resize=212%2C300 212w, https:\/\/i0.wp.com\/jesuitasburgos.es\/biblioteca\/wp-content\/uploads\/2013\/11\/javo.jpg?resize=106%2C150 106w\" sizes=\"(max-width: 636px) 100vw, 636px\" data-recalc-dims=\"1\" \/><\/a><\/p>\n","protected":false},"excerpt":{"rendered":"<p>\u00c0 l&#8217;occasion des activit\u00e9s programm\u00e9es par le Departement de Langue et la biblioth\u00e8que du coll\u00e8ge , les \u00e9tudiants ont cr\u00e9\u00e9<\/p>\n","protected":false},"author":1,"featured_media":0,"comment_status":"open","ping_status":"open","sticky":false,"template":"","format":"standard","meta":{"jetpack_post_was_ever_published":false,"jetpack_publicize_message":"","jetpack_is_tweetstorm":false,"jetpack_publicize_feature_enabled":true,"jetpack_social_post_already_shared":false,"jetpack_social_options":{"image_generator_settings":{"template":"highway","enabled":false}}},"categories":[8,49,29,47],"tags":[],"jetpack_publicize_connections":[],"jetpack_featured_media_url":"","jetpack_sharing_enabled":true,"jetpack_shortlink":"https:\/\/wp.me\/p5H2Oh-cN","jetpack-related-posts":[{"id":558,"url":"http:\/\/jesuitasburgos.es\/biblioteca\/?p=558","url_meta":{"origin":793,"position":0},"title":"G\u00c9RARD DEPARDIEU por Paula Benito","date":"16 octubre, 2013","format":false,"excerpt":"\u00a0 G\u00e9rard Depardieu est un acteur, r\u00e9alisateur et producteur fran\u00e7ais n\u00e9 le 27 d\u00e9cembre 1948 \u00e0 Ch\u00e2teauroux. En 1964, il s\u2019installe \u00e0 Paris et prend des cours d\u2019art dramatique. Il prend du succ\u00e8s en 1970 avec le film Les Valseuses. En 1990, G\u00e9rard Depardieu apparait comme protagoniste dans des grands\u2026","rel":"","context":"En \u00abAlumnos\u00bb","img":{"alt_text":"","src":"https:\/\/i0.wp.com\/jesuitasburgos.es\/biblioteca\/wp-content\/uploads\/2013\/10\/depar2.jpg?resize=350%2C200","width":350,"height":200},"classes":[]},{"id":948,"url":"http:\/\/jesuitasburgos.es\/biblioteca\/?p=948","url_meta":{"origin":793,"position":1},"title":"LE COMTE DE MONTECRISTO","date":"2 diciembre, 2013","format":false,"excerpt":"Auteur: Alexandre Dumas. Edmond Dant\u00e8s \u00e9tait un jeune homme et il \u00e9tait aussi le second du navire \"Le Pharaon\". \u00c0 Marseille, un de ses compagnons de nav\u00e9gation, tr\u00e8s jaloux d\u00b4Edmond, a conspir\u00e9 contre lui avec un\u00a0 ami qui \u00e9tait amoreux de la fianc\u00e9e d\u00b4Edmond, Merc\u00e9d\u00e8s. Ils l\u00b4ont mis in prison\u2026","rel":"","context":"En \u00abAlumnos\u00bb","img":{"alt_text":"","src":"","width":0,"height":0},"classes":[]},{"id":471,"url":"http:\/\/jesuitasburgos.es\/biblioteca\/?p=471","url_meta":{"origin":793,"position":2},"title":"LES CHORISTES","date":"4 octubre, 2013","format":false,"excerpt":"Otro art\u00edculo de Paula Benito (alumna de 1\u00ba de Bach) sobre una pel\u00edcula francesa que ya es un cl\u00e1sico. Au d\u00e9but du film deux hommes, Pierre Morhange et P\u00e9pinot, lisent le journal de Cl\u00e9ment Mathieu et se rappellent de leurs exp\u00e9riences et histoires dans un internat en 1949\u2026 Cl\u00e9ment Mathieu\u2026","rel":"","context":"En \u00abAlumnos\u00bb","img":{"alt_text":"","src":"https:\/\/i0.wp.com\/jesuitasburgos.es\/biblioteca\/wp-content\/uploads\/2013\/10\/les-choristes.jpg?resize=350%2C200","width":350,"height":200},"classes":[]},{"id":755,"url":"http:\/\/jesuitasburgos.es\/biblioteca\/?p=755","url_meta":{"origin":793,"position":3},"title":"LOUIS PASTEUR par Paula Benito","date":"12 noviembre, 2013","format":false,"excerpt":"\u00a0 N\u00e9 le 27 d\u00e9cembre 1822 et d\u00e9c\u00e9d\u00e9 le 28 septembre 1895, Pasteur est consid\u00e9r\u00e9 comme l\u2019un des p\u00e8res de la microbiologie. Il a \u00e9tait nomm\u00e9 professeur dans de nombreuses universit\u00e9s. Pasteur a prouv\u00e9 que les levures sont de micro-organismes responsables de la fermentation des aliments, et c\u2019est comme \u00e7a\u2026","rel":"","context":"En \u00abAlumnos\u00bb","img":{"alt_text":"","src":"","width":0,"height":0},"classes":[]},{"id":582,"url":"http:\/\/jesuitasburgos.es\/biblioteca\/?p=582","url_meta":{"origin":793,"position":4},"title":"EL CLUB DE LOS OPTIMISTAS INCORREGIBLES","date":"20 octubre, 2013","format":false,"excerpt":"Blanca Sicilia, madre del colegio y amante de todo lo franc\u00f3fono, nos recomienda este libro. Gracias, Blanca, por tu colaboraci\u00f3n con el blog. Jean-Michel Guenassia \u00e9voque le petit monde des r\u00e9fugi\u00e9s de l'Est dans le Paris populaire des ann\u00e9es 1960. \u00a0Premio Goncourt des Lyc\u00e9ens 2009 : Una novela de juventud,\u2026","rel":"","context":"En \u00abAlumnos\u00bb","img":{"alt_text":"","src":"","width":0,"height":0},"classes":[]},{"id":695,"url":"http:\/\/jesuitasburgos.es\/biblioteca\/?p=695","url_meta":{"origin":793,"position":5},"title":"\u00c9DITH PIAF por Paula Benito","date":"6 noviembre, 2013","format":false,"excerpt":"\u00a0 Paula Benito nos habla de su personaje preferido: \u00c9dith Piaf. \u00a0 N\u00e9e le 19 d\u00e9cembre 1915 \u00e0 Paris et d\u00e9c\u00e9d\u00e9e le 10 octobre 1963 \u00e0 Grasse, \u00c9dith Piaf est une grande chanteuse fran\u00e7aise, personnellement c\u2019est ma pr\u00e9f\u00e9r\u00e9e, sa vie aura \u00e9t\u00e9 br\u00e8ve et intense, connue par la \u00ab\u00a0m\u00f4me\u00a0\u00bb elle\u2026","rel":"","context":"En \u00abAlumnos\u00bb","img":{"alt_text":"","src":"https:\/\/i0.wp.com\/jesuitasburgos.es\/biblioteca\/wp-content\/uploads\/2013\/11\/piaf2.jpg?resize=350%2C200","width":350,"height":200},"classes":[]}],"jetpack_likes_enabled":true,"_links":{"self":[{"href":"http:\/\/jesuitasburgos.es\/biblioteca\/index.php?rest_route=\/wp\/v2\/posts\/793"}],"collection":[{"href":"http:\/\/jesuitasburgos.es\/biblioteca\/index.php?rest_route=\/wp\/v2\/posts"}],"about":[{"href":"http:\/\/jesuitasburgos.es\/biblioteca\/index.php?rest_route=\/wp\/v2\/types\/post"}],"author":[{"embeddable":true,"href":"http:\/\/jesuitasburgos.es\/biblioteca\/index.php?rest_route=\/wp\/v2\/users\/1"}],"replies":[{"embeddable":true,"href":"http:\/\/jesuitasburgos.es\/biblioteca\/index.php?rest_route=%2Fwp%2Fv2%2Fcomments&post=793"}],"version-history":[{"count":1,"href":"http:\/\/jesuitasburgos.es\/biblioteca\/index.php?rest_route=\/wp\/v2\/posts\/793\/revisions"}],"predecessor-version":[{"id":795,"href":"http:\/\/jesuitasburgos.es\/biblioteca\/index.php?rest_route=\/wp\/v2\/posts\/793\/revisions\/795"}],"wp:attachment":[{"href":"http:\/\/jesuitasburgos.es\/biblioteca\/index.php?rest_route=%2Fwp%2Fv2%2Fmedia&parent=793"}],"wp:term":[{"taxonomy":"category","embeddable":true,"href":"http:\/\/jesuitasburgos.es\/biblioteca\/index.php?rest_route=%2Fwp%2Fv2%2Fcategories&post=793"},{"taxonomy":"post_tag","embeddable":true,"href":"http:\/\/jesuitasburgos.es\/biblioteca\/index.php?rest_route=%2Fwp%2Fv2%2Ftags&post=793"}],"curies":[{"name":"wp","href":"https:\/\/api.w.org\/{rel}","templated":true}]}}