{"id":629,"date":"2013-10-27T00:20:43","date_gmt":"2013-10-27T00:20:43","guid":{"rendered":"http:\/\/jesuitasburgos.es\/biblioteca\/?p=629"},"modified":"2013-10-16T00:29:43","modified_gmt":"2013-10-16T00:29:43","slug":"el-frances-por-pablo-melo","status":"publish","type":"post","link":"http:\/\/jesuitasburgos.es\/biblioteca\/?p=629","title":{"rendered":"GALICISMOS por Pablo Melo"},"content":{"rendered":"<p>El franc\u00e9s es la lengua oficial de Francia y otros pa\u00edses repartidos en los cinco continentes, como B\u00e9lgica, Suiza, Canad\u00e1, Hait\u00ed y Congo.<\/p>\n<p class=\"MsoNormal\">El espa\u00f1ol ha incorporado m\u00e1s de 3000 palabras de origen franc\u00e9s, esta es una peque\u00f1a muestra :<\/p>\n<p class=\"MsoNormal\">\u00a0<a href=\"https:\/\/i0.wp.com\/jesuitasburgos.es\/biblioteca\/wp-content\/uploads\/2013\/10\/baguette.jpg\"><img data-attachment-id=\"630\" data-permalink=\"http:\/\/jesuitasburgos.es\/biblioteca\/?attachment_id=630\" data-orig-file=\"https:\/\/i0.wp.com\/jesuitasburgos.es\/biblioteca\/wp-content\/uploads\/2013\/10\/baguette.jpg?fit=288%2C175\" data-orig-size=\"288,175\" data-comments-opened=\"1\" data-image-meta=\"{&quot;aperture&quot;:&quot;0&quot;,&quot;credit&quot;:&quot;&quot;,&quot;camera&quot;:&quot;&quot;,&quot;caption&quot;:&quot;&quot;,&quot;created_timestamp&quot;:&quot;0&quot;,&quot;copyright&quot;:&quot;&quot;,&quot;focal_length&quot;:&quot;0&quot;,&quot;iso&quot;:&quot;0&quot;,&quot;shutter_speed&quot;:&quot;0&quot;,&quot;title&quot;:&quot;&quot;}\" data-image-title=\"baguette\" data-image-description=\"\" data-image-caption=\"\" data-medium-file=\"https:\/\/i0.wp.com\/jesuitasburgos.es\/biblioteca\/wp-content\/uploads\/2013\/10\/baguette.jpg?fit=288%2C175\" data-large-file=\"https:\/\/i0.wp.com\/jesuitasburgos.es\/biblioteca\/wp-content\/uploads\/2013\/10\/baguette.jpg?fit=288%2C175\" decoding=\"async\" loading=\"lazy\" class=\"alignright size-full wp-image-630\" alt=\"baguette\" src=\"https:\/\/i0.wp.com\/jesuitasburgos.es\/biblioteca\/wp-content\/uploads\/2013\/10\/baguette.jpg?resize=288%2C175\" width=\"288\" height=\"175\" srcset=\"https:\/\/i0.wp.com\/jesuitasburgos.es\/biblioteca\/wp-content\/uploads\/2013\/10\/baguette.jpg?w=288 288w, https:\/\/i0.wp.com\/jesuitasburgos.es\/biblioteca\/wp-content\/uploads\/2013\/10\/baguette.jpg?resize=246%2C150 246w, https:\/\/i0.wp.com\/jesuitasburgos.es\/biblioteca\/wp-content\/uploads\/2013\/10\/baguette.jpg?resize=150%2C91 150w\" sizes=\"(max-width: 288px) 100vw, 288px\" data-recalc-dims=\"1\" \/><\/a>Baguette (barra de pan peque\u00f1a)<\/p>\n<p class=\"MsoNormal\">Ballet (danza cl\u00e1sica)<\/p>\n<p class=\"MsoNormal\">Boutique (tienda de ropa)<\/p>\n<p class=\"MsoNormal\">Collage (t\u00e9cnica pict\u00f3rica)<\/p>\n<p class=\"MsoNormal\">Foie-gras (pat\u00e9 de h\u00edgado)<\/p>\n<p class=\"MsoNormal\">Fondue (comida )<\/p>\n<p class=\"MsoNormal\">Chef (jefe de cocina)<a href=\"https:\/\/i0.wp.com\/jesuitasburgos.es\/biblioteca\/wp-content\/uploads\/2013\/10\/ballet.jpg\"><img data-attachment-id=\"631\" data-permalink=\"http:\/\/jesuitasburgos.es\/biblioteca\/?attachment_id=631\" data-orig-file=\"https:\/\/i0.wp.com\/jesuitasburgos.es\/biblioteca\/wp-content\/uploads\/2013\/10\/ballet.jpg?fit=183%2C275\" data-orig-size=\"183,275\" data-comments-opened=\"1\" data-image-meta=\"{&quot;aperture&quot;:&quot;0&quot;,&quot;credit&quot;:&quot;&quot;,&quot;camera&quot;:&quot;&quot;,&quot;caption&quot;:&quot;&quot;,&quot;created_timestamp&quot;:&quot;0&quot;,&quot;copyright&quot;:&quot;&quot;,&quot;focal_length&quot;:&quot;0&quot;,&quot;iso&quot;:&quot;0&quot;,&quot;shutter_speed&quot;:&quot;0&quot;,&quot;title&quot;:&quot;&quot;}\" data-image-title=\"ballet\" data-image-description=\"\" data-image-caption=\"\" data-medium-file=\"https:\/\/i0.wp.com\/jesuitasburgos.es\/biblioteca\/wp-content\/uploads\/2013\/10\/ballet.jpg?fit=183%2C275\" data-large-file=\"https:\/\/i0.wp.com\/jesuitasburgos.es\/biblioteca\/wp-content\/uploads\/2013\/10\/ballet.jpg?fit=183%2C275\" decoding=\"async\" loading=\"lazy\" class=\"alignright size-full wp-image-631\" alt=\"ballet\" src=\"https:\/\/i0.wp.com\/jesuitasburgos.es\/biblioteca\/wp-content\/uploads\/2013\/10\/ballet.jpg?resize=183%2C275\" width=\"183\" height=\"275\" srcset=\"https:\/\/i0.wp.com\/jesuitasburgos.es\/biblioteca\/wp-content\/uploads\/2013\/10\/ballet.jpg?w=183 183w, https:\/\/i0.wp.com\/jesuitasburgos.es\/biblioteca\/wp-content\/uploads\/2013\/10\/ballet.jpg?resize=99%2C150 99w\" sizes=\"(max-width: 183px) 100vw, 183px\" data-recalc-dims=\"1\" \/><\/a><\/p>\n<p class=\"MsoNormal\">Ma\u00eetre (jefe de comedor)<\/p>\n<p class=\"MsoNormal\">Souvenir (objetos t\u00edpicos)<\/p>\n<p class=\"MsoNormal\">Tour (excursi\u00f3n por distintos lugares)<\/p>\n<p class=\"MsoNormal\">Canap\u00e9 (pincho)<\/p>\n<p class=\"MsoNormal\">Toilette (aseo)<\/p>\n","protected":false},"excerpt":{"rendered":"<p>El franc\u00e9s es la lengua oficial de Francia y otros pa\u00edses repartidos en los cinco continentes, como B\u00e9lgica, Suiza, Canad\u00e1,<\/p>\n","protected":false},"author":1,"featured_media":0,"comment_status":"open","ping_status":"open","sticky":false,"template":"","format":"standard","meta":{"jetpack_post_was_ever_published":false,"jetpack_publicize_message":"","jetpack_is_tweetstorm":false,"jetpack_publicize_feature_enabled":true,"jetpack_social_post_already_shared":false,"jetpack_social_options":{"image_generator_settings":{"template":"highway","enabled":false}}},"categories":[8,16,47],"tags":[],"jetpack_publicize_connections":[],"jetpack_featured_media_url":"","jetpack_sharing_enabled":true,"jetpack_shortlink":"https:\/\/wp.me\/p5H2Oh-a9","jetpack-related-posts":[{"id":415,"url":"http:\/\/jesuitasburgos.es\/biblioteca\/?p=415","url_meta":{"origin":629,"position":0},"title":"\u00bfQU\u00c9 PIENSAN NUESTROS ALUMNOS DE LA LENGUA FRANCESA?","date":"27 septiembre, 2013","format":false,"excerpt":"Durante estas semanas os vamos a ir presentando\u00a0 diferentes p\u00f3steres que est\u00e1n realizando los alumnos de Franc\u00e9s\u00a0 del colegio con motivo de la inauguraci\u00f3n del Trimestre Tem\u00e1tico del Franc\u00e9s. Este p\u00f3ster ha sido dise\u00f1ado por Jimena Angulo.","rel":"","context":"En \u00abAlumnos\u00bb","img":{"alt_text":"","src":"","width":0,"height":0},"classes":[]},{"id":745,"url":"http:\/\/jesuitasburgos.es\/biblioteca\/?p=745","url_meta":{"origin":629,"position":1},"title":"CALIGRAMA DE JAVIER BASURTO (Ave Mar\u00eda en franc\u00e9s)","date":"11 noviembre, 2013","format":false,"excerpt":"","rel":"","context":"En \u00abAlumnos\u00bb","img":{"alt_text":"bASURTO 2","src":"https:\/\/i0.wp.com\/jesuitasburgos.es\/biblioteca\/wp-content\/uploads\/2013\/11\/bASURTO-2-692x1024.jpg?resize=350%2C200","width":350,"height":200},"classes":[]},{"id":543,"url":"http:\/\/jesuitasburgos.es\/biblioteca\/?p=543","url_meta":{"origin":629,"position":2},"title":"CALIGRAMAS","date":"16 octubre, 2013","format":false,"excerpt":"\u00c1lvaro Arnaiz y Teresa Arribas presentan este caligrama. Gracias, chicos.","rel":"","context":"En \u00abAlumnos\u00bb","img":{"alt_text":"","src":"https:\/\/i0.wp.com\/jesuitasburgos.es\/biblioteca\/wp-content\/uploads\/2013\/10\/FRANCES.jpeg?resize=350%2C200","width":350,"height":200},"classes":[]},{"id":599,"url":"http:\/\/jesuitasburgos.es\/biblioteca\/?p=599","url_meta":{"origin":629,"position":3},"title":"CALIGRAMA DE LUC\u00cdA IZQUIERDO, LUC\u00cdA SIM\u00d3N E IN\u00c9S SALINAS","date":"22 octubre, 2013","format":false,"excerpt":"","rel":"","context":"En \u00abAlumnos\u00bb","img":{"alt_text":"","src":"https:\/\/i0.wp.com\/jesuitasburgos.es\/biblioteca\/wp-content\/uploads\/2013\/10\/caligrama-frances-e1381881091474.jpeg?resize=350%2C200","width":350,"height":200},"classes":[]},{"id":3397,"url":"http:\/\/jesuitasburgos.es\/biblioteca\/?p=3397","url_meta":{"origin":629,"position":4},"title":"Donaci\u00f3n de libros en franc\u00e9s","date":"11 enero, 2017","format":"image","excerpt":"Hoy hemos tenido una gran donaci\u00f3n de libros de literatura en franc\u00e9s. Dentro de poco estar\u00e1n disponibles para el pr\u00e9stamo. \u00a1\u00a1Muchas gracias Paula!!","rel":"","context":"En \u00abAntiguos alumnos\u00bb","img":{"alt_text":"","src":"https:\/\/i0.wp.com\/jesuitasburgos.es\/biblioteca\/wp-content\/uploads\/2017\/01\/Captura-de-pantalla-2017-01-11-a-las-20.07.07.png?fit=1182%2C1190&resize=350%2C200","width":350,"height":200},"classes":[]},{"id":444,"url":"http:\/\/jesuitasburgos.es\/biblioteca\/?p=444","url_meta":{"origin":629,"position":5},"title":"CINE EN FRANC\u00c9S EN LA BIBLIOTECA GONZALO DE BERCEO","date":"2 octubre, 2013","format":false,"excerpt":"Fuimos al cine a la biblioteca Gonzalo de Berceo, estuvo muy interesante, a los ni\u00f1os les gust\u00f3 la pel\u00edcula y para los mayores tambi\u00e9n fue interesante, trataba sobre el antiguo Egipto y el monote\u00edsmo en esta civilizaci\u00f3n. Por otra parte, en la entrada de la Biblioteca hay un \u201cstand\u201d sobre\u2026","rel":"","context":"En \u00abAlumnos\u00bb","img":{"alt_text":"","src":"","width":0,"height":0},"classes":[]}],"jetpack_likes_enabled":true,"_links":{"self":[{"href":"http:\/\/jesuitasburgos.es\/biblioteca\/index.php?rest_route=\/wp\/v2\/posts\/629"}],"collection":[{"href":"http:\/\/jesuitasburgos.es\/biblioteca\/index.php?rest_route=\/wp\/v2\/posts"}],"about":[{"href":"http:\/\/jesuitasburgos.es\/biblioteca\/index.php?rest_route=\/wp\/v2\/types\/post"}],"author":[{"embeddable":true,"href":"http:\/\/jesuitasburgos.es\/biblioteca\/index.php?rest_route=\/wp\/v2\/users\/1"}],"replies":[{"embeddable":true,"href":"http:\/\/jesuitasburgos.es\/biblioteca\/index.php?rest_route=%2Fwp%2Fv2%2Fcomments&post=629"}],"version-history":[{"count":3,"href":"http:\/\/jesuitasburgos.es\/biblioteca\/index.php?rest_route=\/wp\/v2\/posts\/629\/revisions"}],"predecessor-version":[{"id":637,"href":"http:\/\/jesuitasburgos.es\/biblioteca\/index.php?rest_route=\/wp\/v2\/posts\/629\/revisions\/637"}],"wp:attachment":[{"href":"http:\/\/jesuitasburgos.es\/biblioteca\/index.php?rest_route=%2Fwp%2Fv2%2Fmedia&parent=629"}],"wp:term":[{"taxonomy":"category","embeddable":true,"href":"http:\/\/jesuitasburgos.es\/biblioteca\/index.php?rest_route=%2Fwp%2Fv2%2Fcategories&post=629"},{"taxonomy":"post_tag","embeddable":true,"href":"http:\/\/jesuitasburgos.es\/biblioteca\/index.php?rest_route=%2Fwp%2Fv2%2Ftags&post=629"}],"curies":[{"name":"wp","href":"https:\/\/api.w.org\/{rel}","templated":true}]}}