{"id":531,"date":"2013-10-13T01:06:50","date_gmt":"2013-10-13T01:06:50","guid":{"rendered":"http:\/\/jesuitasburgos.es\/biblioteca\/?p=531"},"modified":"2017-02-21T19:30:07","modified_gmt":"2017-02-21T19:30:07","slug":"la-mome-pelicula-en-frances","status":"publish","type":"post","link":"http:\/\/jesuitasburgos.es\/biblioteca\/?p=531","title":{"rendered":"LA M\u00d4ME (CINE FRANC\u00c9S)"},"content":{"rendered":"<p><strong>Paula Benito sigue con su idea de darnos a conocer la cultura de su bonito pa\u00eds. Gracias por tu esfuerzo, Paula.<\/strong><\/p>\n<p style=\"text-align: center;\"><strong>LA M\u00d4ME<\/strong><\/p>\n<p>&nbsp;<\/p>\n<p style=\"margin-bottom: 0cm;\" align=\"JUSTIFY\"><span style=\"font-size: large;\"><span lang=\"fr-FR\">Ce film retrace la vie d\u2019\u00c9dith Piaf, n\u00e9e le 19 d\u00e9cembre 1915 \u00e0<a href=\"https:\/\/i0.wp.com\/jesuitasburgos.es\/biblioteca\/wp-content\/uploads\/2013\/10\/images_012.jpg\"><img data-attachment-id=\"532\" data-permalink=\"http:\/\/jesuitasburgos.es\/biblioteca\/?attachment_id=532\" data-orig-file=\"https:\/\/i0.wp.com\/jesuitasburgos.es\/biblioteca\/wp-content\/uploads\/2013\/10\/images_012.jpg?fit=259%2C194\" data-orig-size=\"259,194\" data-comments-opened=\"1\" data-image-meta=\"{&quot;aperture&quot;:&quot;0&quot;,&quot;credit&quot;:&quot;&quot;,&quot;camera&quot;:&quot;&quot;,&quot;caption&quot;:&quot;&quot;,&quot;created_timestamp&quot;:&quot;0&quot;,&quot;copyright&quot;:&quot;&quot;,&quot;focal_length&quot;:&quot;0&quot;,&quot;iso&quot;:&quot;0&quot;,&quot;shutter_speed&quot;:&quot;0&quot;,&quot;title&quot;:&quot;&quot;}\" data-image-title=\"images_012\" data-image-description=\"\" data-image-caption=\"\" data-medium-file=\"https:\/\/i0.wp.com\/jesuitasburgos.es\/biblioteca\/wp-content\/uploads\/2013\/10\/images_012.jpg?fit=259%2C194\" data-large-file=\"https:\/\/i0.wp.com\/jesuitasburgos.es\/biblioteca\/wp-content\/uploads\/2013\/10\/images_012.jpg?fit=259%2C194\" decoding=\"async\" loading=\"lazy\" class=\"alignright size-full wp-image-532\" alt=\"images_012\" src=\"https:\/\/i0.wp.com\/jesuitasburgos.es\/biblioteca\/wp-content\/uploads\/2013\/10\/images_012.jpg?resize=259%2C194\" width=\"259\" height=\"194\" srcset=\"https:\/\/i0.wp.com\/jesuitasburgos.es\/biblioteca\/wp-content\/uploads\/2013\/10\/images_012.jpg?w=259 259w, https:\/\/i0.wp.com\/jesuitasburgos.es\/biblioteca\/wp-content\/uploads\/2013\/10\/images_012.jpg?resize=200%2C150 200w, https:\/\/i0.wp.com\/jesuitasburgos.es\/biblioteca\/wp-content\/uploads\/2013\/10\/images_012.jpg?resize=150%2C112 150w\" sizes=\"(max-width: 259px) 100vw, 259px\" data-recalc-dims=\"1\" \/><\/a> Paris, la meilleure chanteuse que la France a pu conna\u00eetre, elle a fait d\u00e9couvrir ce pays dans tout le monde, surtout aux \u00c9tats-Unis. Sa jeunesse n\u2019a pas \u00e9tait facile, sa m\u00e8re \u00e9tait une prostitu\u00e9e et son p\u00e8re un malade mental. Elle a grandi dans les rues plus pauvres de Paris o\u00f9 elle a commenc\u00e9 \u00e0 chanter, surtout l\u2019hymne fran\u00e7ais, La Marseillaise\u00a0; avec beaucoup de succ\u00e8s, elle commence \u00e0 chanter dans le bordel de Louis Lepl\u00e9e, l\u2019homme qui l\u2019a d\u00e9couverte. C\u2019est comme \u00e7a qu\u2019elle ira \u00e0 New York et impressionnera \u00e0 tout le monde avec sa voix unique. La Piaf sera une grande d\u00e9voreuse d\u2019hommes car elle aura plein d\u2019amants, mais elle vivra sa plus belle histoire d\u2019amour avec Marcel Cerdan,<a href=\"https:\/\/i0.wp.com\/jesuitasburgos.es\/biblioteca\/wp-content\/uploads\/2013\/10\/images_026.jpg\"><img data-attachment-id=\"533\" data-permalink=\"http:\/\/jesuitasburgos.es\/biblioteca\/?attachment_id=533\" data-orig-file=\"https:\/\/i0.wp.com\/jesuitasburgos.es\/biblioteca\/wp-content\/uploads\/2013\/10\/images_026.jpg?fit=183%2C275\" data-orig-size=\"183,275\" data-comments-opened=\"1\" data-image-meta=\"{&quot;aperture&quot;:&quot;0&quot;,&quot;credit&quot;:&quot;&quot;,&quot;camera&quot;:&quot;&quot;,&quot;caption&quot;:&quot;&quot;,&quot;created_timestamp&quot;:&quot;0&quot;,&quot;copyright&quot;:&quot;&quot;,&quot;focal_length&quot;:&quot;0&quot;,&quot;iso&quot;:&quot;0&quot;,&quot;shutter_speed&quot;:&quot;0&quot;,&quot;title&quot;:&quot;&quot;}\" data-image-title=\"images_026\" data-image-description=\"\" data-image-caption=\"\" data-medium-file=\"https:\/\/i0.wp.com\/jesuitasburgos.es\/biblioteca\/wp-content\/uploads\/2013\/10\/images_026.jpg?fit=183%2C275\" data-large-file=\"https:\/\/i0.wp.com\/jesuitasburgos.es\/biblioteca\/wp-content\/uploads\/2013\/10\/images_026.jpg?fit=183%2C275\" decoding=\"async\" loading=\"lazy\" class=\"alignright size-full wp-image-533\" alt=\"images_026\" src=\"https:\/\/i0.wp.com\/jesuitasburgos.es\/biblioteca\/wp-content\/uploads\/2013\/10\/images_026.jpg?resize=183%2C275\" width=\"183\" height=\"275\" srcset=\"https:\/\/i0.wp.com\/jesuitasburgos.es\/biblioteca\/wp-content\/uploads\/2013\/10\/images_026.jpg?w=183 183w, https:\/\/i0.wp.com\/jesuitasburgos.es\/biblioteca\/wp-content\/uploads\/2013\/10\/images_026.jpg?resize=99%2C150 99w\" sizes=\"(max-width: 183px) 100vw, 183px\" data-recalc-dims=\"1\" \/><\/a> champion du monde de boxe, qui malheureusement va mourir dans un accident d\u2019avion, direction New York, o\u00f9 il avait un rendez-vous le soir avec \u00c9dith Piaf apr\u00e8s son combat de boxe, o\u00f9 il avait mis son titre en jeu, et son concert \u00e0 elle. \u00c0 partir de ce moment, la M\u00f4me tombera dans la drogue et aura un cancer. Elle continuera \u00e0 chanter des chansons merveilleuses comme\u00a0: <\/span><\/span><span style=\"font-size: large;\"><span lang=\"fr-FR\"><i>Non, je ne regrette rien\u00a0; Milord\u00a0; Mon Dieu <\/i><\/span><\/span><span style=\"font-size: large;\"><span lang=\"fr-FR\">(en souvenir de lui)<\/span><\/span><span style=\"font-size: large;\"><span lang=\"fr-FR\"><i>\u00a0; La Vie en Rose\u00a0; L\u2019hymne \u00e0 l\u2019amour\u00a0; Padam Padam\u00a0; La Foule\u2026 <\/i><\/span><\/span><span style=\"font-size: large;\"><span lang=\"fr-FR\">Elle aura des aventures avec Charles Aznavour, Yves Montand, Sarapo qui a \u00e9tait son dernier mari beaucoup plus jeune qu\u2019elle\u2026 des hommes que gr\u00e2ce \u00e0 elle, sont des grands chanteurs et artistes fran\u00e7ais. La M\u00f4me s\u2019\u00e9teindra le 10 octobre 1963, \u00e0 l\u2019\u00e2ge de 48 ans.<\/span><\/span><\/p>\n<p>&nbsp;<\/p>\n<p>&nbsp;<\/p>\n<p>&nbsp;<\/p>\n<p>&nbsp;<\/p>\n","protected":false},"excerpt":{"rendered":"<p>Paula Benito sigue con su idea de darnos a conocer la cultura de su bonito pa\u00eds. Gracias por tu esfuerzo,<\/p>\n","protected":false},"author":1,"featured_media":0,"comment_status":"open","ping_status":"open","sticky":false,"template":"","format":"standard","meta":{"jetpack_post_was_ever_published":false,"jetpack_publicize_message":"","jetpack_is_tweetstorm":false,"jetpack_publicize_feature_enabled":true,"jetpack_social_post_already_shared":false,"jetpack_social_options":{"image_generator_settings":{"template":"highway","enabled":false}}},"categories":[8,9,32,12,47],"tags":[],"jetpack_publicize_connections":[],"jetpack_featured_media_url":"","jetpack_sharing_enabled":true,"jetpack_shortlink":"https:\/\/wp.me\/p5H2Oh-8z","jetpack-related-posts":[{"id":695,"url":"http:\/\/jesuitasburgos.es\/biblioteca\/?p=695","url_meta":{"origin":531,"position":0},"title":"\u00c9DITH PIAF por Paula Benito","date":"6 noviembre, 2013","format":false,"excerpt":"\u00a0 Paula Benito nos habla de su personaje preferido: \u00c9dith Piaf. \u00a0 N\u00e9e le 19 d\u00e9cembre 1915 \u00e0 Paris et d\u00e9c\u00e9d\u00e9e le 10 octobre 1963 \u00e0 Grasse, \u00c9dith Piaf est une grande chanteuse fran\u00e7aise, personnellement c\u2019est ma pr\u00e9f\u00e9r\u00e9e, sa vie aura \u00e9t\u00e9 br\u00e8ve et intense, connue par la \u00ab\u00a0m\u00f4me\u00a0\u00bb elle\u2026","rel":"","context":"En \u00abAlumnos\u00bb","img":{"alt_text":"","src":"https:\/\/i0.wp.com\/jesuitasburgos.es\/biblioteca\/wp-content\/uploads\/2013\/11\/piaf2.jpg?resize=350%2C200","width":350,"height":200},"classes":[]},{"id":558,"url":"http:\/\/jesuitasburgos.es\/biblioteca\/?p=558","url_meta":{"origin":531,"position":1},"title":"G\u00c9RARD DEPARDIEU por Paula Benito","date":"16 octubre, 2013","format":false,"excerpt":"\u00a0 G\u00e9rard Depardieu est un acteur, r\u00e9alisateur et producteur fran\u00e7ais n\u00e9 le 27 d\u00e9cembre 1948 \u00e0 Ch\u00e2teauroux. En 1964, il s\u2019installe \u00e0 Paris et prend des cours d\u2019art dramatique. Il prend du succ\u00e8s en 1970 avec le film Les Valseuses. En 1990, G\u00e9rard Depardieu apparait comme protagoniste dans des grands\u2026","rel":"","context":"En \u00abAlumnos\u00bb","img":{"alt_text":"","src":"https:\/\/i0.wp.com\/jesuitasburgos.es\/biblioteca\/wp-content\/uploads\/2013\/10\/depar2.jpg?resize=350%2C200","width":350,"height":200},"classes":[]},{"id":1038,"url":"http:\/\/jesuitasburgos.es\/biblioteca\/?p=1038","url_meta":{"origin":531,"position":2},"title":"BRIGITTE BARDOT par Paula Benito","date":"12 diciembre, 2013","format":false,"excerpt":"\u00a0 Brigitte Bardot est une actrice de cin\u00e9ma fran\u00e7aise, n\u00e9e le 28 septembre 1934. Elle est aussi une d\u00e9fenseuse des animaux, fondatrice et pr\u00e9sidente de la Fondation Brigitte Bardot. C\u2019\u00e9tait une sex-symbol des ann\u00e9es 1950 et 1960, elle fut une artiste mondiale. Elle commen\u00e7a l\u2019\u00e9mancipation des femmes et de la\u2026","rel":"","context":"En \u00abAlumnos\u00bb","img":{"alt_text":"","src":"","width":0,"height":0},"classes":[]},{"id":471,"url":"http:\/\/jesuitasburgos.es\/biblioteca\/?p=471","url_meta":{"origin":531,"position":3},"title":"LES CHORISTES","date":"4 octubre, 2013","format":false,"excerpt":"Otro art\u00edculo de Paula Benito (alumna de 1\u00ba de Bach) sobre una pel\u00edcula francesa que ya es un cl\u00e1sico. Au d\u00e9but du film deux hommes, Pierre Morhange et P\u00e9pinot, lisent le journal de Cl\u00e9ment Mathieu et se rappellent de leurs exp\u00e9riences et histoires dans un internat en 1949\u2026 Cl\u00e9ment Mathieu\u2026","rel":"","context":"En \u00abAlumnos\u00bb","img":{"alt_text":"","src":"https:\/\/i0.wp.com\/jesuitasburgos.es\/biblioteca\/wp-content\/uploads\/2013\/10\/les-choristes.jpg?resize=350%2C200","width":350,"height":200},"classes":[]},{"id":764,"url":"http:\/\/jesuitasburgos.es\/biblioteca\/?p=764","url_meta":{"origin":531,"position":4},"title":"CET \u00c9T\u00c9 \u00c0 PAU","date":"13 noviembre, 2013","format":false,"excerpt":"\u00a0 Irene es alumna de Bachillerato del colegio y nos cuenta su experiencia\u00a0 estival en Francia. Gracias, Irene, por compartirlo con nosotros. Cet \u00e9t\u00e9 j\u00b4ai pass\u00e9 deux semaines en juin chez une copine, L\u00e9na. Je l\u00b4ai connue il y a deux ans \u00e0 Burgos quand elle \u00e9tait venue chez moi\u2026","rel":"","context":"En \u00abAlumnos\u00bb","img":{"alt_text":"","src":"","width":0,"height":0},"classes":[]},{"id":948,"url":"http:\/\/jesuitasburgos.es\/biblioteca\/?p=948","url_meta":{"origin":531,"position":5},"title":"LE COMTE DE MONTECRISTO","date":"2 diciembre, 2013","format":false,"excerpt":"Auteur: Alexandre Dumas. Edmond Dant\u00e8s \u00e9tait un jeune homme et il \u00e9tait aussi le second du navire \"Le Pharaon\". \u00c0 Marseille, un de ses compagnons de nav\u00e9gation, tr\u00e8s jaloux d\u00b4Edmond, a conspir\u00e9 contre lui avec un\u00a0 ami qui \u00e9tait amoreux de la fianc\u00e9e d\u00b4Edmond, Merc\u00e9d\u00e8s. Ils l\u00b4ont mis in prison\u2026","rel":"","context":"En \u00abAlumnos\u00bb","img":{"alt_text":"","src":"","width":0,"height":0},"classes":[]}],"jetpack_likes_enabled":true,"_links":{"self":[{"href":"http:\/\/jesuitasburgos.es\/biblioteca\/index.php?rest_route=\/wp\/v2\/posts\/531"}],"collection":[{"href":"http:\/\/jesuitasburgos.es\/biblioteca\/index.php?rest_route=\/wp\/v2\/posts"}],"about":[{"href":"http:\/\/jesuitasburgos.es\/biblioteca\/index.php?rest_route=\/wp\/v2\/types\/post"}],"author":[{"embeddable":true,"href":"http:\/\/jesuitasburgos.es\/biblioteca\/index.php?rest_route=\/wp\/v2\/users\/1"}],"replies":[{"embeddable":true,"href":"http:\/\/jesuitasburgos.es\/biblioteca\/index.php?rest_route=%2Fwp%2Fv2%2Fcomments&post=531"}],"version-history":[{"count":2,"href":"http:\/\/jesuitasburgos.es\/biblioteca\/index.php?rest_route=\/wp\/v2\/posts\/531\/revisions"}],"predecessor-version":[{"id":535,"href":"http:\/\/jesuitasburgos.es\/biblioteca\/index.php?rest_route=\/wp\/v2\/posts\/531\/revisions\/535"}],"wp:attachment":[{"href":"http:\/\/jesuitasburgos.es\/biblioteca\/index.php?rest_route=%2Fwp%2Fv2%2Fmedia&parent=531"}],"wp:term":[{"taxonomy":"category","embeddable":true,"href":"http:\/\/jesuitasburgos.es\/biblioteca\/index.php?rest_route=%2Fwp%2Fv2%2Fcategories&post=531"},{"taxonomy":"post_tag","embeddable":true,"href":"http:\/\/jesuitasburgos.es\/biblioteca\/index.php?rest_route=%2Fwp%2Fv2%2Ftags&post=531"}],"curies":[{"name":"wp","href":"https:\/\/api.w.org\/{rel}","templated":true}]}}