{"id":5208,"date":"2023-12-18T10:43:24","date_gmt":"2023-12-18T08:43:24","guid":{"rendered":"http:\/\/jesuitasburgos.es\/biblioteca\/?p=5208"},"modified":"2023-12-18T10:44:41","modified_gmt":"2023-12-18T08:44:41","slug":"el-final-del-affaire-de-graham-greene","status":"publish","type":"post","link":"http:\/\/jesuitasburgos.es\/biblioteca\/?p=5208","title":{"rendered":"\u00abEl final del affaire\u00bb, de Graham Greene"},"content":{"rendered":"\n<p>No s\u00e9 si tomar esta novela de Graham Greene como un precedente de los soliloquios o reflexiones con las que Javier Mar\u00edas sol\u00eda poblar sus novelas.<\/p>\n\n\n\n<p>Tenemos a un protagonista, Maurice Bendrix, un tanto miserable. Disfruta haciendo da\u00f1o y despreciando a los dem\u00e1s (Parkis, Henry,\u2026) por ejemplo, al avisar a Parkis del error de llamar a su hijo Lancelot o darle helado. O a Henry Miles diciendo que su mujer buscaba a otros hombres porque \u00e9l no sab\u00eda hacerle el amor.<\/p>\n\n\n\n<p>Otro de los v\u00e9rtices de la historia es Sarah Miles, amante del primero pero cuya historia finaliza bruscamente y sin posible explicaci\u00f3n. Se muestra en el recuerdo de Bendrix, narrador de la historia, como un personaje fr\u00edvolo al principio, pero luego una serie de&nbsp; acontecimientos dan una imagen de ella totalmente diferente.<\/p>\n\n\n\n<p>El tercer v\u00e9rtice del tri\u00e1ngulo lo conforma Henry Miles, personaje secundario y gris y en cierta medida podr\u00eda pasar inadvertido en la historia. Pero es de esos personajes que, seg\u00fan explica Bendrix como narrador o escritor, son absolutamente anodinos y que parecen no aportar ni mover la acci\u00f3n, pero que son necesarios per se para el desarrollo de la historia.<\/p>\n\n\n\n<p>Lo que empieza siendo como una historia que gira en torno a un adulterio y el posible tr\u00edo amoroso que podr\u00eda devenir en cuarteto, acaba siendo (o pareciendo) en realidad un intento de reflejar la vida de lo que ser\u00eda en esta \u00e9poca la vida de un santo (o santa). Y el punto de inflexi\u00f3n acaba siendo la aparici\u00f3n del diario de una de los protagonistas, Sarah Miles. En ese momento, el libro pasa de ser la historia de investigaci\u00f3n de lo que hay y los recuerdos que le trae al protagonista la historia de amor vivida con ella, al descubrimiento de por qu\u00e9 lleg\u00f3 el \u201cfinal del affaire\u201d y las dudas que se le generan no s\u00f3lo a la protagonista, puesto que es clara la conversi\u00f3n que acaba teniendo desde su agnosticismo original sino las dudas finales que acaba teniendo el propio narrador, Maurice Bendrix, porque \u00bfqu\u00e9 agn\u00f3stico tiene oraciones que se ajusten a su estado de \u00e1nimo?<\/p>\n\n\n\n<p>En el tri\u00e1ngulo tenemos a los dos protagonistas con sus soliloquios. La protagonista, por su diario, donde deja reflejadas todas sus dudas incluso hasta qu\u00e9 punto preocupada de si hab\u00eda elegido bien al marido porque ninguna mujer lo pretende o ha pretendido. Resulta curiosa esa manera de compararse y esa competitividad siempre con las dem\u00e1s mujeres hasta en ese extremo.<\/p>\n\n\n\n<p>Del tercer protagonista, no tenemos apenas muestra de lo que pensaba m\u00e1s all\u00e1 de sus intentos de autoconvencerse: \u201cYo fui el afortunado porque ella fue m\u00eda\u2026\u201d&nbsp; \u00bfHasta qu\u00e9 punto puede decir eso? No deja de ser una muestra de su derrota. No era suya si estaba con Maurice. Por lo dem\u00e1s, estaba totalmente vencido y derrotado por la situaci\u00f3n, como la muestra de supuesta indiferencia al respecto de si ha tenido un affaire. Y contestando sin aspavientos de ning\u00fan tipo. Aunque luego, al llegar a la vivienda, cayese rendido en sollozos.<\/p>\n\n\n\n<p>El cuarto en discordia, el predicador que no recibe visitas y en cierto modo est\u00e1 sorprendido por ello. En tiempos de guerra y crisis la gente necesita creer. As\u00ed que alguien que predica que Dios no existe no encontrar\u00e1 mucha \u201cparroquia\u201d. Lo mismo pasa con los sistemas pol\u00edticos. En momentos complicados la gente necesita creer que hay una alternativa. De ah\u00ed que los sistemas populistas triunfen en muchos momentos.<\/p>\n\n\n\n<p>Incluso el autor, porque los deja reflejados, y a pesar de sus \u201cmaldades\u201d se notan sus tribulaciones con su ate\u00edsmo con las promesas hechas a la divinidad al respecto de hacer algo si lo que piden se cumple. O los continuos ejemplos de supuestos milagros. \u00bfAl final acaba convencido el autor de la existencia de Dios? Parece que no pero el final, con una oraci\u00f3n, lleva a pensar otra cosa. A fin de cuentas el ser humano necesita creer que hay algo m\u00e1s, sea lo que sea.<\/p>\n\n\n\n<p><strong>Miguel \u00c1ngel del Hoyo<\/strong><\/p>\n","protected":false},"excerpt":{"rendered":"<p>No s\u00e9 si tomar esta novela de Graham Greene como un precedente de los soliloquios o reflexiones con las que<\/p>\n","protected":false},"author":1,"featured_media":5209,"comment_status":"open","ping_status":"open","sticky":false,"template":"","format":"standard","meta":{"jetpack_post_was_ever_published":false,"jetpack_publicize_message":"","jetpack_is_tweetstorm":false,"jetpack_publicize_feature_enabled":true,"jetpack_social_post_already_shared":true,"jetpack_social_options":{"image_generator_settings":{"template":"highway","enabled":false}}},"categories":[26,10],"tags":[],"jetpack_publicize_connections":[],"jetpack_featured_media_url":"https:\/\/i0.wp.com\/jesuitasburgos.es\/biblioteca\/wp-content\/uploads\/2023\/12\/El_final_del_affaire.jpg?fit=1200%2C1200","jetpack_sharing_enabled":true,"jetpack_shortlink":"https:\/\/wp.me\/p5H2Oh-1m0","jetpack-related-posts":[{"id":4499,"url":"http:\/\/jesuitasburgos.es\/biblioteca\/?p=4499","url_meta":{"origin":5208,"position":0},"title":"\u201cNuestras riquezas &#8211; Una librer\u00eda en Argel\u201d, de Kaouther Adimi","date":"6 marzo, 2019","format":false,"excerpt":"No me pude resistir y tuve que ir a buscarlo. La descripci\u00f3n de lo supuestamente sucedido all\u00ed me llev\u00f3 a investigar la direcci\u00f3n a trav\u00e9s de Google Maps. Lamentablemente no deja, en esta ocasi\u00f3n, hacer una visita a pie de calle y me qued\u00e9 con las ganas de ver qu\u00e9\u2026","rel":"","context":"En \u00abClub de lectura\u00bb","img":{"alt_text":"","src":"https:\/\/i0.wp.com\/jesuitasburgos.es\/biblioteca\/wp-content\/uploads\/2019\/03\/nuestrasriquezas.jpg?fit=780%2C1200&resize=350%2C200","width":350,"height":200},"classes":[]},{"id":2321,"url":"http:\/\/jesuitasburgos.es\/biblioteca\/?p=2321","url_meta":{"origin":5208,"position":1},"title":"El Silmarillion, por Andr\u00e9s Infante Adri\u00e1n","date":"5 febrero, 2015","format":false,"excerpt":"FICHA T\u00c9CNICA T\u00edtulo:\u00a0\u00a0\u00a0\u00a0\u00a0\u00a0\u00a0\u00a0\u00a0\u00a0\u00a0\u00a0 \u00a0\u00a0\u00a0\u00a0\u00a0\u00a0\u00a0\u00a0\u00a0\u00a0\u00a0 El Silmarillion. Autor:\u00a0\u00a0\u00a0\u00a0\u00a0\u00a0\u00a0\u00a0\u00a0\u00a0\u00a0\u00a0 \u00a0\u00a0\u00a0\u00a0\u00a0\u00a0\u00a0\u00a0\u00a0\u00a0\u00a0 J.R.R. Tolkien. N\u00ba. p\u00e1gs.:\u00a0\u00a0\u00a0\u00a0\u00a0\u00a0\u00a0\u00a0\u00a0\u00a0\u00a0\u00a0\u00a0\u00a0\u00a0\u00a0\u00a0\u00a0\u00a0 341 G\u00e9nero: \u00a0\u00a0\u00a0\u00a0\u00a0\u00a0\u00a0\u00a0\u00a0\u00a0\u00a0\u00a0\u00a0\u00a0\u00a0\u00a0\u00a0\u00a0\u00a0\u00a0\u00a0 Novela. El Silmarillion no es una historia continuada. Narra una \u00e9poca como si fuese hist\u00f3rica, la Primera Edad. Es un libro \u201chist\u00f3rico\u201d de la Primera Edad, desde el principio del mundo hasta la desaparici\u00f3n definitiva\u2026","rel":"","context":"En \u00abAlumnos\u00bb","img":{"alt_text":"","src":"","width":0,"height":0},"classes":[]},{"id":4802,"url":"http:\/\/jesuitasburgos.es\/biblioteca\/?p=4802","url_meta":{"origin":5208,"position":2},"title":"\u00abLa rueda del camino\u00bb, de Carlos Torres Ruiz","date":"11 diciembre, 2019","format":false,"excerpt":"\u201c\u00bfPor qu\u00e9 siempre est\u00e1s triste pap\u00e1?\u201d Esta sencilla pregunta formulada por Mar\u00eda y Jimena, las hijas del autor, sirvi\u00f3 de detonante para que Carlos Torres Ruiz, burgal\u00e9s oriundo de Padilla de Arriba, escribiera \u201cLa rueda del camino\u201d, una historia sencilla, sin ampulosidades, pero que rezuma emociones y sentimientos en cada\u2026","rel":"","context":"En \u00ab-\u00bb","img":{"alt_text":"","src":"https:\/\/i0.wp.com\/jesuitasburgos.es\/biblioteca\/wp-content\/uploads\/2019\/12\/ruedaCamino-e1576064998380.jpg?fit=809%2C1200&resize=350%2C200","width":350,"height":200},"classes":[]},{"id":5168,"url":"http:\/\/jesuitasburgos.es\/biblioteca\/?p=5168","url_meta":{"origin":5208,"position":3},"title":"\u00abEnemigos &#8211; Una historia de amor\u00bb, de Isaac Beshevis Singer","date":"17 enero, 2023","format":false,"excerpt":"\u201cTodav\u00eda sigues escondido en el henil. Eso es lo que pasa\u201d. Esta frase, que le dice Masha a su amante-novio, Herman Broder, da la clave de la personalidad del protagonista de la novela. Esta novela, que habla de la relaci\u00f3n de mentiras e infidelidades de un tri\u00e1ngulo que pronto se\u2026","rel":"","context":"En \u00abClub de lectura\u00bb","img":{"alt_text":"","src":"https:\/\/i0.wp.com\/jesuitasburgos.es\/biblioteca\/wp-content\/uploads\/2023\/01\/enemigos-e1673943401626.jpg?fit=278%2C396&resize=350%2C200","width":350,"height":200},"classes":[]},{"id":2760,"url":"http:\/\/jesuitasburgos.es\/biblioteca\/?p=2760","url_meta":{"origin":5208,"position":4},"title":"Yo soy Malala, por Luc\u00eda Lozano","date":"6 mayo, 2015","format":false,"excerpt":"Este libro nos narra la historia de c\u00f3mo se crea una hero\u00edna;nos habla de Malala, una ni\u00f1a de tan solo 11 a\u00f1os que consigui\u00f3 que su incre\u00edble haza\u00f1a diese la vuelta al mundo, logr\u00f3 abrir los ojos y o\u00eddos de miles de personas de los cinco continentes, pero sobre todo\u2026","rel":"","context":"En \u00abRecomendaciones\u00bb","img":{"alt_text":"","src":"https:\/\/i0.wp.com\/jesuitasburgos.es\/biblioteca\/wp-content\/uploads\/2015\/05\/I-am-Malala-854x440.jpg?fit=854%2C440&resize=350%2C200","width":350,"height":200},"classes":[]},{"id":25,"url":"http:\/\/jesuitasburgos.es\/biblioteca\/?p=25","url_meta":{"origin":5208,"position":5},"title":"RELATO &#8211; GRUPO DE ENRIQUECIMIENTO","date":"18 junio, 2013","format":false,"excerpt":"Mar\u00eda Vel\u00e1zquez ha confeccionado esta historia y la quiere compartir con todos nosotros. \u00a1Enhorabuena, Mar\u00eda!DOS HISTORIAS SE VUELVEN UNA\u201cEs el primer d\u00eda de julio; hoy empiezan los campamentos y yo me estoy preparando para irme. Estoy s\u00faper contenta, hace a\u00f1os que no voy a ninguno...\u201d escribe Claudia en su diario.\u2026","rel":"","context":"En \u00abAlumnos\u00bb","img":{"alt_text":"","src":"","width":0,"height":0},"classes":[]}],"jetpack_likes_enabled":true,"_links":{"self":[{"href":"http:\/\/jesuitasburgos.es\/biblioteca\/index.php?rest_route=\/wp\/v2\/posts\/5208"}],"collection":[{"href":"http:\/\/jesuitasburgos.es\/biblioteca\/index.php?rest_route=\/wp\/v2\/posts"}],"about":[{"href":"http:\/\/jesuitasburgos.es\/biblioteca\/index.php?rest_route=\/wp\/v2\/types\/post"}],"author":[{"embeddable":true,"href":"http:\/\/jesuitasburgos.es\/biblioteca\/index.php?rest_route=\/wp\/v2\/users\/1"}],"replies":[{"embeddable":true,"href":"http:\/\/jesuitasburgos.es\/biblioteca\/index.php?rest_route=%2Fwp%2Fv2%2Fcomments&post=5208"}],"version-history":[{"count":1,"href":"http:\/\/jesuitasburgos.es\/biblioteca\/index.php?rest_route=\/wp\/v2\/posts\/5208\/revisions"}],"predecessor-version":[{"id":5210,"href":"http:\/\/jesuitasburgos.es\/biblioteca\/index.php?rest_route=\/wp\/v2\/posts\/5208\/revisions\/5210"}],"wp:featuredmedia":[{"embeddable":true,"href":"http:\/\/jesuitasburgos.es\/biblioteca\/index.php?rest_route=\/wp\/v2\/media\/5209"}],"wp:attachment":[{"href":"http:\/\/jesuitasburgos.es\/biblioteca\/index.php?rest_route=%2Fwp%2Fv2%2Fmedia&parent=5208"}],"wp:term":[{"taxonomy":"category","embeddable":true,"href":"http:\/\/jesuitasburgos.es\/biblioteca\/index.php?rest_route=%2Fwp%2Fv2%2Fcategories&post=5208"},{"taxonomy":"post_tag","embeddable":true,"href":"http:\/\/jesuitasburgos.es\/biblioteca\/index.php?rest_route=%2Fwp%2Fv2%2Ftags&post=5208"}],"curies":[{"name":"wp","href":"https:\/\/api.w.org\/{rel}","templated":true}]}}