{"id":5129,"date":"2021-11-30T12:00:44","date_gmt":"2021-11-30T10:00:44","guid":{"rendered":"http:\/\/jesuitasburgos.es\/biblioteca\/?p=5129"},"modified":"2021-11-30T12:00:49","modified_gmt":"2021-11-30T10:00:49","slug":"vi-campana-de-donacion-mas-que-un-libro","status":"publish","type":"post","link":"http:\/\/jesuitasburgos.es\/biblioteca\/?p=5129","title":{"rendered":"VI Campa\u00f1a de donaci\u00f3n: M\u00e1s que un libro"},"content":{"rendered":"\n<p>Desde la Biblioteca de nuestro colegio os animamos a colaborar y participar junto con nosotros en esta campa\u00f1a solidaria. <br><\/p>\n\n\n\n<p>El Vicerrectorado de Internacionalizaci\u00f3n y Cooperaci\u00f3n de la Universidad de Burgos -a trav\u00e9s del Centro de Cooperaci\u00f3n y Acci\u00f3n Solidaria- promueve la sexta edici\u00f3n de la campa\u00f1a <em><strong>\u00abM\u00e1s que un libro\u201d<\/strong><\/em>. La cantidad que se recaude se destinar\u00e1\u00a0\u00edntegramente a la\u00a0<strong>ONGD Persona\u00a0Solidaridad\u00a0\u2013<\/strong>concretamente, al\u00a0<strong>Centro para\u00a0 Ni\u00f1os\u00a0y Ni\u00f1as Con\u00a0discapacidad\u00a0en\u00a0Villarica\u00a0(Per\u00fa).<\/strong> <\/p>\n\n\n\n<p>Desde el Centro de Cooperaci\u00f3n se hace un llamamiento para que&nbsp;<strong>desde el 29 de noviembre&nbsp;y hasta el 22 de diciembre de 2021<\/strong>&nbsp;los miembros de la comunidad universitaria y todos los burgaleses que lo deseen se acerquen a la UBU (<strong>vest\u00edbulos de la Escuela Polit\u00e9cnica Superior-R\u00edo Vena, Facultad de Educaci\u00f3n, Facultad de Ciencias, Facultad de Ciencias Econ\u00f3micas y Empresariales, Biblioteca General&nbsp;y Servicios Centrales<\/strong>) y se sumen a esta campa\u00f1a.<\/p>\n\n\n\n<p>Con esta iniciativa, t\u00fa donas y al mismo tiempo, si lo deseas, te puedes llevar -a cambio de una contribuci\u00f3n econ\u00f3mica simb\u00f3lica- aquellos libros que han sido donados por otros y que te interese leer. Si\u00a0tienes\u00a0<strong>libros de lectura<\/strong>\u00a0que ya no utilices, puedes\u00a0<strong>donarlos y adquirir otros\u00a0<\/strong>al precio m\u00ednimo inicial de<strong> 1 euro.<\/strong><\/p>\n\n\n\n<p>M\u00e1s informaci\u00f3n en el siguiente enlace: <a href=\"https:\/\/www.ubu.es\/agenda\/vi-campana-de-donacion-mas-que-un-libro\">https:\/\/www.ubu.es\/agenda\/vi-campana-de-donacion-mas-que-un-libro<\/a><\/p>\n\n\n\n<p><\/p>\n","protected":false},"excerpt":{"rendered":"<p>Desde la Biblioteca de nuestro colegio os animamos a colaborar y participar junto con nosotros en esta campa\u00f1a solidaria. El<\/p>\n","protected":false},"author":1,"featured_media":5130,"comment_status":"open","ping_status":"open","sticky":false,"template":"","format":"standard","meta":{"jetpack_post_was_ever_published":false,"jetpack_publicize_message":"","jetpack_is_tweetstorm":false,"jetpack_publicize_feature_enabled":true,"jetpack_social_post_already_shared":true,"jetpack_social_options":{"image_generator_settings":{"template":"highway","enabled":false}}},"categories":[1],"tags":[],"jetpack_publicize_connections":[],"jetpack_featured_media_url":"https:\/\/i0.wp.com\/jesuitasburgos.es\/biblioteca\/wp-content\/uploads\/2021\/11\/IMG-20211129-WA0000.jpg?fit=1447%2C2048","jetpack_sharing_enabled":true,"jetpack_shortlink":"https:\/\/wp.me\/p5H2Oh-1kJ","jetpack-related-posts":[{"id":3642,"url":"http:\/\/jesuitasburgos.es\/biblioteca\/?p=3642","url_meta":{"origin":5129,"position":0},"title":"La biblioteca colabora en la II Campa\u00f1a \u00abM\u00e1s que un libro\u00bb","date":"9 marzo, 2017","format":false,"excerpt":"La II Campa\u00f1a de donaci\u00f3n \"M\u00e1s que un libro\" ha recaudado 1191,10 euros ser\u00e1 destinado \u00edntegramente a continuar con el Proyecto de la construcci\u00f3n de la Escuela Saint Francis, en Bangalore (India) con el que la UBU lleva varios colaborando. Precisamente esta ma\u00f1ana la Facultad de Educaci\u00f3n ha celebrado una\u2026","rel":"","context":"En \u00abAlumnos\u00bb","img":{"alt_text":"","src":"https:\/\/i0.wp.com\/jesuitasburgos.es\/biblioteca\/wp-content\/uploads\/2017\/03\/ububangalore_006.jpg?fit=1200%2C800&resize=350%2C200","width":350,"height":200},"classes":[]},{"id":152,"url":"http:\/\/jesuitasburgos.es\/biblioteca\/?p=152","url_meta":{"origin":5129,"position":1},"title":"CURR\u00cdCULUM DE MARGARITA SALAS","date":"8 marzo, 2013","format":false,"excerpt":"Cecilia San Mill\u00e1n, de 4\u00ba de ESO, eligi\u00f3 la figura de Margarita Salas para confeccionar su curr\u00edculum.Curr\u00edculumDatos personales:Apellidos: Salas FalgarasNombre: MargaritaNacimiento: Canero (Asturias) 30-XI-1938Estado civil: Casada con el cient\u00edfico Eladio Vi\u00f1uelaFormaci\u00f3n acad\u00e9mica:Licenciada en Ciencias Qu\u00edmicas en la Universidad de Complutense de Madrid.Disc\u00edpula de Severo Ochoa, con quien trabaj\u00f3 en Estados\u2026","rel":"","context":"En \u00abAlumnos\u00bb","img":{"alt_text":"","src":"https:\/\/i0.wp.com\/2.bp.blogspot.com\/-GUXUK9SgPqs\/UTk-BEGOjMI\/AAAAAAAABW4\/NsBdT3dB_WU\/s320\/maregarita.jpg?resize=350%2C200","width":350,"height":200},"classes":[]},{"id":254,"url":"http:\/\/jesuitasburgos.es\/biblioteca\/?p=254","url_meta":{"origin":5129,"position":2},"title":"GRAN INICIATIVA DE LOS ALUMNOS DE 4\u00ba DE ESO","date":"22 diciembre, 2012","format":false,"excerpt":"BIBLIOTECA SOLIDARIA\u00a1ECHA UNA MANO POR NAVIDAD!Con el objeto de ayudar en la Campa\u00f1a de Navidad del colegio y, consecuentemente, de recaudar dinero para adquirir productos de aseo y limpieza para Atalaya, los alumnos y alumnas de 4\u00ba ESO hemos preparado una actividad que se realizar\u00e1 en la biblioteca del colegio\u2026","rel":"","context":"En \u00abAlumnos\u00bb","img":{"alt_text":"","src":"","width":0,"height":0},"classes":[]},{"id":3567,"url":"http:\/\/jesuitasburgos.es\/biblioteca\/?p=3567","url_meta":{"origin":5129,"position":3},"title":"La familia de Pascual Duarte","date":"21 febrero, 2017","format":false,"excerpt":"Con motivo del centenario del nacimiento de Camilo Jos\u00e9 Cela, en el club de lectura de adultos hemos le\u00eddo su novela La familia de Pascual Duarte Hoy os traemos la recomendaci\u00f3n del libro escrita por Vicky Rodriguez y dos art\u00edculos de Diario de Burgos., muy interesantes sobre Cela y su\u2026","rel":"","context":"En \u00abClub de lectura\u00bb","img":{"alt_text":"","src":"https:\/\/i0.wp.com\/jesuitasburgos.es\/biblioteca\/wp-content\/uploads\/2017\/02\/maxresdefault-1.jpg?fit=1200%2C675&resize=350%2C200","width":350,"height":200},"classes":[]},{"id":2319,"url":"http:\/\/jesuitasburgos.es\/biblioteca\/?p=2319","url_meta":{"origin":5129,"position":4},"title":"Club de Lectura","date":"5 febrero, 2015","format":false,"excerpt":"El placer de la lectura compartida es el motivo que nos ha llevado a organizar los clubes de lectura en nuestro Centro Educativo. Este es el tercer a\u00f1o que nos juntamos una vez al mes por las ma\u00f1anas y\/o por las tardes para disfrutar y aprender juntos. Algunas de las\u2026","rel":"","context":"En \u00abAlumnos\u00bb","img":{"alt_text":"","src":"https:\/\/i0.wp.com\/jesuitasburgos.es\/biblioteca\/wp-content\/uploads\/2015\/01\/IMG_4141-copia.jpg?fit=1200%2C647&resize=350%2C200","width":350,"height":200},"classes":[]},{"id":205,"url":"http:\/\/jesuitasburgos.es\/biblioteca\/?p=205","url_meta":{"origin":5129,"position":5},"title":"EULER, EL MATEM\u00c1TICO","date":"28 enero, 2013","format":false,"excerpt":"Primer cuestionario del Trimestre de la ciencia\u00a0Todos aquellos que quer\u00e1is participar deb\u00e9is leer Euler, el matem\u00e1tico\u00a0 y responder a las preguntas. No es necesario comprar el libro: lo ten\u00e9is en las estanter\u00edas de la biblioteca.\u00a0Enviad vuestras respuestas a bibliotecajesuitasburgos@gmail.comLa primera que sea correcta tendr\u00e1 premio.EULER, EL MATEM\u00c1TICOCap\u00edtulo 1. Un peque\u00f1o\u2026","rel":"","context":"En \u00abAlumnos\u00bb","img":{"alt_text":"","src":"","width":0,"height":0},"classes":[]}],"jetpack_likes_enabled":true,"_links":{"self":[{"href":"http:\/\/jesuitasburgos.es\/biblioteca\/index.php?rest_route=\/wp\/v2\/posts\/5129"}],"collection":[{"href":"http:\/\/jesuitasburgos.es\/biblioteca\/index.php?rest_route=\/wp\/v2\/posts"}],"about":[{"href":"http:\/\/jesuitasburgos.es\/biblioteca\/index.php?rest_route=\/wp\/v2\/types\/post"}],"author":[{"embeddable":true,"href":"http:\/\/jesuitasburgos.es\/biblioteca\/index.php?rest_route=\/wp\/v2\/users\/1"}],"replies":[{"embeddable":true,"href":"http:\/\/jesuitasburgos.es\/biblioteca\/index.php?rest_route=%2Fwp%2Fv2%2Fcomments&post=5129"}],"version-history":[{"count":1,"href":"http:\/\/jesuitasburgos.es\/biblioteca\/index.php?rest_route=\/wp\/v2\/posts\/5129\/revisions"}],"predecessor-version":[{"id":5131,"href":"http:\/\/jesuitasburgos.es\/biblioteca\/index.php?rest_route=\/wp\/v2\/posts\/5129\/revisions\/5131"}],"wp:featuredmedia":[{"embeddable":true,"href":"http:\/\/jesuitasburgos.es\/biblioteca\/index.php?rest_route=\/wp\/v2\/media\/5130"}],"wp:attachment":[{"href":"http:\/\/jesuitasburgos.es\/biblioteca\/index.php?rest_route=%2Fwp%2Fv2%2Fmedia&parent=5129"}],"wp:term":[{"taxonomy":"category","embeddable":true,"href":"http:\/\/jesuitasburgos.es\/biblioteca\/index.php?rest_route=%2Fwp%2Fv2%2Fcategories&post=5129"},{"taxonomy":"post_tag","embeddable":true,"href":"http:\/\/jesuitasburgos.es\/biblioteca\/index.php?rest_route=%2Fwp%2Fv2%2Ftags&post=5129"}],"curies":[{"name":"wp","href":"https:\/\/api.w.org\/{rel}","templated":true}]}}