{"id":4912,"date":"2020-06-23T23:08:48","date_gmt":"2020-06-23T21:08:48","guid":{"rendered":"http:\/\/jesuitasburgos.es\/biblioteca\/?p=4912"},"modified":"2020-06-23T23:18:38","modified_gmt":"2020-06-23T21:18:38","slug":"el-camino-de-miguel-delibes-capitulo-i","status":"publish","type":"post","link":"http:\/\/jesuitasburgos.es\/biblioteca\/?p=4912","title":{"rendered":"\u00abEl Camino\u00bb, de Miguel Delibes (Cap\u00edtulo I)"},"content":{"rendered":"\n<p>Lectura conjunta de El camino, la novela m\u00e1s emblem\u00e1tica de Miguel Delibes, con motivo del centenario del nacimiento de este escritor por parte de distintos miembros de la comunidad educativa del colegio La Merced y San Francisco Javier (Jesuitas-Burgos).  <\/p>\n\n\n\n<p>En esta entrega conoceremos los planes de futuro que los padres de Daniel, el Mochuelo, han pensado para \u00e9l. <\/p>\n\n\n\n<figure class=\"wp-block-embed-youtube wp-block-embed is-type-video is-provider-youtube wp-embed-aspect-16-9 wp-has-aspect-ratio\"><div class=\"wp-block-embed__wrapper\">\n<span class=\"embed-youtube\" style=\"text-align:center; display: block;\"><iframe loading=\"lazy\" class=\"youtube-player\" width=\"800\" height=\"450\" src=\"https:\/\/www.youtube.com\/embed\/rL8_SrrpnZU?version=3&#038;rel=1&#038;showsearch=0&#038;showinfo=1&#038;iv_load_policy=1&#038;fs=1&#038;hl=es-ES&#038;autohide=2&#038;wmode=transparent\" allowfullscreen=\"true\" style=\"border:0;\" sandbox=\"allow-scripts allow-same-origin allow-popups allow-presentation\"><\/iframe><\/span>\n<\/div><\/figure>\n","protected":false},"excerpt":{"rendered":"<p>Lectura conjunta de El camino, la novela m\u00e1s emblem\u00e1tica de Miguel Delibes, con motivo del centenario del nacimiento de este<\/p>\n","protected":false},"author":1,"featured_media":4915,"comment_status":"open","ping_status":"open","sticky":false,"template":"","format":"standard","meta":{"jetpack_post_was_ever_published":false,"jetpack_publicize_message":"","jetpack_is_tweetstorm":false,"jetpack_publicize_feature_enabled":true,"jetpack_social_post_already_shared":true,"jetpack_social_options":{"image_generator_settings":{"template":"highway","enabled":false}}},"categories":[8,26,77,10,12],"tags":[],"jetpack_publicize_connections":[],"jetpack_featured_media_url":"https:\/\/i0.wp.com\/jesuitasburgos.es\/biblioteca\/wp-content\/uploads\/2020\/06\/LecturaConjuntaElCamino-e1592946697316.jpg?fit=622%2C381","jetpack_sharing_enabled":true,"jetpack_shortlink":"https:\/\/wp.me\/p5H2Oh-1he","jetpack-related-posts":[{"id":4886,"url":"http:\/\/jesuitasburgos.es\/biblioteca\/?p=4886","url_meta":{"origin":4912,"position":0},"title":"Miguel Delibes, \u00bfcelebramos juntos su centenario?","date":"22 mayo, 2020","format":false,"excerpt":"\u00bfQuieres celebrar con nosotros el centenario del nacimiento de Miguel Delibes? A lo largo de este a\u00f1o se est\u00e1n celebrando numerosos actos para conmemorar el nacimiento de uno de los escritores m\u00e1s importantes de la narrativa hispanoamericana del siglo XX. Miguel Delibes es para nosotros un referente por su maestr\u00eda\u2026","rel":"","context":"En \u00ab-\u00bb","img":{"alt_text":"","src":"https:\/\/i0.wp.com\/jesuitasburgos.es\/biblioteca\/wp-content\/uploads\/2020\/05\/CentenarioDelibes.jpg?fit=900%2C450&resize=350%2C200","width":350,"height":200},"classes":[]},{"id":4966,"url":"http:\/\/jesuitasburgos.es\/biblioteca\/?p=4966","url_meta":{"origin":4912,"position":1},"title":"La biblioteca de Jesuitas y El Camino","date":"10 julio, 2020","format":false,"excerpt":"La biblioteca de Jesuitas se une al centenario del nacimiento de Miguel Delibes con la lectura colectiva de su obra \"El Camino\", cuyos cap\u00edtulos se cuelgan en su canal de youtube y que ha contado con 120 participantes. Canal Biblioteca Jesuitas Burgos","rel":"","context":"En \u00abAlumnos\u00bb","img":{"alt_text":"","src":"https:\/\/i0.wp.com\/jesuitasburgos.es\/biblioteca\/wp-content\/uploads\/2020\/07\/MD_Elcamino.jpg?fit=919%2C1200&resize=350%2C200","width":350,"height":200},"classes":[]},{"id":93,"url":"http:\/\/jesuitasburgos.es\/biblioteca\/?p=93","url_meta":{"origin":4912,"position":2},"title":"D\u00cdA DEL LIBRO EN JESUITAS","date":"20 abril, 2013","format":false,"excerpt":"El 23 de abril es el D\u00eda del Libro\u00a0y en el colegio lo celebraremos al d\u00eda siguiente con varias actividades. En una de ellas todos los alumnos de la ESO,\u00a0 profesores y\u00a0 familias que lo deseen realizar\u00e1n la lectura conjunta de El Camino de Miguel Delibes.Desde primera hora de la\u2026","rel":"","context":"En \u00abAlumnos\u00bb","img":{"alt_text":"","src":"","width":0,"height":0},"classes":[]},{"id":4572,"url":"http:\/\/jesuitasburgos.es\/biblioteca\/?p=4572","url_meta":{"origin":4912,"position":3},"title":"\u00abEl Camino\u00bb, de Miguel Delibes","date":"28 mayo, 2019","format":false,"excerpt":"En esta novela de Miguel Delibes se narra la historia de Daniel, el Mochuelo. \u00c9l vive muy feliz en su pueblo, pero su padre ha decidido que tiene que \u201cprogresar\u201d e ir a la ciudad a estudiar porque no quiere que de mayor tenga que trabajar como \u00e9l de quesero,\u2026","rel":"","context":"En \u00ab-\u00bb","img":{"alt_text":"","src":"https:\/\/i0.wp.com\/jesuitasburgos.es\/biblioteca\/wp-content\/uploads\/2019\/05\/ElCamino-e1559123646170.jpg?fit=634%2C357&resize=350%2C200","width":350,"height":200},"classes":[]},{"id":4905,"url":"http:\/\/jesuitasburgos.es\/biblioteca\/?p=4905","url_meta":{"origin":4912,"position":4},"title":"Rutas literarias &#8211; Miguel Delibes","date":"2 junio, 2020","format":false,"excerpt":"Estamos celebrando el primer centenario de Miguel Delibes. Siempre es un buen momento para leer o releer alguna de sus novelas, pero podemos ampliar la propuesta de lectura con un recorrido literario por alguno \u00a0de los pueblos y parajes de nuestra provincia (o Molledo, en el sur de Cantabria) que\u2026","rel":"","context":"En \u00ab-\u00bb","img":{"alt_text":"","src":"https:\/\/i0.wp.com\/jesuitasburgos.es\/biblioteca\/wp-content\/uploads\/2020\/06\/MiguelDelibes-e1591089865758.jpg?fit=494%2C208&resize=350%2C200","width":350,"height":200},"classes":[]},{"id":4710,"url":"http:\/\/jesuitasburgos.es\/biblioteca\/?p=4710","url_meta":{"origin":4912,"position":5},"title":"Delibes &#8211; Centenario","date":"27 junio, 2019","format":false,"excerpt":"A lo largo del pr\u00f3ximo curso se va a conmemorar el centenario del nacimiento de Miguel Delibes, uno de los grandes escritores espa\u00f1oles de todos los tiempos. Lo vamos a celebrar por todo lo alto. Comenzamos compartiendo con vosotros el cartel que hemos dise\u00f1ado para nuestra biblioteca escolar.","rel":"","context":"En \u00abAlumnos\u00bb","img":{"alt_text":"","src":"https:\/\/i0.wp.com\/jesuitasburgos.es\/biblioteca\/wp-content\/uploads\/2019\/06\/Miguel-Delibes-e1561709267258.jpg?fit=849%2C1200&resize=350%2C200","width":350,"height":200},"classes":[]}],"jetpack_likes_enabled":true,"_links":{"self":[{"href":"http:\/\/jesuitasburgos.es\/biblioteca\/index.php?rest_route=\/wp\/v2\/posts\/4912"}],"collection":[{"href":"http:\/\/jesuitasburgos.es\/biblioteca\/index.php?rest_route=\/wp\/v2\/posts"}],"about":[{"href":"http:\/\/jesuitasburgos.es\/biblioteca\/index.php?rest_route=\/wp\/v2\/types\/post"}],"author":[{"embeddable":true,"href":"http:\/\/jesuitasburgos.es\/biblioteca\/index.php?rest_route=\/wp\/v2\/users\/1"}],"replies":[{"embeddable":true,"href":"http:\/\/jesuitasburgos.es\/biblioteca\/index.php?rest_route=%2Fwp%2Fv2%2Fcomments&post=4912"}],"version-history":[{"count":1,"href":"http:\/\/jesuitasburgos.es\/biblioteca\/index.php?rest_route=\/wp\/v2\/posts\/4912\/revisions"}],"predecessor-version":[{"id":4914,"href":"http:\/\/jesuitasburgos.es\/biblioteca\/index.php?rest_route=\/wp\/v2\/posts\/4912\/revisions\/4914"}],"wp:featuredmedia":[{"embeddable":true,"href":"http:\/\/jesuitasburgos.es\/biblioteca\/index.php?rest_route=\/wp\/v2\/media\/4915"}],"wp:attachment":[{"href":"http:\/\/jesuitasburgos.es\/biblioteca\/index.php?rest_route=%2Fwp%2Fv2%2Fmedia&parent=4912"}],"wp:term":[{"taxonomy":"category","embeddable":true,"href":"http:\/\/jesuitasburgos.es\/biblioteca\/index.php?rest_route=%2Fwp%2Fv2%2Fcategories&post=4912"},{"taxonomy":"post_tag","embeddable":true,"href":"http:\/\/jesuitasburgos.es\/biblioteca\/index.php?rest_route=%2Fwp%2Fv2%2Ftags&post=4912"}],"curies":[{"name":"wp","href":"https:\/\/api.w.org\/{rel}","templated":true}]}}