{"id":4890,"date":"2020-05-26T19:45:02","date_gmt":"2020-05-26T17:45:02","guid":{"rendered":"http:\/\/jesuitasburgos.es\/biblioteca\/?p=4890"},"modified":"2020-05-26T20:02:46","modified_gmt":"2020-05-26T18:02:46","slug":"la-primera-mano-que-sostuvo-la-mia-de-maggie-ofarrell","status":"publish","type":"post","link":"http:\/\/jesuitasburgos.es\/biblioteca\/?p=4890","title":{"rendered":"\u00abLa primera mano que sostuvo la m\u00eda\u00bb, de Maggie O\u2019Farrell"},"content":{"rendered":"<p>La novela impacta. Sin lugar a dudas. La manera de narrar las dos historias y conectarlas al final es realmente buena. La autora, adem\u00e1s, hace unas descripciones realmente v\u00edvidas. Quiz\u00e1s tira un poco de clich\u00e9 para presentar a las antagonistas. Siempre resulta f\u00e1cil as\u00ed identificarse con los \u00abbuenos\u00bb y repudiar a los \u00abmalos\u00bb. Al margen de ese pero, la verdad es que la autora se muestra como alguien que consigue crear una obra entretenida y adem\u00e1s con una buena dosis de literatura entre sus dedos.<\/p>\n<p>La verdad que en el primer momento y por el t\u00edtulo pens\u00e9 que iba a ser una obra sobre la maternidad y\/o la paternidad en dos \u00e9pocas diferentes. Al final resulta ser una historia entrelazada en diversos puntos en la que el elemento sorpresa va dando puntadas de manera dispersa y solo al final se descubre el motivo.<\/p>\n<p>La verdad es que hay un p\u00e1rrafo que describe bastante bien c\u00f3mo nos sentimos los hombres (o quiz\u00e1s deba decir yo) de cara a la paternidad. El ni\u00f1o como la estrella, la madre como directora y encargada de que todo vaya bien y el padre como chico para todo. Es m\u00e1s, creo que esa sensaci\u00f3n se da ya durante el embarazo. Recuerdo c\u00f3mo cuando naci\u00f3 nuestro primer hijo, un fin de semana volviendo a Burgos desde Madrid, al llegar a casa de mis suegros mi mujer se baj\u00f3 del coche con Juan en brazos y yo me encargu\u00e9 de todo el equipaje. Subimos en el ascensor y mis suegros nos esperaban con la puerta abierta. Cruz\u00f3 Celia la puerta con Juan en brazos, todos se echaron encima para saludar y hacer caranto\u00f1as al reci\u00e9n llegado y mientras yo me apa\u00f1aba con todos los pertrechos me cerraron la puerta en las narices. La cara de imb\u00e9cil que se me debi\u00f3 quedar tuvo que ser antol\u00f3gica.<br><!--StartFragment--><\/p>\n\n\n<p><strong>Miguel \u00c1ngel del Hoyo<\/strong><\/p>\n\n\n\n<p><strong>Club de Lectura de Adultos<\/strong><\/p>\n\n\n<p><!--EndFragment--><\/p>\n<p><\/p>","protected":false},"excerpt":{"rendered":"<p>La novela impacta. Sin lugar a dudas. La manera de narrar las dos historias y conectarlas al final es realmente<\/p>\n","protected":false},"author":1,"featured_media":4892,"comment_status":"open","ping_status":"open","sticky":false,"template":"","format":"standard","meta":{"jetpack_post_was_ever_published":false,"jetpack_publicize_message":"","jetpack_is_tweetstorm":false,"jetpack_publicize_feature_enabled":true,"jetpack_social_post_already_shared":true,"jetpack_social_options":{"image_generator_settings":{"template":"highway","enabled":false}}},"categories":[1,26],"tags":[],"jetpack_publicize_connections":[],"jetpack_featured_media_url":"https:\/\/i0.wp.com\/jesuitasburgos.es\/biblioteca\/wp-content\/uploads\/2020\/05\/laprimeramanoquesostuvolamia-e1591090047765.jpg?fit=952%2C905","jetpack_sharing_enabled":true,"jetpack_shortlink":"https:\/\/wp.me\/p5H2Oh-1gS","jetpack-related-posts":[{"id":5273,"url":"http:\/\/jesuitasburgos.es\/biblioteca\/?p=5273","url_meta":{"origin":4890,"position":0},"title":"\u00abCruce de Damas\u00bb, de Mar\u00eda Boado Olabarrieta","date":"5 marzo, 2025","format":false,"excerpt":"Encuentro del Club de Lectura con la autora Mar\u00eda Boado Olabarrieta, fiscal de violencia sobre la mujer desde 2004, antigua alumna y madre de alumnos del colegio \u201cCRUCE DE DAMAS\u201d, UNA NOVELA DE SUSPENSE JUDICIAL PARA NO PERDERSE Mar\u00eda Boado Olabarrieta es, desde 2004, fiscal de violencia sobre la mujer,\u2026","rel":"","context":"En \u00abAlumnos\u00bb","img":{"alt_text":"","src":"https:\/\/i0.wp.com\/jesuitasburgos.es\/biblioteca\/wp-content\/uploads\/2025\/03\/cruceDamas.jpg?fit=790%2C1200&resize=350%2C200","width":350,"height":200},"classes":[]},{"id":4490,"url":"http:\/\/jesuitasburgos.es\/biblioteca\/?p=4490","url_meta":{"origin":4890,"position":1},"title":"Historia de una maestra, de Josefina Aldecoa","date":"17 enero, 2019","format":false,"excerpt":"El libro se explica como un paralelismo entre la historia que vive la protagonista del t\u00edtulo, la maestra, su marido y las personas que van pasando por su vida como unos trasuntos de las tres Espa\u00f1as. Como el futuro y el sue\u00f1o que pudo ser y no fue. Y de\u2026","rel":"","context":"En \u00ab-\u00bb","img":{"alt_text":"","src":"https:\/\/i0.wp.com\/jesuitasburgos.es\/biblioteca\/wp-content\/uploads\/2019\/01\/historiaMaestra.jpg?fit=340%2C340&resize=350%2C200","width":350,"height":200},"classes":[]},{"id":5141,"url":"http:\/\/jesuitasburgos.es\/biblioteca\/?p=5141","url_meta":{"origin":4890,"position":2},"title":"\u00abLas peque\u00f1as virtudes\u00bb, de Natalia Ginsburg","date":"26 mayo, 2022","format":false,"excerpt":"No s\u00e9 d\u00f3nde clasificarlo. La autora lo llama un libro de ensayos. Quiz\u00e1s lo sea, en el sentido de que el ensayo es una obra no literaria. Y ciertamente, al leerlo uno tiene la sensaci\u00f3n de que no son obras de ficci\u00f3n o por lo menos no como considerar\u00edamos una\u2026","rel":"","context":"En \u00abAlumnos\u00bb","img":{"alt_text":"","src":"https:\/\/i0.wp.com\/jesuitasburgos.es\/biblioteca\/wp-content\/uploads\/2022\/05\/peqVirtudes.jpg?fit=552%2C874&resize=350%2C200","width":350,"height":200},"classes":[]},{"id":5236,"url":"http:\/\/jesuitasburgos.es\/biblioteca\/?p=5236","url_meta":{"origin":4890,"position":3},"title":"\u00abEl tren de los ni\u00f1os\u00bb, de Viola Ardore","date":"18 septiembre, 2024","format":false,"excerpt":"No pude resistir la tentaci\u00f3n y tuve que ir a averiguar si esa historia existi\u00f3. Y existi\u00f3, pero en parte. El tren fue real. La historia que se narra quiz\u00e1s s\u00ed y quiz\u00e1s no. Es decir, hubo una iniciativa por parte del Partido Comunista italiano para intentar que los ni\u00f1os\u2026","rel":"","context":"En \u00abClub de lectura\u00bb","img":{"alt_text":"","src":"https:\/\/i0.wp.com\/jesuitasburgos.es\/biblioteca\/wp-content\/uploads\/2024\/09\/trenNinos-scaled-e1726645856677.jpg?fit=1200%2C792&resize=350%2C200","width":350,"height":200},"classes":[]},{"id":5225,"url":"http:\/\/jesuitasburgos.es\/biblioteca\/?p=5225","url_meta":{"origin":4890,"position":4},"title":"\u00abObra maestra\u00bb, de Juan Tall\u00f3n","date":"21 junio, 2024","format":false,"excerpt":"\u201cLa historia que narra esta novela es del todo inveros\u00edmil\u2026 y, sin embargo, sucedi\u00f3\u201d. As\u00ed encabeza la contraportada del libro. Y desde luego que no me encuentro ninguna mejor frase para hacerlo. Es inexplicable a todos los efectos que una obra de 38 toneladas de peso desaparezca. Y as\u00ed, con\u2026","rel":"","context":"En \u00abClub de lectura\u00bb","img":{"alt_text":"","src":"https:\/\/i0.wp.com\/jesuitasburgos.es\/biblioteca\/wp-content\/uploads\/2024\/06\/obra_maestra-scaled-e1718956433282.jpeg?fit=1200%2C465&resize=350%2C200","width":350,"height":200},"classes":[]},{"id":1943,"url":"http:\/\/jesuitasburgos.es\/biblioteca\/?p=1943","url_meta":{"origin":4890,"position":5},"title":"CLUB DE LECTURA","date":"31 mayo, 2014","format":false,"excerpt":"La cena, de Herman Koch. BUEN PROVECHO, \u00bfO NO? Es dif\u00edcil calificar y hablar sobre un libro que, despu\u00e9s de haberlo le\u00eddo, te deja un regusto amargo en la boca. Intentas buscar adjetivos que puedan definirlo, pero resulta dif\u00edcil LA CENA KOCH - Buscar con Google encontrar aquellos que expresen\u2026","rel":"","context":"En \u00abClub de lectura\u00bb","img":{"alt_text":"","src":"https:\/\/i0.wp.com\/jesuitasburgos.es\/biblioteca\/wp-content\/uploads\/2014\/05\/LA-CENA.jpg?resize=350%2C200","width":350,"height":200},"classes":[]}],"jetpack_likes_enabled":true,"_links":{"self":[{"href":"http:\/\/jesuitasburgos.es\/biblioteca\/index.php?rest_route=\/wp\/v2\/posts\/4890"}],"collection":[{"href":"http:\/\/jesuitasburgos.es\/biblioteca\/index.php?rest_route=\/wp\/v2\/posts"}],"about":[{"href":"http:\/\/jesuitasburgos.es\/biblioteca\/index.php?rest_route=\/wp\/v2\/types\/post"}],"author":[{"embeddable":true,"href":"http:\/\/jesuitasburgos.es\/biblioteca\/index.php?rest_route=\/wp\/v2\/users\/1"}],"replies":[{"embeddable":true,"href":"http:\/\/jesuitasburgos.es\/biblioteca\/index.php?rest_route=%2Fwp%2Fv2%2Fcomments&post=4890"}],"version-history":[{"count":2,"href":"http:\/\/jesuitasburgos.es\/biblioteca\/index.php?rest_route=\/wp\/v2\/posts\/4890\/revisions"}],"predecessor-version":[{"id":4902,"href":"http:\/\/jesuitasburgos.es\/biblioteca\/index.php?rest_route=\/wp\/v2\/posts\/4890\/revisions\/4902"}],"wp:featuredmedia":[{"embeddable":true,"href":"http:\/\/jesuitasburgos.es\/biblioteca\/index.php?rest_route=\/wp\/v2\/media\/4892"}],"wp:attachment":[{"href":"http:\/\/jesuitasburgos.es\/biblioteca\/index.php?rest_route=%2Fwp%2Fv2%2Fmedia&parent=4890"}],"wp:term":[{"taxonomy":"category","embeddable":true,"href":"http:\/\/jesuitasburgos.es\/biblioteca\/index.php?rest_route=%2Fwp%2Fv2%2Fcategories&post=4890"},{"taxonomy":"post_tag","embeddable":true,"href":"http:\/\/jesuitasburgos.es\/biblioteca\/index.php?rest_route=%2Fwp%2Fv2%2Ftags&post=4890"}],"curies":[{"name":"wp","href":"https:\/\/api.w.org\/{rel}","templated":true}]}}