{"id":4886,"date":"2020-05-22T18:52:10","date_gmt":"2020-05-22T16:52:10","guid":{"rendered":"http:\/\/jesuitasburgos.es\/biblioteca\/?p=4886"},"modified":"2020-06-23T23:18:21","modified_gmt":"2020-06-23T21:18:21","slug":"miguel-delibes-celebramos-su-centenario","status":"publish","type":"post","link":"http:\/\/jesuitasburgos.es\/biblioteca\/?p=4886","title":{"rendered":"Miguel Delibes, \u00bfcelebramos juntos su centenario?"},"content":{"rendered":"\n<p>\u00bfQuieres celebrar con nosotros el centenario del nacimiento de Miguel Delibes?<\/p>\n\n\n\n<p>A lo largo de este a\u00f1o se est\u00e1n celebrando numerosos actos para conmemorar el nacimiento de uno de los escritores m\u00e1s importantes de la narrativa hispanoamericana del siglo XX. Miguel Delibes es para nosotros un referente por su maestr\u00eda en el empleo de la lengua espa\u00f1ola, la defensa del mundo rural y su compromiso \u00e9tico con los valores humanos y la justicia social.<\/p>\n\n\n\n<p>Obras como \u00abEl camino\u00bb, \u00abLas ratas\u00bb, \u00abLos santos inocentes\u00bb, \u00abCinco horas con Mario\u00bb, \u00abEl disputado voto del se\u00f1or Cayo \u00ab, etc. forman parte ya de nuestra tradici\u00f3n cultural.<\/p>\n\n\n\n<p>Dentro de las diversas actividades culturales que se est\u00e1n organizando en nuestro colegio y gracias a la capacidad para poder seguir conectados os ofrecemos la posibilidad de leer un fragmento de \u00abEl camino\u00bb, ya sea de forma individual o en familia.<\/p>\n\n\n\n<p>Para ellos hay que contestar un breve formulario (<a rel=\"noreferrer noopener\" aria-label=\"https:\/\/forms.gle\/ZHEFshaWfmoXpEs48 (opens in a new tab)\" href=\"https:\/\/forms.gle\/ZHEFshaWfmoXpEs48\" target=\"_blank\">https:\/\/forms.gle\/ZHEFshaWfmoXpEs48<\/a>) y despu\u00e9s os enviaremos el fragmento que ten\u00e9is que leer y grabar en v\u00eddeo.<\/p>\n\n\n\n<p>Es nuestra forma de seguir haciendo comunidad educativa, celebrar el centenario de Miguel Delibes y plantar cara a la pandemia.<\/p>\n\n\n\n<p style=\"text-align:left\">Muchas gracias por vuestra colaboraci\u00f3n.<\/p>\n\n\n\n<p style=\"text-align:right\">Equipo bibliotecas escolares de nuestro colegio.<\/p>\n","protected":false},"excerpt":{"rendered":"<p>\u00bfQuieres celebrar con nosotros el centenario del nacimiento de Miguel Delibes? A lo largo de este a\u00f1o se est\u00e1n celebrando<\/p>\n","protected":false},"author":1,"featured_media":4887,"comment_status":"open","ping_status":"open","sticky":false,"template":"","format":"standard","meta":{"jetpack_post_was_ever_published":false,"jetpack_publicize_message":"","jetpack_is_tweetstorm":false,"jetpack_publicize_feature_enabled":true,"jetpack_social_post_already_shared":true,"jetpack_social_options":{"image_generator_settings":{"template":"highway","enabled":false}}},"categories":[1,8,26],"tags":[],"jetpack_publicize_connections":[],"jetpack_featured_media_url":"https:\/\/i0.wp.com\/jesuitasburgos.es\/biblioteca\/wp-content\/uploads\/2020\/05\/CentenarioDelibes.jpg?fit=900%2C450","jetpack_sharing_enabled":true,"jetpack_shortlink":"https:\/\/wp.me\/p5H2Oh-1gO","jetpack-related-posts":[{"id":4905,"url":"http:\/\/jesuitasburgos.es\/biblioteca\/?p=4905","url_meta":{"origin":4886,"position":0},"title":"Rutas literarias &#8211; Miguel Delibes","date":"2 junio, 2020","format":false,"excerpt":"Estamos celebrando el primer centenario de Miguel Delibes. Siempre es un buen momento para leer o releer alguna de sus novelas, pero podemos ampliar la propuesta de lectura con un recorrido literario por alguno \u00a0de los pueblos y parajes de nuestra provincia (o Molledo, en el sur de Cantabria) que\u2026","rel":"","context":"En \u00ab-\u00bb","img":{"alt_text":"","src":"https:\/\/i0.wp.com\/jesuitasburgos.es\/biblioteca\/wp-content\/uploads\/2020\/06\/MiguelDelibes-e1591089865758.jpg?fit=494%2C208&resize=350%2C200","width":350,"height":200},"classes":[]},{"id":4710,"url":"http:\/\/jesuitasburgos.es\/biblioteca\/?p=4710","url_meta":{"origin":4886,"position":1},"title":"Delibes &#8211; Centenario","date":"27 junio, 2019","format":false,"excerpt":"A lo largo del pr\u00f3ximo curso se va a conmemorar el centenario del nacimiento de Miguel Delibes, uno de los grandes escritores espa\u00f1oles de todos los tiempos. Lo vamos a celebrar por todo lo alto. Comenzamos compartiendo con vosotros el cartel que hemos dise\u00f1ado para nuestra biblioteca escolar.","rel":"","context":"En \u00abAlumnos\u00bb","img":{"alt_text":"","src":"https:\/\/i0.wp.com\/jesuitasburgos.es\/biblioteca\/wp-content\/uploads\/2019\/06\/Miguel-Delibes-e1561709267258.jpg?fit=849%2C1200&resize=350%2C200","width":350,"height":200},"classes":[]},{"id":4912,"url":"http:\/\/jesuitasburgos.es\/biblioteca\/?p=4912","url_meta":{"origin":4886,"position":2},"title":"\u00abEl Camino\u00bb, de Miguel Delibes (Cap\u00edtulo I)","date":"23 junio, 2020","format":false,"excerpt":"Lectura conjunta de El camino, la novela m\u00e1s emblem\u00e1tica de Miguel Delibes, con motivo del centenario del nacimiento de este escritor por parte de distintos miembros de la comunidad educativa del colegio La Merced y San Francisco Javier (Jesuitas-Burgos). En esta entrega conoceremos los planes de futuro que los padres\u2026","rel":"","context":"En \u00abAlumnos\u00bb","img":{"alt_text":"","src":"https:\/\/i0.wp.com\/jesuitasburgos.es\/biblioteca\/wp-content\/uploads\/2020\/06\/LecturaConjuntaElCamino-e1592946697316.jpg?fit=622%2C381&resize=350%2C200","width":350,"height":200},"classes":[]},{"id":4966,"url":"http:\/\/jesuitasburgos.es\/biblioteca\/?p=4966","url_meta":{"origin":4886,"position":3},"title":"La biblioteca de Jesuitas y El Camino","date":"10 julio, 2020","format":false,"excerpt":"La biblioteca de Jesuitas se une al centenario del nacimiento de Miguel Delibes con la lectura colectiva de su obra \"El Camino\", cuyos cap\u00edtulos se cuelgan en su canal de youtube y que ha contado con 120 participantes. Canal Biblioteca Jesuitas Burgos","rel":"","context":"En \u00abAlumnos\u00bb","img":{"alt_text":"","src":"https:\/\/i0.wp.com\/jesuitasburgos.es\/biblioteca\/wp-content\/uploads\/2020\/07\/MD_Elcamino.jpg?fit=919%2C1200&resize=350%2C200","width":350,"height":200},"classes":[]},{"id":4587,"url":"http:\/\/jesuitasburgos.es\/biblioteca\/?p=4587","url_meta":{"origin":4886,"position":4},"title":"Certamen auton\u00f3mico de Lectura en P\u00fablico","date":"31 mayo, 2019","format":false,"excerpt":"Los alumnos de 3\u00ba C de Secundaria de nuestro colegio hemos ganado la VI edici\u00f3n del Certamen \u201cLectura en P\u00fablico\u201d. El acto tuvo lugar el 9 de abril en las Cortes de Castilla y Le\u00f3n en Valladolid y fue organizado por la Consejer\u00eda de Educaci\u00f3n, a trav\u00e9s de la Direcci\u00f3n\u2026","rel":"","context":"En \u00abAlumnos\u00bb","img":{"alt_text":"","src":"https:\/\/i0.wp.com\/jesuitasburgos.es\/biblioteca\/wp-content\/uploads\/2019\/05\/IMG-0015.jpg?resize=350%2C200","width":350,"height":200},"classes":[]},{"id":5083,"url":"http:\/\/jesuitasburgos.es\/biblioteca\/?p=5083","url_meta":{"origin":4886,"position":5},"title":"Charla sobre relatos cortos de Miguel Delibes. \u00a1Gracias Rafa!","date":"9 marzo, 2021","format":false,"excerpt":"La charla ofrecida por Rafael Pampliega vers\u00f3 sobre los siguientes relatos cortos: La grajilla, El c\u00e1rabo, El cuco, El conejo. Rafa Pampliega es profesor de Geograf\u00eda e Historia en nuestro colegio. Vive en un pueblo llamado Rab\u00e9 de las Calzadas (Burgos). Ah\u00ed ha podido observar a los animales y estudiar\u2026","rel":"","context":"En \u00abAlumnos\u00bb","img":{"alt_text":"","src":"https:\/\/i0.wp.com\/jesuitasburgos.es\/biblioteca\/wp-content\/uploads\/2021\/03\/graciasRafa.png?fit=864%2C570&resize=350%2C200","width":350,"height":200},"classes":[]}],"jetpack_likes_enabled":true,"_links":{"self":[{"href":"http:\/\/jesuitasburgos.es\/biblioteca\/index.php?rest_route=\/wp\/v2\/posts\/4886"}],"collection":[{"href":"http:\/\/jesuitasburgos.es\/biblioteca\/index.php?rest_route=\/wp\/v2\/posts"}],"about":[{"href":"http:\/\/jesuitasburgos.es\/biblioteca\/index.php?rest_route=\/wp\/v2\/types\/post"}],"author":[{"embeddable":true,"href":"http:\/\/jesuitasburgos.es\/biblioteca\/index.php?rest_route=\/wp\/v2\/users\/1"}],"replies":[{"embeddable":true,"href":"http:\/\/jesuitasburgos.es\/biblioteca\/index.php?rest_route=%2Fwp%2Fv2%2Fcomments&post=4886"}],"version-history":[{"count":2,"href":"http:\/\/jesuitasburgos.es\/biblioteca\/index.php?rest_route=\/wp\/v2\/posts\/4886\/revisions"}],"predecessor-version":[{"id":4889,"href":"http:\/\/jesuitasburgos.es\/biblioteca\/index.php?rest_route=\/wp\/v2\/posts\/4886\/revisions\/4889"}],"wp:featuredmedia":[{"embeddable":true,"href":"http:\/\/jesuitasburgos.es\/biblioteca\/index.php?rest_route=\/wp\/v2\/media\/4887"}],"wp:attachment":[{"href":"http:\/\/jesuitasburgos.es\/biblioteca\/index.php?rest_route=%2Fwp%2Fv2%2Fmedia&parent=4886"}],"wp:term":[{"taxonomy":"category","embeddable":true,"href":"http:\/\/jesuitasburgos.es\/biblioteca\/index.php?rest_route=%2Fwp%2Fv2%2Fcategories&post=4886"},{"taxonomy":"post_tag","embeddable":true,"href":"http:\/\/jesuitasburgos.es\/biblioteca\/index.php?rest_route=%2Fwp%2Fv2%2Ftags&post=4886"}],"curies":[{"name":"wp","href":"https:\/\/api.w.org\/{rel}","templated":true}]}}