{"id":465,"date":"2013-10-02T23:56:50","date_gmt":"2013-10-02T23:56:50","guid":{"rendered":"http:\/\/jesuitasburgos.es\/biblioteca\/?p=465"},"modified":"2017-02-21T19:31:32","modified_gmt":"2017-02-21T19:31:32","slug":"callejeros-ortograficos-52","status":"publish","type":"post","link":"http:\/\/jesuitasburgos.es\/biblioteca\/?p=465","title":{"rendered":"CALLEJEROS ORTOGR\u00c1FICOS"},"content":{"rendered":"<p>Miguel Garc\u00eda Tella ha disfrutado de unas buenas vacaciones y\u00a0 ha aprovechado para fotografiar alguna falta de ortograf\u00eda.<\/p>\n<p>Elegir es con \u00abg\u00bb y las may\u00fasculas siguen acentu\u00e1ndose.\u00a0 Gracias, Miguel.<a href=\"https:\/\/i0.wp.com\/jesuitasburgos.es\/biblioteca\/wp-content\/uploads\/2013\/10\/Tella.jpg\"><img data-attachment-id=\"466\" data-permalink=\"http:\/\/jesuitasburgos.es\/biblioteca\/?attachment_id=466\" data-orig-file=\"https:\/\/i0.wp.com\/jesuitasburgos.es\/biblioteca\/wp-content\/uploads\/2013\/10\/Tella.jpg?fit=240%2C320\" data-orig-size=\"240,320\" data-comments-opened=\"1\" data-image-meta=\"{&quot;aperture&quot;:&quot;0&quot;,&quot;credit&quot;:&quot;&quot;,&quot;camera&quot;:&quot;&quot;,&quot;caption&quot;:&quot;&quot;,&quot;created_timestamp&quot;:&quot;0&quot;,&quot;copyright&quot;:&quot;&quot;,&quot;focal_length&quot;:&quot;0&quot;,&quot;iso&quot;:&quot;0&quot;,&quot;shutter_speed&quot;:&quot;0&quot;,&quot;title&quot;:&quot;&quot;}\" data-image-title=\"Tella\" data-image-description=\"\" data-image-caption=\"\" data-medium-file=\"https:\/\/i0.wp.com\/jesuitasburgos.es\/biblioteca\/wp-content\/uploads\/2013\/10\/Tella.jpg?fit=225%2C300\" data-large-file=\"https:\/\/i0.wp.com\/jesuitasburgos.es\/biblioteca\/wp-content\/uploads\/2013\/10\/Tella.jpg?fit=240%2C320\" decoding=\"async\" loading=\"lazy\" class=\"size-full wp-image-466 aligncenter\" alt=\"Tella\" src=\"https:\/\/i0.wp.com\/jesuitasburgos.es\/biblioteca\/wp-content\/uploads\/2013\/10\/Tella.jpg?resize=426%2C320\" width=\"426\" height=\"320\" data-recalc-dims=\"1\" \/><\/a><\/p>\n<p><a href=\"https:\/\/i0.wp.com\/jesuitasburgos.es\/biblioteca\/wp-content\/uploads\/2013\/10\/tellito.jpg\"><img data-attachment-id=\"467\" data-permalink=\"http:\/\/jesuitasburgos.es\/biblioteca\/?attachment_id=467\" data-orig-file=\"https:\/\/i0.wp.com\/jesuitasburgos.es\/biblioteca\/wp-content\/uploads\/2013\/10\/tellito.jpg?fit=800%2C600\" data-orig-size=\"800,600\" data-comments-opened=\"1\" data-image-meta=\"{&quot;aperture&quot;:&quot;0&quot;,&quot;credit&quot;:&quot;&quot;,&quot;camera&quot;:&quot;&quot;,&quot;caption&quot;:&quot;&quot;,&quot;created_timestamp&quot;:&quot;0&quot;,&quot;copyright&quot;:&quot;&quot;,&quot;focal_length&quot;:&quot;0&quot;,&quot;iso&quot;:&quot;0&quot;,&quot;shutter_speed&quot;:&quot;0&quot;,&quot;title&quot;:&quot;&quot;}\" data-image-title=\"tellito\" data-image-description=\"\" data-image-caption=\"\" data-medium-file=\"https:\/\/i0.wp.com\/jesuitasburgos.es\/biblioteca\/wp-content\/uploads\/2013\/10\/tellito.jpg?fit=300%2C225\" data-large-file=\"https:\/\/i0.wp.com\/jesuitasburgos.es\/biblioteca\/wp-content\/uploads\/2013\/10\/tellito.jpg?fit=800%2C600\" decoding=\"async\" loading=\"lazy\" class=\"alignright size-full wp-image-467\" alt=\"tellito\" src=\"https:\/\/i0.wp.com\/jesuitasburgos.es\/biblioteca\/wp-content\/uploads\/2013\/10\/tellito.jpg?resize=800%2C600\" width=\"800\" height=\"600\" srcset=\"https:\/\/i0.wp.com\/jesuitasburgos.es\/biblioteca\/wp-content\/uploads\/2013\/10\/tellito.jpg?w=800 800w, https:\/\/i0.wp.com\/jesuitasburgos.es\/biblioteca\/wp-content\/uploads\/2013\/10\/tellito.jpg?resize=300%2C225 300w, https:\/\/i0.wp.com\/jesuitasburgos.es\/biblioteca\/wp-content\/uploads\/2013\/10\/tellito.jpg?resize=200%2C150 200w, https:\/\/i0.wp.com\/jesuitasburgos.es\/biblioteca\/wp-content\/uploads\/2013\/10\/tellito.jpg?resize=150%2C112 150w\" sizes=\"(max-width: 800px) 100vw, 800px\" data-recalc-dims=\"1\" \/><\/a><\/p>\n","protected":false},"excerpt":{"rendered":"<p>Miguel Garc\u00eda Tella ha disfrutado de unas buenas vacaciones y\u00a0 ha aprovechado para fotografiar alguna falta de ortograf\u00eda. Elegir es<\/p>\n","protected":false},"author":1,"featured_media":0,"comment_status":"open","ping_status":"open","sticky":false,"template":"","format":"standard","meta":{"jetpack_post_was_ever_published":false,"jetpack_publicize_message":"","jetpack_is_tweetstorm":false,"jetpack_publicize_feature_enabled":true,"jetpack_social_post_already_shared":false,"jetpack_social_options":{"image_generator_settings":{"template":"highway","enabled":false}}},"categories":[3],"tags":[],"jetpack_publicize_connections":[],"jetpack_featured_media_url":"","jetpack_sharing_enabled":true,"jetpack_shortlink":"https:\/\/wp.me\/p5H2Oh-7v","jetpack-related-posts":[{"id":1238,"url":"http:\/\/jesuitasburgos.es\/biblioteca\/?p=1238","url_meta":{"origin":465,"position":0},"title":"CALLEJEROS ORTOGR\u00c1FICOS","date":"11 enero, 2014","format":false,"excerpt":"Miguel Garc\u00eda nos env\u00eda este cartel. La falta de la tilde no se ha producido por el deterioro, que conste.","rel":"","context":"En \u00abAlumnos\u00bb","img":{"alt_text":"20131206_163909","src":"https:\/\/i0.wp.com\/jesuitasburgos.es\/biblioteca\/wp-content\/uploads\/2014\/01\/20131206_163909-1024x768.jpg?resize=350%2C200","width":350,"height":200},"classes":[]},{"id":30,"url":"http:\/\/jesuitasburgos.es\/biblioteca\/?p=30","url_meta":{"origin":465,"position":1},"title":"CALLEJEROS ORTOGR\u00c1FICOS","date":"18 junio, 2013","format":false,"excerpt":"Miguel Bonach\u00eda nos env\u00eda esta foto en la que las may\u00fasculas brillan por su ausencia.","rel":"","context":"En \u00abAlumnos\u00bb","img":{"alt_text":"","src":"https:\/\/i0.wp.com\/2.bp.blogspot.com\/-lOCtMVb1e0o\/Ub-uZIyGULI\/AAAAAAAACAU\/W8s40hQiQ9E\/s640\/IMG01401-20130123-1242.jpg?resize=350%2C200","width":350,"height":200},"classes":[]},{"id":115,"url":"http:\/\/jesuitasburgos.es\/biblioteca\/?p=115","url_meta":{"origin":465,"position":2},"title":"CALLEJEROS ORTOGR\u00c1FICOS","date":"8 abril, 2013","format":false,"excerpt":"\u00a0Miguel Garc\u00eda Tella nos env\u00eda estas fotos realizadas durante las vacaciones de Semana Santa.\u00a0Disculpamos las molestias ocasionadas por la falta de tildes en \"permanecer\u00e1\" y en \"Caf\u00e9\"; disculpamos bastante menos ese \"anbos\".\u00a0Dec\u00edan nuestros profesores de Lengua que antes de \"p\" y \"b\" siempre se escribe \"m\".Gracias, Miguel, por tu colaboraci\u00f3n.","rel":"","context":"En \u00abAlumnos\u00bb","img":{"alt_text":"","src":"https:\/\/i0.wp.com\/4.bp.blogspot.com\/-Nkmz7ZptYw0\/UWDTEBRLBxI\/AAAAAAAABjI\/TvDsHWPjUoY\/s400\/IMG-20130329-WA0000.jpg?resize=350%2C200","width":350,"height":200},"classes":[]},{"id":112,"url":"http:\/\/jesuitasburgos.es\/biblioteca\/?p=112","url_meta":{"origin":465,"position":3},"title":"ENTREGA DE PREMIOS TRIMESTRE DE LA CIENCIA","date":"9 abril, 2013","format":false,"excerpt":"Este pr\u00f3ximo mi\u00e9rcoles 10 de abril a la hora del recreo se entregar\u00e1n los premios correspondientes al segundo trimestre tem\u00e1tico de nuestra biblioteca. No han sido pocos los alumnos que han colaborado y queremos tener un peque\u00f1o detalle con ellos.Aprovecharemos la ocasi\u00f3n para presentar el nuevo tema para el tercer\u2026","rel":"","context":"En \u00abAlumnos\u00bb","img":{"alt_text":"","src":"https:\/\/i0.wp.com\/2.bp.blogspot.com\/-QLRFRoWek3I\/UWNfb5-zm6I\/AAAAAAAABkI\/QHTjHrfD7hY\/s200\/ciencia.jpg?resize=350%2C200","width":350,"height":200},"classes":[]},{"id":1454,"url":"http:\/\/jesuitasburgos.es\/biblioteca\/?p=1454","url_meta":{"origin":465,"position":4},"title":"CALLEJEROS ORTOGR\u00c1FICOS","date":"8 febrero, 2014","format":false,"excerpt":"Bruno \u00c1lvarez ha encontrado esta falta haciendo la compra. Las dos cosas est\u00e1n muy bien. Gracias por colaborar otra vez m\u00e1s.","rel":"","context":"En \u00abAlumnos\u00bb","img":{"alt_text":"callejeros ortograficos producion","src":"https:\/\/i0.wp.com\/jesuitasburgos.es\/biblioteca\/wp-content\/uploads\/2014\/02\/callejeros-ortograficos-producion-e1391478906745.jpg?resize=350%2C200","width":350,"height":200},"classes":[]},{"id":1241,"url":"http:\/\/jesuitasburgos.es\/biblioteca\/?p=1241","url_meta":{"origin":465,"position":5},"title":"CALLEJEROS ORTOGR\u00c1FICOS","date":"11 enero, 2014","format":false,"excerpt":"Alejandro G\u00fcemes ha cazado otra tilde invisible. \u00a0","rel":"","context":"En \u00abAlumnos\u00bb","img":{"alt_text":"CAM00043","src":"https:\/\/i0.wp.com\/jesuitasburgos.es\/biblioteca\/wp-content\/uploads\/2014\/01\/CAM00043-1024x768.jpg?resize=350%2C200","width":350,"height":200},"classes":[]}],"jetpack_likes_enabled":true,"_links":{"self":[{"href":"http:\/\/jesuitasburgos.es\/biblioteca\/index.php?rest_route=\/wp\/v2\/posts\/465"}],"collection":[{"href":"http:\/\/jesuitasburgos.es\/biblioteca\/index.php?rest_route=\/wp\/v2\/posts"}],"about":[{"href":"http:\/\/jesuitasburgos.es\/biblioteca\/index.php?rest_route=\/wp\/v2\/types\/post"}],"author":[{"embeddable":true,"href":"http:\/\/jesuitasburgos.es\/biblioteca\/index.php?rest_route=\/wp\/v2\/users\/1"}],"replies":[{"embeddable":true,"href":"http:\/\/jesuitasburgos.es\/biblioteca\/index.php?rest_route=%2Fwp%2Fv2%2Fcomments&post=465"}],"version-history":[{"count":2,"href":"http:\/\/jesuitasburgos.es\/biblioteca\/index.php?rest_route=\/wp\/v2\/posts\/465\/revisions"}],"predecessor-version":[{"id":469,"href":"http:\/\/jesuitasburgos.es\/biblioteca\/index.php?rest_route=\/wp\/v2\/posts\/465\/revisions\/469"}],"wp:attachment":[{"href":"http:\/\/jesuitasburgos.es\/biblioteca\/index.php?rest_route=%2Fwp%2Fv2%2Fmedia&parent=465"}],"wp:term":[{"taxonomy":"category","embeddable":true,"href":"http:\/\/jesuitasburgos.es\/biblioteca\/index.php?rest_route=%2Fwp%2Fv2%2Fcategories&post=465"},{"taxonomy":"post_tag","embeddable":true,"href":"http:\/\/jesuitasburgos.es\/biblioteca\/index.php?rest_route=%2Fwp%2Fv2%2Ftags&post=465"}],"curies":[{"name":"wp","href":"https:\/\/api.w.org\/{rel}","templated":true}]}}