{"id":463,"date":"2013-10-02T23:53:26","date_gmt":"2013-10-02T23:53:26","guid":{"rendered":"http:\/\/jesuitasburgos.es\/biblioteca\/?p=463"},"modified":"2017-02-21T19:31:23","modified_gmt":"2017-02-21T19:31:23","slug":"el-ladron-del-rayo","status":"publish","type":"post","link":"http:\/\/jesuitasburgos.es\/biblioteca\/?p=463","title":{"rendered":"EL LADR\u00d3N DEL RAYO"},"content":{"rendered":"<p><strong>Pedro P\u00e9rez comienza el curso participando en nuestro blog, al igual que hizo durante el curso pasado En esta ocasi\u00f3n nos recomienda una lectura que \u00e9l ha realizado en verano. Gracias, Pedro.<\/strong><\/p>\n<p>EL LADR\u00d3N DEL RAYO<\/p>\n<div>Serie: Percy Jackson y los Dioses del Olimpo<\/div>\n<div><\/div>\n<div>Libro 1\u00ba: El ladr\u00f3n del rayo<\/div>\n<div><\/div>\n<div>Autor: Rick Riordan<\/div>\n<div><\/div>\n<div>Editorial: Salamandra<\/div>\n<div><\/div>\n<div><img decoding=\"async\" alt=\"\" src=\"http:\/\/bibliobulimica.files.wordpress.com\/2013\/06\/portada-percy.jpg?w=800\" data-recalc-dims=\"1\" \/><\/div>\n<div><\/div>\n<div>Percy es un \u00a0ni\u00f1o muy especial, \u00a0ya que su padre es un Dios del Olimpo, (\u00e9l no lo sabe).<\/div>\n<div>En su noveno colegio descubre a un s\u00e1tiro que le explica qui\u00e9n es \u00e9l y le lleva a un campamento con ni\u00f1os como \u00e9l: \u00abel campamento mestizo\u00bb. All\u00ed todos son hijos de Dioses con poderes y les entrenan para el combate.<\/div>\n<div>A Percy le encomiendan una misi\u00f3n que consiste en recuperar el rayo maestro de Zeus.<\/div>\n<div>\u00bfLo conseguir\u00e1? Os dejo con la intriga.<\/div>\n<div><\/div>\n<div>El viernes 13 de este mes sali\u00f3 en el cine la segunda parte de este libro. En total son cinco. Os\u00a0 recomiendo los libros y las dos pel\u00edculas que hay hasta ahora.<\/div>\n<div><\/div>\n<div>Un saludo a todos Pedro Jos\u00e9 P\u00e9rez<\/div>\n<div><\/div>\n<div><\/div>\n<div><\/div>\n<div><\/div>\n","protected":false},"excerpt":{"rendered":"<p>Pedro P\u00e9rez comienza el curso participando en nuestro blog, al igual que hizo durante el curso pasado En esta ocasi\u00f3n<\/p>\n","protected":false},"author":1,"featured_media":0,"comment_status":"open","ping_status":"open","sticky":false,"template":"","format":"standard","meta":{"jetpack_post_was_ever_published":false,"jetpack_publicize_message":"","jetpack_is_tweetstorm":false,"jetpack_publicize_feature_enabled":true,"jetpack_social_post_already_shared":false,"jetpack_social_options":{"image_generator_settings":{"template":"highway","enabled":false}}},"categories":[8],"tags":[],"jetpack_publicize_connections":[],"jetpack_featured_media_url":"","jetpack_sharing_enabled":true,"jetpack_shortlink":"https:\/\/wp.me\/p5H2Oh-7t","jetpack-related-posts":[{"id":4202,"url":"http:\/\/jesuitasburgos.es\/biblioteca\/?p=4202","url_meta":{"origin":463,"position":0},"title":"Percy Jackson, el ladr\u00f3n del rayo","date":"15 febrero, 2018","format":false,"excerpt":"\"Percy Jackson, el ladr\u00f3n del rayo\" de\u00a0Rick Riordan \u00bfD\u00f3nde has estado metido los \u00faltimos a\u00f1os si no conoces la saga de novelas \u201cPercy Jackson\u201d? Todo el mundo habla de ella, todo el mundo la lee, la sigue y parece no defraudar a ning\u00fan colectivo. Te invito a que compruebes si\u2026","rel":"","context":"En \u00abAlumnos\u00bb","img":{"alt_text":"","src":"https:\/\/i0.wp.com\/jesuitasburgos.es\/biblioteca\/wp-content\/uploads\/2018\/02\/descarga.jpg?fit=292%2C456&resize=350%2C200","width":350,"height":200},"classes":[]},{"id":3612,"url":"http:\/\/jesuitasburgos.es\/biblioteca\/?p=3612","url_meta":{"origin":463,"position":1},"title":"Percy Jackson y el \u00faltimo hombre del Olimpo, por Felipe Daroca","date":"9 marzo, 2017","format":false,"excerpt":"Percy es un joven chico estadounidense, ysemidi\u00f3s, hijo de Poseid\u00f3n y de su humana madre Sally. Esta historia comienza en un coche, junto a sus amigos tambi\u00e9n semidioses Rachel y Beckendorf, dirigi\u00e9ndose hacia el barco Princesa Andr\u00f3meda, donde junto a Beckendorf tienen que derrotar al tit\u00e1n Cronos. Tras tenderles una\u2026","rel":"","context":"En \u00abRecomendaciones\u00bb","img":{"alt_text":"","src":"https:\/\/i0.wp.com\/jesuitasburgos.es\/biblioteca\/wp-content\/uploads\/2017\/03\/el_ultimo_heroe_del_olimpo-1.jpg?fit=743%2C1200&resize=350%2C200","width":350,"height":200},"classes":[]},{"id":3655,"url":"http:\/\/jesuitasburgos.es\/biblioteca\/?p=3655","url_meta":{"origin":463,"position":2},"title":"El hijo de Neptuno, por Juan Gil","date":"21 marzo, 2017","format":false,"excerpt":"Este libro es la segunda entrega de la famosa saga de Rick Riordan, que cuenta la historia de Percy, quien un d\u00eda de repente se despierta y no tiene ni idea de d\u00f3nde est\u00e1 ni de d\u00f3nde viene, de lo \u00fanico que se acuerda es de un nombre: Annabeth. Percy\u2026","rel":"","context":"En \u00abRecomendaciones\u00bb","img":{"alt_text":"","src":"https:\/\/i0.wp.com\/jesuitasburgos.es\/biblioteca\/wp-content\/uploads\/2017\/03\/9788415580713.jpg?fit=530%2C768&resize=350%2C200","width":350,"height":200},"classes":[]},{"id":204,"url":"http:\/\/jesuitasburgos.es\/biblioteca\/?p=204","url_meta":{"origin":463,"position":3},"title":"POEMA &#8211; RETO","date":"28 enero, 2013","format":false,"excerpt":"Buscamos soluci\u00f3n a este poema. Mirad a ver si lo consegu\u00eds.\u00a0Enviadlas a bibliotecajesuitasburgos@gmail.com EL LADR\u00d3N DE NARANJAS\u00a0Un ladr\u00f3n un cesto de naranjasdel mercado rob\u00f3y por entre los huertos escap\u00f3;al saltar una valla,la mitad m\u00e1s media perdi\u00f3;perseguido por un perro,la mitad menos media abandon\u00f3;tropez\u00f3 en una cuerda,la mitad m\u00e1s media desparram\u00f3;en\u2026","rel":"","context":"En \u00abAlumnos\u00bb","img":{"alt_text":"","src":"","width":0,"height":0},"classes":[]},{"id":43,"url":"http:\/\/jesuitasburgos.es\/biblioteca\/?p=43","url_meta":{"origin":463,"position":4},"title":"PALABRA DE LA SEMANA &#8211; CACO","date":"4 junio, 2013","format":false,"excerpt":"Daniel Germ\u00e1n nos env\u00eda el origen de esta curiosa palabra. Origen de la palabra CACOCuando la utilizamos nos referimos a un ladr\u00f3n h\u00e1bil, capaz de robar sin que nadie lo perciba y que huye con facilidad.Caco era un dios menor de Roma, hijo de Vulcano; viv\u00eda en una gruta del\u2026","rel":"","context":"En \u00abAlumnos\u00bb","img":{"alt_text":"","src":"","width":0,"height":0},"classes":[]},{"id":4075,"url":"http:\/\/jesuitasburgos.es\/biblioteca\/?p=4075","url_meta":{"origin":463,"position":5},"title":"Callejeros ortogr\u00e1ficos","date":"30 julio, 2017","format":"aside","excerpt":"\u00a1No paramos en vacaciones! Hemos descubierto una nueva fechor\u00eda del ladr\u00f3n de la r, aqu\u00ed la tienes:","rel":"","context":"En \u00abCallejeros ortogr\u00e1ficos\u00bb","img":{"alt_text":"","src":"https:\/\/i0.wp.com\/jesuitasburgos.es\/biblioteca\/wp-content\/uploads\/2017\/07\/WhatsApp-Image-2017-07-30-at-10.07.17.jpeg?fit=900%2C1200&resize=350%2C200","width":350,"height":200},"classes":[]}],"jetpack_likes_enabled":true,"_links":{"self":[{"href":"http:\/\/jesuitasburgos.es\/biblioteca\/index.php?rest_route=\/wp\/v2\/posts\/463"}],"collection":[{"href":"http:\/\/jesuitasburgos.es\/biblioteca\/index.php?rest_route=\/wp\/v2\/posts"}],"about":[{"href":"http:\/\/jesuitasburgos.es\/biblioteca\/index.php?rest_route=\/wp\/v2\/types\/post"}],"author":[{"embeddable":true,"href":"http:\/\/jesuitasburgos.es\/biblioteca\/index.php?rest_route=\/wp\/v2\/users\/1"}],"replies":[{"embeddable":true,"href":"http:\/\/jesuitasburgos.es\/biblioteca\/index.php?rest_route=%2Fwp%2Fv2%2Fcomments&post=463"}],"version-history":[{"count":1,"href":"http:\/\/jesuitasburgos.es\/biblioteca\/index.php?rest_route=\/wp\/v2\/posts\/463\/revisions"}],"predecessor-version":[{"id":464,"href":"http:\/\/jesuitasburgos.es\/biblioteca\/index.php?rest_route=\/wp\/v2\/posts\/463\/revisions\/464"}],"wp:attachment":[{"href":"http:\/\/jesuitasburgos.es\/biblioteca\/index.php?rest_route=%2Fwp%2Fv2%2Fmedia&parent=463"}],"wp:term":[{"taxonomy":"category","embeddable":true,"href":"http:\/\/jesuitasburgos.es\/biblioteca\/index.php?rest_route=%2Fwp%2Fv2%2Fcategories&post=463"},{"taxonomy":"post_tag","embeddable":true,"href":"http:\/\/jesuitasburgos.es\/biblioteca\/index.php?rest_route=%2Fwp%2Fv2%2Ftags&post=463"}],"curies":[{"name":"wp","href":"https:\/\/api.w.org\/{rel}","templated":true}]}}