{"id":45,"date":"2013-06-04T00:38:00","date_gmt":"2013-06-04T00:38:00","guid":{"rendered":"http:\/\/jesuitasburgos.es\/biblioteca\/?p=45"},"modified":"2013-06-04T00:38:00","modified_gmt":"2013-06-04T00:38:00","slug":"callejeros-ortograficos-7","status":"publish","type":"post","link":"http:\/\/jesuitasburgos.es\/biblioteca\/?p=45","title":{"rendered":"CALLEJEROS ORTOGR\u00c1FICOS"},"content":{"rendered":"<p>Mar\u00eda \u00cd\u00f1igo se encontr\u00f3 con esta se\u00f1al en Fr\u00edas. Creemos que alguno de nuestros \u00abcallejeros ortogr\u00e1ficos\u00bb pas\u00f3 antes por el lugar e intent\u00f3 arreglar el desaguisado. Gracias, Mar\u00eda por colaborar.<\/p>\n<div><a href=\"https:\/\/i0.wp.com\/1.bp.blogspot.com\/-NNh75xhqDe8\/Ua02ds_ukMI\/AAAAAAAAB8M\/xjrq6m0exeo\/s1600\/IMG-20130505-WA0000.jpg\" imageanchor=\"1\"><img decoding=\"async\" loading=\"lazy\" border=\"0\" height=\"400\" src=\"https:\/\/i0.wp.com\/1.bp.blogspot.com\/-NNh75xhqDe8\/Ua02ds_ukMI\/AAAAAAAAB8M\/xjrq6m0exeo\/s400\/IMG-20130505-WA0000.jpg?resize=300%2C400\" width=\"300\"  data-recalc-dims=\"1\"><\/a><\/div>\n<p><\/p>\n","protected":false},"excerpt":{"rendered":"<p>Mar\u00eda \u00cd\u00f1igo se encontr\u00f3 con esta se\u00f1al en Fr\u00edas. Creemos que alguno de nuestros \u00abcallejeros ortogr\u00e1ficos\u00bb pas\u00f3 antes por el<\/p>\n","protected":false},"author":1,"featured_media":0,"comment_status":"open","ping_status":"open","sticky":false,"template":"","format":"standard","meta":{"jetpack_post_was_ever_published":false,"jetpack_publicize_message":"","jetpack_is_tweetstorm":false,"jetpack_publicize_feature_enabled":true,"jetpack_social_post_already_shared":false,"jetpack_social_options":{"image_generator_settings":{"template":"highway","enabled":false}}},"categories":[8,17,3,18,14],"tags":[],"jetpack_publicize_connections":[],"jetpack_featured_media_url":"","jetpack_sharing_enabled":true,"jetpack_shortlink":"https:\/\/wp.me\/p5H2Oh-J","jetpack-related-posts":[{"id":989,"url":"http:\/\/jesuitasburgos.es\/biblioteca\/?p=989","url_meta":{"origin":45,"position":0},"title":"CALLEJEROS ORTOGR\u00c1FICOS EN INTERNET","date":"6 diciembre, 2013","format":false,"excerpt":"Mar\u00eda Rodr\u00edguez, madre del colegio, nos env\u00eda esta receta con alg\u00fan \"ingrediente\" incorrecto. Gracias por colaborar, Mar\u00eda.","rel":"","context":"En \u00abCallejeros ortogr\u00e1ficos\u00bb","img":{"alt_text":"falta mar\u00c3\u00ada","src":"https:\/\/i0.wp.com\/jesuitasburgos.es\/biblioteca\/wp-content\/uploads\/2013\/12\/falta-mar\u00c3\u00ada-1016x1024.jpg?resize=350%2C200","width":350,"height":200},"classes":[]},{"id":112,"url":"http:\/\/jesuitasburgos.es\/biblioteca\/?p=112","url_meta":{"origin":45,"position":1},"title":"ENTREGA DE PREMIOS TRIMESTRE DE LA CIENCIA","date":"9 abril, 2013","format":false,"excerpt":"Este pr\u00f3ximo mi\u00e9rcoles 10 de abril a la hora del recreo se entregar\u00e1n los premios correspondientes al segundo trimestre tem\u00e1tico de nuestra biblioteca. No han sido pocos los alumnos que han colaborado y queremos tener un peque\u00f1o detalle con ellos.Aprovecharemos la ocasi\u00f3n para presentar el nuevo tema para el tercer\u2026","rel":"","context":"En \u00abAlumnos\u00bb","img":{"alt_text":"","src":"https:\/\/i0.wp.com\/2.bp.blogspot.com\/-QLRFRoWek3I\/UWNfb5-zm6I\/AAAAAAAABkI\/QHTjHrfD7hY\/s200\/ciencia.jpg?resize=350%2C200","width":350,"height":200},"classes":[]},{"id":1159,"url":"http:\/\/jesuitasburgos.es\/biblioteca\/?p=1159","url_meta":{"origin":45,"position":2},"title":"CALLEJEROS ORTOGR\u00c1FICOS","date":"2 enero, 2014","format":false,"excerpt":"Mar\u00eda \u00cd\u00f1igo casi tiene un accidente en carretera al ver este cartel y nos comenta que no fue por la lluvia... casi lo tienen al ver la \"llubia\".","rel":"","context":"En \u00abAlumnos\u00bb","img":{"alt_text":"","src":"https:\/\/i0.wp.com\/jesuitasburgos.es\/biblioteca\/wp-content\/uploads\/2013\/12\/image2.jpeg?resize=350%2C200","width":350,"height":200},"classes":[]},{"id":169,"url":"http:\/\/jesuitasburgos.es\/biblioteca\/?p=169","url_meta":{"origin":45,"position":3},"title":"CALLEJEROS ORTOGR\u00c1FICOS","date":"26 febrero, 2013","format":false,"excerpt":"Mar\u00eda \u00cd\u00f1igo Hoyo de 3\u00ba ESO C nos env\u00eda esta foto con una evidente falta de ortograf\u00eda. \u00a1Gracias por tu participaci\u00f3n!En la biblioteca del colegio no aceptamos tarjetas de este tipo, ni siquiera llenas de dinero.","rel":"","context":"En \u00abAlumnos\u00bb","img":{"alt_text":"","src":"https:\/\/i0.wp.com\/3.bp.blogspot.com\/-D80sd7hP9ro\/USwYQUTd8sI\/AAAAAAAABRY\/SdhP1zOwGUk\/s400\/targetasmar%C3%ADa3%C2%BAC.jpeg?resize=350%2C200","width":350,"height":200},"classes":[]},{"id":1454,"url":"http:\/\/jesuitasburgos.es\/biblioteca\/?p=1454","url_meta":{"origin":45,"position":4},"title":"CALLEJEROS ORTOGR\u00c1FICOS","date":"8 febrero, 2014","format":false,"excerpt":"Bruno \u00c1lvarez ha encontrado esta falta haciendo la compra. Las dos cosas est\u00e1n muy bien. Gracias por colaborar otra vez m\u00e1s.","rel":"","context":"En \u00abAlumnos\u00bb","img":{"alt_text":"callejeros ortograficos producion","src":"https:\/\/i0.wp.com\/jesuitasburgos.es\/biblioteca\/wp-content\/uploads\/2014\/02\/callejeros-ortograficos-producion-e1391478906745.jpg?resize=350%2C200","width":350,"height":200},"classes":[]},{"id":562,"url":"http:\/\/jesuitasburgos.es\/biblioteca\/?p=562","url_meta":{"origin":45,"position":5},"title":"CALLEJEROS ORTOGR\u00c1FICOS","date":"17 octubre, 2013","format":false,"excerpt":"Esta \"bonita\" foto nos la han enviado alumnos de 2\u00ba de Bachillerato desde \u00c1vila. All\u00ed estaban disfrutando\u00a0 del premio que ganaron el curso pasado con su estudio sobre la Torre y el Arco de Santa Mar\u00eda (http:\/\/www.elblogdemarcus.blogspot.com.es\/). \u00a1Enhorabuena por el premio y vuestro gran ojo! \u00a0","rel":"","context":"En \u00abAlumnos\u00bb","img":{"alt_text":"","src":"https:\/\/i0.wp.com\/jesuitasburgos.es\/biblioteca\/wp-content\/uploads\/2013\/10\/estremada2.jpg?resize=350%2C200","width":350,"height":200},"classes":[]}],"jetpack_likes_enabled":true,"_links":{"self":[{"href":"http:\/\/jesuitasburgos.es\/biblioteca\/index.php?rest_route=\/wp\/v2\/posts\/45"}],"collection":[{"href":"http:\/\/jesuitasburgos.es\/biblioteca\/index.php?rest_route=\/wp\/v2\/posts"}],"about":[{"href":"http:\/\/jesuitasburgos.es\/biblioteca\/index.php?rest_route=\/wp\/v2\/types\/post"}],"author":[{"embeddable":true,"href":"http:\/\/jesuitasburgos.es\/biblioteca\/index.php?rest_route=\/wp\/v2\/users\/1"}],"replies":[{"embeddable":true,"href":"http:\/\/jesuitasburgos.es\/biblioteca\/index.php?rest_route=%2Fwp%2Fv2%2Fcomments&post=45"}],"version-history":[{"count":0,"href":"http:\/\/jesuitasburgos.es\/biblioteca\/index.php?rest_route=\/wp\/v2\/posts\/45\/revisions"}],"wp:attachment":[{"href":"http:\/\/jesuitasburgos.es\/biblioteca\/index.php?rest_route=%2Fwp%2Fv2%2Fmedia&parent=45"}],"wp:term":[{"taxonomy":"category","embeddable":true,"href":"http:\/\/jesuitasburgos.es\/biblioteca\/index.php?rest_route=%2Fwp%2Fv2%2Fcategories&post=45"},{"taxonomy":"post_tag","embeddable":true,"href":"http:\/\/jesuitasburgos.es\/biblioteca\/index.php?rest_route=%2Fwp%2Fv2%2Ftags&post=45"}],"curies":[{"name":"wp","href":"https:\/\/api.w.org\/{rel}","templated":true}]}}