{"id":4127,"date":"2017-12-19T10:27:26","date_gmt":"2017-12-19T08:27:26","guid":{"rendered":"http:\/\/jesuitasburgos.es\/biblioteca\/?p=4127"},"modified":"2017-12-19T10:34:04","modified_gmt":"2017-12-19T08:34:04","slug":"entre-libros-una-biblioteca-de-intercambio-en-quintanalara","status":"publish","type":"post","link":"http:\/\/jesuitasburgos.es\/biblioteca\/?p=4127","title":{"rendered":"\u201cEntre libros\u201d, Una biblioteca de intercambio en Quintanalara"},"content":{"rendered":"<p><em><strong>Ruta literaria por Tierra de Lara<\/strong><\/em><\/p>\n<p>No es casualidad que la biblioteca de intercambio de Quintanalara se ubique en el espacio denominado la Pobrera, lugar en el que hac\u00edan noche las personas que viajaban entre pueblos. Anta\u00f1o, la Pobrera se convirti\u00f3 en sitio de acogida e intercambio entre viajeros. Hoy, los libros son los viajeros que vienen y van.<br \/>\nDe ello pudimos dar fe en nuestra visita a la biblioteca de intercambio de Quintanalara, organizada por el Club de Lectura del Colegio y que nos dio la oportunidad, una vez m\u00e1s, de conocer una iniciativa novedosa y singular.<\/p>\n<p><img data-attachment-id=\"4128\" data-permalink=\"http:\/\/jesuitasburgos.es\/biblioteca\/?attachment_id=4128\" data-orig-file=\"https:\/\/i0.wp.com\/jesuitasburgos.es\/biblioteca\/wp-content\/uploads\/2017\/12\/rutaliteraria.jpg?fit=720%2C540\" data-orig-size=\"720,540\" data-comments-opened=\"1\" data-image-meta=\"{&quot;aperture&quot;:&quot;0&quot;,&quot;credit&quot;:&quot;&quot;,&quot;camera&quot;:&quot;&quot;,&quot;caption&quot;:&quot;&quot;,&quot;created_timestamp&quot;:&quot;0&quot;,&quot;copyright&quot;:&quot;&quot;,&quot;focal_length&quot;:&quot;0&quot;,&quot;iso&quot;:&quot;0&quot;,&quot;shutter_speed&quot;:&quot;0&quot;,&quot;title&quot;:&quot;&quot;,&quot;orientation&quot;:&quot;0&quot;}\" data-image-title=\"Biblioteca con aspecto de madera\" data-image-description=\"\" data-image-caption=\"\" data-medium-file=\"https:\/\/i0.wp.com\/jesuitasburgos.es\/biblioteca\/wp-content\/uploads\/2017\/12\/rutaliteraria.jpg?fit=300%2C225\" data-large-file=\"https:\/\/i0.wp.com\/jesuitasburgos.es\/biblioteca\/wp-content\/uploads\/2017\/12\/rutaliteraria.jpg?fit=720%2C540\" decoding=\"async\" loading=\"lazy\" class=\" wp-image-4128 alignright\" src=\"https:\/\/i0.wp.com\/jesuitasburgos.es\/biblioteca\/wp-content\/uploads\/2017\/12\/rutaliteraria.jpg?resize=482%2C362\" alt=\"Biblioteca\" width=\"482\" height=\"362\" srcset=\"https:\/\/i0.wp.com\/jesuitasburgos.es\/biblioteca\/wp-content\/uploads\/2017\/12\/rutaliteraria.jpg?w=720 720w, https:\/\/i0.wp.com\/jesuitasburgos.es\/biblioteca\/wp-content\/uploads\/2017\/12\/rutaliteraria.jpg?resize=300%2C225 300w\" sizes=\"(max-width: 482px) 100vw, 482px\" data-recalc-dims=\"1\" \/>El propio espacio de la Pobrera ya es particular en s\u00ed mismo, con ese aspecto de caba\u00f1a construida en madera.<\/p>\n<p>En el interior, sus paredes son estanter\u00edas, tambi\u00e9n de madera, que acogen los 10.600 ejemplares que caben en ella, convenientemente ordenados para que sea m\u00e1s f\u00e1cil encontrar aquello que se busca, ya que a trav\u00e9s de la p\u00e1gina web de la biblioteca (<em><a href=\"https:\/\/www.bookcrossing.com\">https:\/\/www.bookcrossing.com<\/a><\/em>) se pueden realizar b\u00fasquedas que nos permitan saber si el t\u00edtulo que buscamos lo podemos encontrar all\u00ed. La biblioteca est\u00e1 abierta de forma permanente.<br \/>\nLa biblioteca tiene tambi\u00e9n proyecci\u00f3n exterior al formar parte de la red internacional Bookcrossing, una \u201cred social inteligente. Es el acto de dar a un libro una identidad \u00fanica de manera que, como el libro pasa de lector a lector, se pueda seguirlo e interconectar a sus lectores\u201d, tal y como ellos mismos se definen en la p\u00e1gina web. De acuerdo con los datos facilitados en ella, hay 1.834.308 \u201cbookcrossers\u201d o lectores liberadores de libros y 12.252.870 libros viajando por 132 pa\u00edses (<a href=\"https:\/\/www.bookcrossing.com\/about\"><em>https:\/\/www.bookcrossing.com\/about<\/em><\/a>). Muchos de ellos est\u00e1n en Quintanalara, un punto activo de esta red.<\/p>\n<p>&nbsp;<\/p>\n<p>Enmarcada dentro del proyecto \u201cEntre libros\u201d, fue su alcalde, Rub\u00e9n Heras, quien lo puso en marcha. As\u00ed, en junio de 2016 se inaugur\u00f3 la biblioteca, dando el pistoletazo de salida a este proyecto que pretende, ante todo, generar un espacio cultural para atraer visitantes a la Tierra de Lara.<br \/>\nY merece la pena recorrer los 27 kil\u00f3metros que hay entre Burgos y este pueblo de la Sierra de la Demanda, ubicado en el valle que conforma el Pe\u00f1\u00f3n de Lara y la Cresta del Alta Casarejo, para encontrar aut\u00e9nticos tesoros entre las estanter\u00edas de la Pobrera que, una vez le\u00eddos, pueden continuar su viaje all\u00ed donde los deposites.<\/p>\n","protected":false},"excerpt":{"rendered":"<p>Ruta literaria por Tierra de Lara No es casualidad que la biblioteca de intercambio de Quintanalara se ubique en el<\/p>\n","protected":false},"author":1,"featured_media":4128,"comment_status":"open","ping_status":"open","sticky":false,"template":"","format":"standard","meta":{"jetpack_post_was_ever_published":false,"jetpack_publicize_message":"","jetpack_is_tweetstorm":false,"jetpack_publicize_feature_enabled":true,"jetpack_social_post_already_shared":true,"jetpack_social_options":{"image_generator_settings":{"template":"highway","enabled":false}}},"categories":[24,9],"tags":[90,91,92],"jetpack_publicize_connections":[],"jetpack_featured_media_url":"https:\/\/i0.wp.com\/jesuitasburgos.es\/biblioteca\/wp-content\/uploads\/2017\/12\/rutaliteraria.jpg?fit=720%2C540","jetpack_sharing_enabled":true,"jetpack_shortlink":"https:\/\/wp.me\/p5H2Oh-14z","jetpack-related-posts":[{"id":2699,"url":"http:\/\/jesuitasburgos.es\/biblioteca\/?p=2699","url_meta":{"origin":4127,"position":0},"title":"Intercambio en Amiens","date":"10 abril, 2015","format":false,"excerpt":"Veinte de nuestros alumnos de 3 de ESO, acompa\u00f1ados de dos profesores del colegio, se encuentran estos d\u00edas en Amiens devolviendo la visita a los estudiantes franceses que vinieron en febrero. Todos ellos est\u00e1n alojados en familias francesas y han disfrutado de las actividades del domingo y lunes de Pascua.\u2026","rel":"","context":"En \u00abAlumnos\u00bb","img":{"alt_text":"","src":"https:\/\/i0.wp.com\/jesuitasburgos.es\/biblioteca\/wp-content\/uploads\/2015\/04\/IMG_5077-e1429088161930.jpg?fit=1200%2C634&resize=350%2C200","width":350,"height":200},"classes":[]},{"id":227,"url":"http:\/\/jesuitasburgos.es\/biblioteca\/?p=227","url_meta":{"origin":4127,"position":1},"title":"TROCALIBROS &#8211; 1\u00ba ESO A","date":"8 enero, 2013","format":false,"excerpt":"Durante una tutor\u00eda estuvimos hablando sobre el intercambio y sus beneficios. Se nos ocurri\u00f3 la idea de cambiar libros porque todos tenemos alguno que ya hemos le\u00eddo y que nos gust\u00f3 mucho cuando \u00e9ramos peque\u00f1os, pero que ahora ya no vamos a releer o incluso tenemos alguno repetido de alg\u00fan\u2026","rel":"","context":"En \u00abAlumnos\u00bb","img":{"alt_text":"","src":"","width":0,"height":0},"classes":[]},{"id":319,"url":"http:\/\/jesuitasburgos.es\/biblioteca\/?p=319","url_meta":{"origin":4127,"position":2},"title":"PREG\u00d3N DEL &quot;D\u00cdA DE LA BIBLIOTECA&quot;","date":"4 noviembre, 2012","format":false,"excerpt":"Recuerdo que una vez me contaron una historia preciosa.Trataba sobre una persona que llevaba a cuestas una biblioteca. Con su fardo cargado de libros iba a todos\u00a0aquellos lugares a los que solo hab\u00eda llegado la pobreza, los desastres o las guerras. Repart\u00eda libros entre los\u00a0j\u00f3venes y los ni\u00f1os, y entre\u2026","rel":"","context":"En \u00abD\u00eda de la Biblioteca\u00bb","img":{"alt_text":"","src":"","width":0,"height":0},"classes":[]},{"id":116,"url":"http:\/\/jesuitasburgos.es\/biblioteca\/?p=116","url_meta":{"origin":4127,"position":3},"title":"\u00bfBIBLIOTECA OKUPADA?","date":"8 abril, 2013","format":false,"excerpt":"Estos chicos de 4\u00ba ESO C\u00a0 no paran: como sigan as\u00ed, cerraremos la biblioteca para ellos y abriremos una nueva para el resto del colegio. \u00a1Ah! \u00a1Son los de Letras!\u00a0 \u00a1A seguir as\u00ed, chicos!\u00a0Actividad: OCUPACI\u00d3N PO\u00c9TICA\u00a0 4\u00ba ESO CLa actividad consiste en escuchar poemas con un m\u00f3vil que tenga acceso\u2026","rel":"","context":"En \u00abAlumnos\u00bb","img":{"alt_text":"","src":"https:\/\/i0.wp.com\/3.bp.blogspot.com\/-tr2FTPe1eTA\/UV982b2ktKI\/AAAAAAAABiw\/FRX_Q_zDZmg\/s320\/CAM00146.jpg?resize=350%2C200","width":350,"height":200},"classes":[]},{"id":320,"url":"http:\/\/jesuitasburgos.es\/biblioteca\/?p=320","url_meta":{"origin":4127,"position":4},"title":"NUESTRA BIBLIOTECA EN DIARIO DE BURGOS","date":"4 noviembre, 2012","format":false,"excerpt":"\u00a1A leer como locos!I.L.H. \/ Burgos - mi\u00e9rcoles, 24 de octubre de 2012El centro educativo La Merced y San Francisco Javier reinaugura su biblioteca con una fiesta inspirada en \"El se\u00f1or de los anillos\"Ese es el prop\u00f3sito de un d\u00eda como hoy. Aunque no necesitan excusas, las bibliotecas escolares celebran\u2026","rel":"","context":"En \u00abArt\u00edculos de prensa\u00bb","img":{"alt_text":"","src":"https:\/\/i0.wp.com\/3.bp.blogspot.com\/-JoCwZxJzPfA\/UIhltlfpVuI\/AAAAAAAAADg\/ygOz39uDs3o\/s320\/Foto+biblioteca+DB.JPG?resize=350%2C200","width":350,"height":200},"classes":[]},{"id":2065,"url":"http:\/\/jesuitasburgos.es\/biblioteca\/?p=2065","url_meta":{"origin":4127,"position":5},"title":"RECOMENDACIONES TRIMESTRE LITERATURA DE VIAJES","date":"17 noviembre, 2014","format":false,"excerpt":"1\u00a0\u2013 \u00c9BANO de\u00a0Ryszard Kapucinsky Si hay una obra que no falla en todas las listas de libros viajeros habidas y por haber, esta es \u00c9bano. Su autor, el periodista polaco Ryszard\u00a0Kapucinsky, narra sus vivencias durante su \u00e9poca de corresponsal en \u00c1frica entre 1957 y 1990. Es una serie de relatos\u2026","rel":"","context":"En \u00abAlumnos\u00bb","img":{"alt_text":"","src":"","width":0,"height":0},"classes":[]}],"jetpack_likes_enabled":true,"_links":{"self":[{"href":"http:\/\/jesuitasburgos.es\/biblioteca\/index.php?rest_route=\/wp\/v2\/posts\/4127"}],"collection":[{"href":"http:\/\/jesuitasburgos.es\/biblioteca\/index.php?rest_route=\/wp\/v2\/posts"}],"about":[{"href":"http:\/\/jesuitasburgos.es\/biblioteca\/index.php?rest_route=\/wp\/v2\/types\/post"}],"author":[{"embeddable":true,"href":"http:\/\/jesuitasburgos.es\/biblioteca\/index.php?rest_route=\/wp\/v2\/users\/1"}],"replies":[{"embeddable":true,"href":"http:\/\/jesuitasburgos.es\/biblioteca\/index.php?rest_route=%2Fwp%2Fv2%2Fcomments&post=4127"}],"version-history":[{"count":8,"href":"http:\/\/jesuitasburgos.es\/biblioteca\/index.php?rest_route=\/wp\/v2\/posts\/4127\/revisions"}],"predecessor-version":[{"id":4136,"href":"http:\/\/jesuitasburgos.es\/biblioteca\/index.php?rest_route=\/wp\/v2\/posts\/4127\/revisions\/4136"}],"wp:featuredmedia":[{"embeddable":true,"href":"http:\/\/jesuitasburgos.es\/biblioteca\/index.php?rest_route=\/wp\/v2\/media\/4128"}],"wp:attachment":[{"href":"http:\/\/jesuitasburgos.es\/biblioteca\/index.php?rest_route=%2Fwp%2Fv2%2Fmedia&parent=4127"}],"wp:term":[{"taxonomy":"category","embeddable":true,"href":"http:\/\/jesuitasburgos.es\/biblioteca\/index.php?rest_route=%2Fwp%2Fv2%2Fcategories&post=4127"},{"taxonomy":"post_tag","embeddable":true,"href":"http:\/\/jesuitasburgos.es\/biblioteca\/index.php?rest_route=%2Fwp%2Fv2%2Ftags&post=4127"}],"curies":[{"name":"wp","href":"https:\/\/api.w.org\/{rel}","templated":true}]}}