{"id":4025,"date":"2017-06-21T08:05:13","date_gmt":"2017-06-21T06:05:13","guid":{"rendered":"http:\/\/jesuitasburgos.es\/biblioteca\/?p=4025"},"modified":"2017-06-20T20:05:29","modified_gmt":"2017-06-20T18:05:29","slug":"concurso-de-microrrelatos-nanorrelatos-y-haikus","status":"publish","type":"post","link":"http:\/\/jesuitasburgos.es\/biblioteca\/?p=4025","title":{"rendered":"Concurso de microrrelatos, nanorrelatos y haikus"},"content":{"rendered":"<p>El pasado jueves 15 de junio se entregaron los premios de los concursos de microrrelatos (primaria), nanorrelatos (infantil) y haikus.<\/p>\n<p>Estos\u00a0son\u00a0los\u00a0ganadores\u00a0en\u00a0las\u00a0diferentes\u00a0categor\u00edas:<\/p>\n<p>Nanorrelatos\u00a0(3\u00ba\u00a0infantil)<\/p>\n<p>1\u00ba\u00a0Miguel\u00a0Rojo\u00a0Saiz<br \/>\n2\u00ba\u00a0Diego\u00a0Garc\u00eda\u00a0Montero<br \/>\n3\u00ba\u00a0Diego\u00a0de\u00a0la\u00a0Iglesia\u00a0Siglez<\/p>\n<p>Microrrelatos\u00a0(1\u00ba\u00a0y\u00a02\u00ba\u00a0de\u00a0Primaria)<\/p>\n<p>1\u00ba\u00a0Gonzalo\u00a0Rojo\u00a0Saiz<br \/>\n2\u00baManuel\u00a0M\u00e9ndez\u00a0Arosa<\/p>\n<p>Microrrelatos\u00a0(3\u00ba\u00a0y\u00a04\u00ba\u00a0de\u00a0Primaria)<\/p>\n<p>1\u00ba\u00a0Jimena\u00a0Guti\u00e9rrez<br \/>\n2\u00ba\u00a0Marta\u00a0Garc\u00eda<br \/>\n3\u00ba\u00a0Carlota\u00a0Rodr\u00edguez<\/p>\n<p>Microrrelatos\u00a0(5\u00ba\u00a0y\u00a06\u00ba\u00a0Primaria)<\/p>\n<p>1\u00ba\u00a0Sof\u00eda\u00a0Ant\u00f3n\u00a0(ex\u00a0aequo)<br \/>\n1\u00ba\u00a0Ana\u00a0Pardo\u00a0(ex\u00a0aequo)<br \/>\n3\u00ba\u00a0Noah\u00a0Liebe<\/p>\n<p>Haikus<\/p>\n<p>1\u00ba\u00a0Sandra\u00a0Mart\u00ednez-Acitores<\/p>\n<p>Agua\u00a0de\u00a0lluvia,<br \/>\nY\u00a0mis\u00a0ojos\u00a0llorando,<br \/>\nHierba\u00a0mojada<\/p>\n<p>2\u00ba\u00a0Claudia\u00a0Hernando<br \/>\n3\u00ba\u00a0Irene\u00a0Pereda<\/p>\n<p>Los premios de las categor\u00edas de Secundaria y adultos se entregar\u00e1n esta semana (19-23 de junio)<\/p>\n<p><strong>Algunos de los relatos ganadores:<\/strong><\/p>\n<p><a href=\"http:\/\/blogs.jesuitasburgos.com\/news\/wp-content\/uploads\/2017\/06\/20170619162131.pdf\" target=\"_blank\" rel=\"noopener noreferrer\">Relato 1<\/a><\/p>\n<p><a href=\"http:\/\/blogs.jesuitasburgos.com\/news\/wp-content\/uploads\/2017\/06\/20170619162058.pdf\" target=\"_blank\" rel=\"noopener noreferrer\">Relato 2<\/a><\/p>\n<p><a href=\"http:\/\/blogs.jesuitasburgos.com\/news\/wp-content\/uploads\/2017\/06\/20170619162013.pdf\" target=\"_blank\" rel=\"noopener noreferrer\">Relato 3<\/a><\/p>\n<p><a href=\"http:\/\/blogs.jesuitasburgos.com\/news\/wp-content\/uploads\/2017\/06\/20170619161917.pdf\" target=\"_blank\" rel=\"noopener noreferrer\">Relato 4<\/a><\/p>\n<p><a href=\"http:\/\/blogs.jesuitasburgos.com\/news\/wp-content\/uploads\/2017\/06\/20170619161952.pdf\" target=\"_blank\" rel=\"noopener noreferrer\">Relato 5<\/a><\/p>\n","protected":false},"excerpt":{"rendered":"<p>El pasado jueves 15 de junio se entregaron los premios de los concursos de microrrelatos (primaria), nanorrelatos (infantil) y haikus.<\/p>\n","protected":false},"author":1,"featured_media":4027,"comment_status":"open","ping_status":"open","sticky":false,"template":"","format":"standard","meta":{"jetpack_post_was_ever_published":false,"jetpack_publicize_message":"","jetpack_is_tweetstorm":false,"jetpack_publicize_feature_enabled":true,"jetpack_social_post_already_shared":true,"jetpack_social_options":{"image_generator_settings":{"template":"highway","enabled":false}}},"categories":[57],"tags":[],"jetpack_publicize_connections":[],"jetpack_featured_media_url":"https:\/\/i0.wp.com\/jesuitasburgos.es\/biblioteca\/wp-content\/uploads\/2017\/06\/escribir_0.jpg?fit=630%2C420","jetpack_sharing_enabled":true,"jetpack_shortlink":"https:\/\/wp.me\/p5H2Oh-12V","jetpack-related-posts":[{"id":2808,"url":"http:\/\/jesuitasburgos.es\/biblioteca\/?p=2808","url_meta":{"origin":4025,"position":0},"title":"CONCURSO DE MICRORRELATOS &#8211; Fiestas mayo 2015","date":"11 mayo, 2015","format":false,"excerpt":"CONCURSO DE MICRORRELATOS - Fiestas mayo 2015 A lo largo de estos d\u00edas vamos a ir publicando los ganadores de la segunda edici\u00f3n del concurso de microrrelatos celebrado con motivo de las fiestas de nuestro colegio. Hubo tres categor\u00edas y hab\u00eda dos palabras clave: FRANCIA y COMPA\u00d1\u00cdA. Gracias a todos\u2026","rel":"","context":"En \u00abConcursos\u00bb","img":{"alt_text":"","src":"https:\/\/i0.wp.com\/jesuitasburgos.es\/biblioteca\/wp-content\/uploads\/2015\/05\/paisaje_de_libros1.jpg?fit=1200%2C809&resize=350%2C200","width":350,"height":200},"classes":[]},{"id":1797,"url":"http:\/\/jesuitasburgos.es\/biblioteca\/?p=1797","url_meta":{"origin":4025,"position":1},"title":"CONCURSOS DE MICRORRELATOS Y TUITS DURANTE LAS FIESTAS COLEGIALES","date":"4 mayo, 2014","format":false,"excerpt":"La biblioteca del colegio organiza durante estas fiestas dos concursos: uno de tuits y otro de microrrelatos. Hay tres categor\u00edas y suculentos premios para los ganadores. Pueden participar alumnos, padres, profes, TODOS.... \u00bfA qu\u00e9 est\u00e1is esperando? Os dejamos aqu\u00ed los carteles con las bases de los concursos. \u00a1\u00c1nimo! \u00a0 \u00a0","rel":"","context":"En \u00abAlumnos\u00bb","img":{"alt_text":"tuits","src":"https:\/\/i0.wp.com\/jesuitasburgos.es\/biblioteca\/wp-content\/uploads\/2014\/05\/tuits-723x1024.jpg?resize=350%2C200","width":350,"height":200},"classes":[]},{"id":4611,"url":"http:\/\/jesuitasburgos.es\/biblioteca\/?p=4611","url_meta":{"origin":4025,"position":2},"title":"VI Edici\u00f3n del concurso de Microrrelatos","date":"27 junio, 2019","format":false,"excerpt":"En una abarrotada biblioteca tuvo lugar la entrega de premios de la VI edici\u00f3n del concurso de microrrelatos de nuestro colegio. Este a\u00f1o la palabra clave era RESPUESTA, ya que lo hacemos coincidir con las L\u00edneas de Fuerza. Queremos agradecer los microrrelatos de todos los participantes y les animamos a\u2026","rel":"","context":"En \u00abAlumnos\u00bb","img":{"alt_text":"","src":"https:\/\/i0.wp.com\/jesuitasburgos.es\/biblioteca\/wp-content\/uploads\/2019\/06\/Microrrelatos.jpg?fit=1200%2C900&resize=350%2C200","width":350,"height":200},"classes":[]},{"id":4953,"url":"http:\/\/jesuitasburgos.es\/biblioteca\/?p=4953","url_meta":{"origin":4025,"position":3},"title":"Microrrelatos VII Edici\u00f3n: Categor\u00eda F (Adultos)","date":"24 junio, 2020","format":false,"excerpt":"Primer Premio: Francisco del Hoyo Santamar\u00eda - \"El banco\" (Padre de alumno de primaria) El bancoDescarga Primer Premio: Jes\u00fas \u00c1ngel Garc\u00eda Garc\u00eda - \"D\u00eda de aprendizaje\" (Profesor) Dia de aprendizajeDescarga Segundo Premio: Mery Baena - \"El reflejo\" (Madre de alumno de bachillerato) El reflejoDescarga","rel":"","context":"En \u00abAlumnos\u00bb","img":{"alt_text":"","src":"https:\/\/i0.wp.com\/jesuitasburgos.es\/biblioteca\/wp-content\/uploads\/2020\/06\/elbanco-e1605173302792.jpg?fit=512%2C320&resize=350%2C200","width":350,"height":200},"classes":[]},{"id":1894,"url":"http:\/\/jesuitasburgos.es\/biblioteca\/?p=1894","url_meta":{"origin":4025,"position":4},"title":"AGRADECIMIENTOS DE LA BIBLIOTECA","date":"12 mayo, 2014","format":false,"excerpt":"\"De bien nacidos es ser agradecidos\". Desde la biblioteca del colegio queremos agradecer al APA del Colegio La Merced-jesuitas, a Perfumer\u00edas Daroca, a McDonald's y a Chocolates Valor por haber hecho posible que los ganadores del I Concurso de Microrrelatos y Tuits y del I Concurso Fragmento a Fragmento hayan\u2026","rel":"","context":"En \u00abAlumnos\u00bb","img":{"alt_text":"","src":"","width":0,"height":0},"classes":[]},{"id":2628,"url":"http:\/\/jesuitasburgos.es\/biblioteca\/?p=2628","url_meta":{"origin":4025,"position":5},"title":"Concurso de relatos del D\u00eda del \u00c1rbol","date":"11 marzo, 2015","format":false,"excerpt":"Con motivo del d\u00eda del \u00e1rbol, nuestro compa\u00f1ero Fernando Carcedo, Bruno \u00c1lvarez y Silvia Romero del grupo de enriquecimiento de Secundaria, han organizado un concurso de microrrelatos. Participar es tan sencillo como escribir un microrrelato en los espacios que est\u00e1n m\u00e1s abajo. \u00a1PLAZO PARA ENVIAR RELATOS FINALIZADO! Anunciaremos los ganadores\u2026","rel":"","context":"En \u00abConcursos\u00bb","img":{"alt_text":"","src":"https:\/\/i0.wp.com\/jesuitasburgos.es\/biblioteca\/wp-content\/uploads\/2015\/03\/Captura2.png?fit=1040%2C319&resize=350%2C200","width":350,"height":200},"classes":[]}],"jetpack_likes_enabled":true,"_links":{"self":[{"href":"http:\/\/jesuitasburgos.es\/biblioteca\/index.php?rest_route=\/wp\/v2\/posts\/4025"}],"collection":[{"href":"http:\/\/jesuitasburgos.es\/biblioteca\/index.php?rest_route=\/wp\/v2\/posts"}],"about":[{"href":"http:\/\/jesuitasburgos.es\/biblioteca\/index.php?rest_route=\/wp\/v2\/types\/post"}],"author":[{"embeddable":true,"href":"http:\/\/jesuitasburgos.es\/biblioteca\/index.php?rest_route=\/wp\/v2\/users\/1"}],"replies":[{"embeddable":true,"href":"http:\/\/jesuitasburgos.es\/biblioteca\/index.php?rest_route=%2Fwp%2Fv2%2Fcomments&post=4025"}],"version-history":[{"count":1,"href":"http:\/\/jesuitasburgos.es\/biblioteca\/index.php?rest_route=\/wp\/v2\/posts\/4025\/revisions"}],"predecessor-version":[{"id":4028,"href":"http:\/\/jesuitasburgos.es\/biblioteca\/index.php?rest_route=\/wp\/v2\/posts\/4025\/revisions\/4028"}],"wp:featuredmedia":[{"embeddable":true,"href":"http:\/\/jesuitasburgos.es\/biblioteca\/index.php?rest_route=\/wp\/v2\/media\/4027"}],"wp:attachment":[{"href":"http:\/\/jesuitasburgos.es\/biblioteca\/index.php?rest_route=%2Fwp%2Fv2%2Fmedia&parent=4025"}],"wp:term":[{"taxonomy":"category","embeddable":true,"href":"http:\/\/jesuitasburgos.es\/biblioteca\/index.php?rest_route=%2Fwp%2Fv2%2Fcategories&post=4025"},{"taxonomy":"post_tag","embeddable":true,"href":"http:\/\/jesuitasburgos.es\/biblioteca\/index.php?rest_route=%2Fwp%2Fv2%2Ftags&post=4025"}],"curies":[{"name":"wp","href":"https:\/\/api.w.org\/{rel}","templated":true}]}}