{"id":4019,"date":"2017-06-20T20:03:33","date_gmt":"2017-06-20T18:03:33","guid":{"rendered":"http:\/\/jesuitasburgos.es\/biblioteca\/?p=4019"},"modified":"2017-06-20T20:06:27","modified_gmt":"2017-06-20T18:06:27","slug":"xviii-festival-juvenil-de-teatro-grecolatino","status":"publish","type":"post","link":"http:\/\/jesuitasburgos.es\/biblioteca\/?p=4019","title":{"rendered":"XVIII Festival juvenil de teatro grecolatino"},"content":{"rendered":"<p>Los alumnos de Lengua y Literatura de 1\u00ba de Bachillerato y los de 4\u00ba de Lat\u00edn y Cultura Cl\u00e1sica acudimos a la representaci\u00f3n de \u201cLas Tesmoforias\u201d, de Arist\u00f3fanes.<\/p>\n<p>Pasamos la ma\u00f1ana en Pe\u00f1aranda de Duero, un precioso pueblo. Subimos al castillo, visitamos el palacio y atendimos a las explicaciones de su amable gu\u00eda,<\/p>\n<p><img data-attachment-id=\"4022\" data-permalink=\"http:\/\/jesuitasburgos.es\/biblioteca\/?attachment_id=4022\" data-orig-file=\"https:\/\/i0.wp.com\/jesuitasburgos.es\/biblioteca\/wp-content\/uploads\/2017\/06\/3.jpg?fit=225%2C300\" data-orig-size=\"225,300\" data-comments-opened=\"1\" data-image-meta=\"{&quot;aperture&quot;:&quot;0&quot;,&quot;credit&quot;:&quot;&quot;,&quot;camera&quot;:&quot;&quot;,&quot;caption&quot;:&quot;&quot;,&quot;created_timestamp&quot;:&quot;0&quot;,&quot;copyright&quot;:&quot;&quot;,&quot;focal_length&quot;:&quot;0&quot;,&quot;iso&quot;:&quot;0&quot;,&quot;shutter_speed&quot;:&quot;0&quot;,&quot;title&quot;:&quot;&quot;,&quot;orientation&quot;:&quot;0&quot;}\" data-image-title=\"3\" data-image-description=\"\" data-image-caption=\"\" data-medium-file=\"https:\/\/i0.wp.com\/jesuitasburgos.es\/biblioteca\/wp-content\/uploads\/2017\/06\/3.jpg?fit=225%2C300\" data-large-file=\"https:\/\/i0.wp.com\/jesuitasburgos.es\/biblioteca\/wp-content\/uploads\/2017\/06\/3.jpg?fit=225%2C300\" decoding=\"async\" loading=\"lazy\" class=\"size-full wp-image-4022 alignright\" src=\"https:\/\/i0.wp.com\/jesuitasburgos.es\/biblioteca\/wp-content\/uploads\/2017\/06\/3.jpg?resize=225%2C300\" alt=\"\" width=\"225\" height=\"300\" data-recalc-dims=\"1\" \/><\/p>\n<p>recorrimos las calles y disfrutamos al estar juntos y hablando de nuestras cosas. Fue una ma\u00f1ana soleada, con esa luz de Castilla que tanto nos gusta.<\/p>\n<p>Comimos pronto porque ten\u00edamos que visitar la ciudad romana de Clunia. All\u00ed tambi\u00e9n nos atendi\u00f3 otra gu\u00eda estupenda, que consigui\u00f3 que viaj\u00e1ramos al pasado esplendoroso de esta ciudad romana.<\/p>\n<p>A continuaci\u00f3n ocupamos nuestras localidades en el teatro. Llev\u00e1bamos varios meses sin lluvia. No os lo vais a creer, pero solamente os diremos que la representaci\u00f3n teatr<\/p>\n<p>&nbsp;<\/p>\n<p>al comenzaba a las cinco de la tarde y fue en ese preciso instante en el que nos cay\u00f3 un aguacero impresionante. Pero nosotros decidimos poner al mal tiempo buena cara.<\/p>\n<p>Esperamos volver en otra ocasi\u00f3n y sentir lo mismo que aquellos romanos que acud\u00edan a contemplar las tragedias y las comedias de los grandes cl\u00e1sicos que estudiamos en la actualidad.<\/p>\n<p><img data-attachment-id=\"4021\" data-permalink=\"http:\/\/jesuitasburgos.es\/biblioteca\/?attachment_id=4021\" data-orig-file=\"https:\/\/i0.wp.com\/jesuitasburgos.es\/biblioteca\/wp-content\/uploads\/2017\/06\/2.jpg?fit=300%2C225\" data-orig-size=\"300,225\" data-comments-opened=\"1\" data-image-meta=\"{&quot;aperture&quot;:&quot;0&quot;,&quot;credit&quot;:&quot;&quot;,&quot;camera&quot;:&quot;&quot;,&quot;caption&quot;:&quot;&quot;,&quot;created_timestamp&quot;:&quot;0&quot;,&quot;copyright&quot;:&quot;&quot;,&quot;focal_length&quot;:&quot;0&quot;,&quot;iso&quot;:&quot;0&quot;,&quot;shutter_speed&quot;:&quot;0&quot;,&quot;title&quot;:&quot;&quot;,&quot;orientation&quot;:&quot;0&quot;}\" data-image-title=\"2\" data-image-description=\"\" data-image-caption=\"\" data-medium-file=\"https:\/\/i0.wp.com\/jesuitasburgos.es\/biblioteca\/wp-content\/uploads\/2017\/06\/2.jpg?fit=300%2C225\" data-large-file=\"https:\/\/i0.wp.com\/jesuitasburgos.es\/biblioteca\/wp-content\/uploads\/2017\/06\/2.jpg?fit=300%2C225\" decoding=\"async\" loading=\"lazy\" class=\"aligncenter size-full wp-image-4021\" src=\"https:\/\/i0.wp.com\/jesuitasburgos.es\/biblioteca\/wp-content\/uploads\/2017\/06\/2.jpg?resize=300%2C225\" alt=\"\" width=\"300\" height=\"225\" data-recalc-dims=\"1\" \/><\/p>\n<p><img data-attachment-id=\"4023\" data-permalink=\"http:\/\/jesuitasburgos.es\/biblioteca\/?attachment_id=4023\" data-orig-file=\"https:\/\/i0.wp.com\/jesuitasburgos.es\/biblioteca\/wp-content\/uploads\/2017\/06\/4.jpg?fit=300%2C225\" data-orig-size=\"300,225\" data-comments-opened=\"1\" data-image-meta=\"{&quot;aperture&quot;:&quot;0&quot;,&quot;credit&quot;:&quot;&quot;,&quot;camera&quot;:&quot;&quot;,&quot;caption&quot;:&quot;&quot;,&quot;created_timestamp&quot;:&quot;0&quot;,&quot;copyright&quot;:&quot;&quot;,&quot;focal_length&quot;:&quot;0&quot;,&quot;iso&quot;:&quot;0&quot;,&quot;shutter_speed&quot;:&quot;0&quot;,&quot;title&quot;:&quot;&quot;,&quot;orientation&quot;:&quot;0&quot;}\" data-image-title=\"4\" data-image-description=\"\" data-image-caption=\"\" data-medium-file=\"https:\/\/i0.wp.com\/jesuitasburgos.es\/biblioteca\/wp-content\/uploads\/2017\/06\/4.jpg?fit=300%2C225\" data-large-file=\"https:\/\/i0.wp.com\/jesuitasburgos.es\/biblioteca\/wp-content\/uploads\/2017\/06\/4.jpg?fit=300%2C225\" decoding=\"async\" loading=\"lazy\" class=\"aligncenter size-full wp-image-4023\" src=\"https:\/\/i0.wp.com\/jesuitasburgos.es\/biblioteca\/wp-content\/uploads\/2017\/06\/4.jpg?resize=300%2C225\" alt=\"\" width=\"300\" height=\"225\" data-recalc-dims=\"1\" \/><\/p>\n","protected":false},"excerpt":{"rendered":"<p>Los alumnos de Lengua y Literatura de 1\u00ba de Bachillerato y los de 4\u00ba de Lat\u00edn y Cultura Cl\u00e1sica acudimos<\/p>\n","protected":false},"author":1,"featured_media":4021,"comment_status":"open","ping_status":"open","sticky":false,"template":"","format":"standard","meta":{"jetpack_post_was_ever_published":false,"jetpack_publicize_message":"","jetpack_is_tweetstorm":false,"jetpack_publicize_feature_enabled":true,"jetpack_social_post_already_shared":true,"jetpack_social_options":{"image_generator_settings":{"template":"highway","enabled":false}}},"categories":[8],"tags":[],"jetpack_publicize_connections":[],"jetpack_featured_media_url":"https:\/\/i0.wp.com\/jesuitasburgos.es\/biblioteca\/wp-content\/uploads\/2017\/06\/2.jpg?fit=300%2C225","jetpack_sharing_enabled":true,"jetpack_shortlink":"https:\/\/wp.me\/p5H2Oh-12P","jetpack-related-posts":[{"id":2364,"url":"http:\/\/jesuitasburgos.es\/biblioteca\/?p=2364","url_meta":{"origin":4019,"position":0},"title":"\u00a1Lo hemos pasado de miedo!","date":"9 febrero, 2015","format":false,"excerpt":"Fantasmas, espectros, muertos vivientes, m\u00e1scaras, calaveras, t\u00edteres y \u2026 \u00a1al teatro! Esta ma\u00f1ana, las alumnas y alumnos de 3\u00ba ESO de Teatro y de 4\u00ba ESO de Ampliaci\u00f3n de Literatura hemos disfrutado en el Teatro Principal con la obra del grupo burgal\u00e9s Bambal\u00faa Teatro, que lleva por t\u00edtulo Narraciones Extraordinarias.\u2026","rel":"","context":"En \u00abAlumnos\u00bb","img":{"alt_text":"","src":"https:\/\/i0.wp.com\/jesuitasburgos.es\/biblioteca\/wp-content\/uploads\/2015\/02\/DSC_0362-e1423518301280.jpg?fit=1200%2C877&resize=350%2C200","width":350,"height":200},"classes":[]},{"id":1314,"url":"http:\/\/jesuitasburgos.es\/biblioteca\/?p=1314","url_meta":{"origin":4019,"position":1},"title":"PREMIOS TRIMESTRE DEL FRANC\u00c9S Y DE LA FRANCOFON\u00cdA","date":"15 enero, 2014","format":false,"excerpt":"El pr\u00f3ximo jueves 16 de enero a las 11h de la ma\u00f1ana celebraremos un peque\u00f1o acto para dar por finalizado este primer trimestre y otorgaremos los premios a los alumnos m\u00e1s participativos. Os esperamos a todos en la biblioteca del colegio.","rel":"","context":"En \u00abAlumnos\u00bb","img":{"alt_text":"","src":"https:\/\/i0.wp.com\/jesuitasburgos.es\/biblioteca\/wp-content\/uploads\/2014\/01\/mario-225x300.jpg?resize=350%2C200","width":350,"height":200},"classes":[]},{"id":912,"url":"http:\/\/jesuitasburgos.es\/biblioteca\/?p=912","url_meta":{"origin":4019,"position":2},"title":"CHARLA EN EL ALBERGUE DE EMA\u00daS CON MARIE NO\u00cbLLE MAURIN","date":"20 noviembre, 2013","format":false,"excerpt":"\u00a0 El pasado mi\u00e9rcoles 30 de octubre los alumnos de franc\u00e9s de 1\u00ba y 2\u00ba de BACH fuimos al albergue de peregrinos Ema\u00fas\u00a0 donde ten\u00edamos fijada una charla impartida por Marie No\u00eblle Maurin a las nueve de la ma\u00f1ana. \u00a0 Esa ma\u00f1ana precisamente despu\u00e9s de haber tenido franc\u00e9s como primera\u2026","rel":"","context":"En \u00abAlumnos\u00bb","img":{"alt_text":"","src":"https:\/\/i0.wp.com\/jesuitasburgos.es\/biblioteca\/wp-content\/uploads\/2013\/11\/DSC03767-300x225.jpg?resize=350%2C200","width":350,"height":200},"classes":[]},{"id":4792,"url":"http:\/\/jesuitasburgos.es\/biblioteca\/?p=4792","url_meta":{"origin":4019,"position":3},"title":"\u00abLat\u00edn Lovers\u00bb presentado por Emilio en nuestro colegio","date":"2 diciembre, 2019","format":false,"excerpt":"Buenas tardes a todos. Imagino que todos los alumnos est\u00e1is aqu\u00ed \u201cmotu proprio\u201d... Con esta expresi\u00f3n latina y con las correspondientes risas generalizadas de alumnos de Cultura Cl\u00e1sica y Lat\u00edn, padres y profesores dio comienzo la presentaci\u00f3n de Lat\u00edn Lovers, un libro que nos ayuda a ser conscientes de la\u2026","rel":"","context":"En \u00abAlumnos\u00bb","img":{"alt_text":"","src":"https:\/\/i0.wp.com\/jesuitasburgos.es\/biblioteca\/wp-content\/uploads\/2019\/12\/Latlovbachillerato.jpg?fit=1200%2C900&resize=350%2C200","width":350,"height":200},"classes":[]},{"id":93,"url":"http:\/\/jesuitasburgos.es\/biblioteca\/?p=93","url_meta":{"origin":4019,"position":4},"title":"D\u00cdA DEL LIBRO EN JESUITAS","date":"20 abril, 2013","format":false,"excerpt":"El 23 de abril es el D\u00eda del Libro\u00a0y en el colegio lo celebraremos al d\u00eda siguiente con varias actividades. En una de ellas todos los alumnos de la ESO,\u00a0 profesores y\u00a0 familias que lo deseen realizar\u00e1n la lectura conjunta de El Camino de Miguel Delibes.Desde primera hora de la\u2026","rel":"","context":"En \u00abAlumnos\u00bb","img":{"alt_text":"","src":"","width":0,"height":0},"classes":[]},{"id":1807,"url":"http:\/\/jesuitasburgos.es\/biblioteca\/?p=1807","url_meta":{"origin":4019,"position":5},"title":"TRABAJOS DE TEATRO EN 3\u00ba DE ESO","date":"5 mayo, 2014","format":false,"excerpt":"Iv\u00e1n, Juan, V\u00edctor y Marcos, alumnos de 3\u00ba de ESO de nuestro colegio han realizado estos dos \"stop motion\" en la clase de teatro. Os los dejamos para que los disfrut\u00e9is. \u00a0 \u00a0","rel":"","context":"En \u00abAlumnos\u00bb","img":{"alt_text":"","src":"","width":0,"height":0},"classes":[]}],"jetpack_likes_enabled":true,"_links":{"self":[{"href":"http:\/\/jesuitasburgos.es\/biblioteca\/index.php?rest_route=\/wp\/v2\/posts\/4019"}],"collection":[{"href":"http:\/\/jesuitasburgos.es\/biblioteca\/index.php?rest_route=\/wp\/v2\/posts"}],"about":[{"href":"http:\/\/jesuitasburgos.es\/biblioteca\/index.php?rest_route=\/wp\/v2\/types\/post"}],"author":[{"embeddable":true,"href":"http:\/\/jesuitasburgos.es\/biblioteca\/index.php?rest_route=\/wp\/v2\/users\/1"}],"replies":[{"embeddable":true,"href":"http:\/\/jesuitasburgos.es\/biblioteca\/index.php?rest_route=%2Fwp%2Fv2%2Fcomments&post=4019"}],"version-history":[{"count":1,"href":"http:\/\/jesuitasburgos.es\/biblioteca\/index.php?rest_route=\/wp\/v2\/posts\/4019\/revisions"}],"predecessor-version":[{"id":4024,"href":"http:\/\/jesuitasburgos.es\/biblioteca\/index.php?rest_route=\/wp\/v2\/posts\/4019\/revisions\/4024"}],"wp:featuredmedia":[{"embeddable":true,"href":"http:\/\/jesuitasburgos.es\/biblioteca\/index.php?rest_route=\/wp\/v2\/media\/4021"}],"wp:attachment":[{"href":"http:\/\/jesuitasburgos.es\/biblioteca\/index.php?rest_route=%2Fwp%2Fv2%2Fmedia&parent=4019"}],"wp:term":[{"taxonomy":"category","embeddable":true,"href":"http:\/\/jesuitasburgos.es\/biblioteca\/index.php?rest_route=%2Fwp%2Fv2%2Fcategories&post=4019"},{"taxonomy":"post_tag","embeddable":true,"href":"http:\/\/jesuitasburgos.es\/biblioteca\/index.php?rest_route=%2Fwp%2Fv2%2Ftags&post=4019"}],"curies":[{"name":"wp","href":"https:\/\/api.w.org\/{rel}","templated":true}]}}