{"id":383,"date":"2013-07-24T22:55:55","date_gmt":"2013-07-24T22:55:55","guid":{"rendered":"http:\/\/jesuitasburgos.es\/biblioteca\/?p=383"},"modified":"2013-07-24T22:58:07","modified_gmt":"2013-07-24T22:58:07","slug":"callejeros-ortograficos-50","status":"publish","type":"post","link":"http:\/\/jesuitasburgos.es\/biblioteca\/?p=383","title":{"rendered":"CALLEJEROS ORTOGR\u00c1FICOS"},"content":{"rendered":"<p>En algunos pa\u00edses hispanohablantes el verbo coger es malsonante; pero si se escribe como en la foto pasa a ser malsonante para todos los pa\u00edses y personas con un poco de sensibilidad ortogr\u00e1fica.<\/p>\n<p>\u00a1Qu\u00e9 buen tiempo el verano para \u00abcoger\u00bb nuestra c\u00e1mara e ir fotografiando cosillas de estas!<\/p>\n<p>&nbsp;<\/p>\n<p><a href=\"https:\/\/i0.wp.com\/jesuitasburgos.es\/biblioteca\/wp-content\/uploads\/2013\/07\/cOJE-e1374706165950.jpg\"><img data-attachment-id=\"384\" data-permalink=\"http:\/\/jesuitasburgos.es\/biblioteca\/?attachment_id=384\" data-orig-file=\"https:\/\/i0.wp.com\/jesuitasburgos.es\/biblioteca\/wp-content\/uploads\/2013\/07\/cOJE-e1374706165950.jpg?fit=2448%2C3264\" data-orig-size=\"2448,3264\" data-comments-opened=\"1\" data-image-meta=\"{&quot;aperture&quot;:&quot;2.6&quot;,&quot;credit&quot;:&quot;&quot;,&quot;camera&quot;:&quot;GT-I9300&quot;,&quot;caption&quot;:&quot;&quot;,&quot;created_timestamp&quot;:&quot;1373920157&quot;,&quot;copyright&quot;:&quot;&quot;,&quot;focal_length&quot;:&quot;3.7&quot;,&quot;iso&quot;:&quot;50&quot;,&quot;shutter_speed&quot;:&quot;0.022222222222222&quot;,&quot;title&quot;:&quot;&quot;}\" data-image-title=\"cOJE\" data-image-description=\"\" data-image-caption=\"\" data-medium-file=\"https:\/\/i0.wp.com\/jesuitasburgos.es\/biblioteca\/wp-content\/uploads\/2013\/07\/cOJE-e1374706165950.jpg?fit=225%2C300\" data-large-file=\"https:\/\/i0.wp.com\/jesuitasburgos.es\/biblioteca\/wp-content\/uploads\/2013\/07\/cOJE-e1374706165950.jpg?fit=768%2C1024\" decoding=\"async\" loading=\"lazy\" class=\"alignleft size-medium wp-image-384\" alt=\"cOJE\" src=\"https:\/\/i0.wp.com\/jesuitasburgos.es\/biblioteca\/wp-content\/uploads\/2013\/07\/cOJE-e1374706165950-225x300.jpg?resize=225%2C300\" width=\"225\" height=\"300\" srcset=\"https:\/\/i0.wp.com\/jesuitasburgos.es\/biblioteca\/wp-content\/uploads\/2013\/07\/cOJE-e1374706165950.jpg?resize=225%2C300 225w, https:\/\/i0.wp.com\/jesuitasburgos.es\/biblioteca\/wp-content\/uploads\/2013\/07\/cOJE-e1374706165950.jpg?resize=768%2C1024 768w, https:\/\/i0.wp.com\/jesuitasburgos.es\/biblioteca\/wp-content\/uploads\/2013\/07\/cOJE-e1374706165950.jpg?w=1600 1600w, https:\/\/i0.wp.com\/jesuitasburgos.es\/biblioteca\/wp-content\/uploads\/2013\/07\/cOJE-e1374706165950.jpg?w=2400 2400w\" sizes=\"(max-width: 225px) 100vw, 225px\" data-recalc-dims=\"1\" \/><\/a><\/p>\n<p>&nbsp;<\/p>\n<p>&nbsp;<\/p>\n<p>&nbsp;<\/p>\n<p>&nbsp;<\/p>\n<p>&nbsp;<\/p>\n<p>&nbsp;<\/p>\n<p>&nbsp;<\/p>\n<p><a href=\"https:\/\/i0.wp.com\/jesuitasburgos.es\/biblioteca\/wp-content\/uploads\/2013\/07\/COJE2-e1374706134391.jpg\"><img data-attachment-id=\"385\" data-permalink=\"http:\/\/jesuitasburgos.es\/biblioteca\/?attachment_id=385\" data-orig-file=\"https:\/\/i0.wp.com\/jesuitasburgos.es\/biblioteca\/wp-content\/uploads\/2013\/07\/COJE2-e1374706134391.jpg?fit=2448%2C3264\" data-orig-size=\"2448,3264\" data-comments-opened=\"1\" data-image-meta=\"{&quot;aperture&quot;:&quot;2.6&quot;,&quot;credit&quot;:&quot;&quot;,&quot;camera&quot;:&quot;GT-I9300&quot;,&quot;caption&quot;:&quot;&quot;,&quot;created_timestamp&quot;:&quot;1373920168&quot;,&quot;copyright&quot;:&quot;&quot;,&quot;focal_length&quot;:&quot;3.7&quot;,&quot;iso&quot;:&quot;50&quot;,&quot;shutter_speed&quot;:&quot;0.018518518518519&quot;,&quot;title&quot;:&quot;&quot;}\" data-image-title=\"COJE2\" data-image-description=\"\" data-image-caption=\"\" data-medium-file=\"https:\/\/i0.wp.com\/jesuitasburgos.es\/biblioteca\/wp-content\/uploads\/2013\/07\/COJE2-e1374706134391.jpg?fit=225%2C300\" data-large-file=\"https:\/\/i0.wp.com\/jesuitasburgos.es\/biblioteca\/wp-content\/uploads\/2013\/07\/COJE2-e1374706134391.jpg?fit=768%2C1024\" decoding=\"async\" loading=\"lazy\" class=\"alignleft size-medium wp-image-385\" alt=\"COJE2\" src=\"https:\/\/i0.wp.com\/jesuitasburgos.es\/biblioteca\/wp-content\/uploads\/2013\/07\/COJE2-e1374706134391-225x300.jpg?resize=225%2C300\" width=\"225\" height=\"300\" srcset=\"https:\/\/i0.wp.com\/jesuitasburgos.es\/biblioteca\/wp-content\/uploads\/2013\/07\/COJE2-e1374706134391.jpg?resize=225%2C300 225w, https:\/\/i0.wp.com\/jesuitasburgos.es\/biblioteca\/wp-content\/uploads\/2013\/07\/COJE2-e1374706134391.jpg?resize=768%2C1024 768w, https:\/\/i0.wp.com\/jesuitasburgos.es\/biblioteca\/wp-content\/uploads\/2013\/07\/COJE2-e1374706134391.jpg?w=1600 1600w, https:\/\/i0.wp.com\/jesuitasburgos.es\/biblioteca\/wp-content\/uploads\/2013\/07\/COJE2-e1374706134391.jpg?w=2400 2400w\" sizes=\"(max-width: 225px) 100vw, 225px\" data-recalc-dims=\"1\" \/><\/a><\/p>\n","protected":false},"excerpt":{"rendered":"<p>En algunos pa\u00edses hispanohablantes el verbo coger es malsonante; pero si se escribe como en la foto pasa a ser<\/p>\n","protected":false},"author":1,"featured_media":0,"comment_status":"open","ping_status":"open","sticky":false,"template":"","format":"standard","meta":{"jetpack_post_was_ever_published":false,"jetpack_publicize_message":"","jetpack_is_tweetstorm":false,"jetpack_publicize_feature_enabled":true,"jetpack_social_post_already_shared":false,"jetpack_social_options":{"image_generator_settings":{"template":"highway","enabled":false}}},"categories":[8,17,3,18],"tags":[],"jetpack_publicize_connections":[],"jetpack_featured_media_url":"","jetpack_sharing_enabled":true,"jetpack_shortlink":"https:\/\/wp.me\/p5H2Oh-6b","jetpack-related-posts":[{"id":83,"url":"http:\/\/jesuitasburgos.es\/biblioteca\/?p=83","url_meta":{"origin":383,"position":0},"title":"CALLEJEROS ORTOGR\u00c1FICOS","date":"27 abril, 2013","format":false,"excerpt":"Julio, nuestro antiguo alumno m\u00e1s activo, nos demuestra que en la prensa actual podemos encontrar faltas de ortograf\u00eda parecidas a las que encontramos en nuestras aulas.Se escriben con \"g\" los verbos terminados en -IGERAR, -GER y -GIR, como aligerar, coger y fingir. Excepciones: tejer y crujir.\u00a0","rel":"","context":"En \u00abAlumnos\u00bb","img":{"alt_text":"","src":"https:\/\/i0.wp.com\/4.bp.blogspot.com\/-mNRBVD4uIWE\/UXxGzsPCQxI\/AAAAAAAABtk\/xhBYY-Lx0ck\/s640\/encogersepucho.JPG?resize=350%2C200","width":350,"height":200},"classes":[]},{"id":1454,"url":"http:\/\/jesuitasburgos.es\/biblioteca\/?p=1454","url_meta":{"origin":383,"position":1},"title":"CALLEJEROS ORTOGR\u00c1FICOS","date":"8 febrero, 2014","format":false,"excerpt":"Bruno \u00c1lvarez ha encontrado esta falta haciendo la compra. Las dos cosas est\u00e1n muy bien. Gracias por colaborar otra vez m\u00e1s.","rel":"","context":"En \u00abAlumnos\u00bb","img":{"alt_text":"callejeros ortograficos producion","src":"https:\/\/i0.wp.com\/jesuitasburgos.es\/biblioteca\/wp-content\/uploads\/2014\/02\/callejeros-ortograficos-producion-e1391478906745.jpg?resize=350%2C200","width":350,"height":200},"classes":[]},{"id":101,"url":"http:\/\/jesuitasburgos.es\/biblioteca\/?p=101","url_meta":{"origin":383,"position":2},"title":"CALLEJEROS ORTOGR\u00c1FICOS","date":"17 abril, 2013","format":false,"excerpt":"De sabios es rectificar.No sabemos si nuestros callejeros ortogr\u00e1ficos han tenido influencia en la rectificaci\u00f3n...Ahora ya se puede estrenar ese piso sin problema.","rel":"","context":"En \u00abAlumnos\u00bb","img":{"alt_text":"","src":"https:\/\/i0.wp.com\/3.bp.blogspot.com\/-Fy79ssiHHZo\/UW3n16d5MOI\/AAAAAAAABnk\/Mz9bbIREbZI\/s320\/IMG-20130328-WA0000.jpg?resize=350%2C200","width":350,"height":200},"classes":[]},{"id":112,"url":"http:\/\/jesuitasburgos.es\/biblioteca\/?p=112","url_meta":{"origin":383,"position":3},"title":"ENTREGA DE PREMIOS TRIMESTRE DE LA CIENCIA","date":"9 abril, 2013","format":false,"excerpt":"Este pr\u00f3ximo mi\u00e9rcoles 10 de abril a la hora del recreo se entregar\u00e1n los premios correspondientes al segundo trimestre tem\u00e1tico de nuestra biblioteca. No han sido pocos los alumnos que han colaborado y queremos tener un peque\u00f1o detalle con ellos.Aprovecharemos la ocasi\u00f3n para presentar el nuevo tema para el tercer\u2026","rel":"","context":"En \u00abAlumnos\u00bb","img":{"alt_text":"","src":"https:\/\/i0.wp.com\/2.bp.blogspot.com\/-QLRFRoWek3I\/UWNfb5-zm6I\/AAAAAAAABkI\/QHTjHrfD7hY\/s200\/ciencia.jpg?resize=350%2C200","width":350,"height":200},"classes":[]},{"id":45,"url":"http:\/\/jesuitasburgos.es\/biblioteca\/?p=45","url_meta":{"origin":383,"position":4},"title":"CALLEJEROS ORTOGR\u00c1FICOS","date":"4 junio, 2013","format":false,"excerpt":"Mar\u00eda \u00cd\u00f1igo se encontr\u00f3 con esta se\u00f1al en Fr\u00edas. Creemos que alguno de nuestros \"callejeros ortogr\u00e1ficos\" pas\u00f3 antes por el lugar e intent\u00f3 arreglar el desaguisado. Gracias, Mar\u00eda por colaborar.","rel":"","context":"En \u00abAlumnos\u00bb","img":{"alt_text":"","src":"https:\/\/i0.wp.com\/1.bp.blogspot.com\/-NNh75xhqDe8\/Ua02ds_ukMI\/AAAAAAAAB8M\/xjrq6m0exeo\/s400\/IMG-20130505-WA0000.jpg?resize=350%2C200","width":350,"height":200},"classes":[]},{"id":1818,"url":"http:\/\/jesuitasburgos.es\/biblioteca\/?p=1818","url_meta":{"origin":383,"position":5},"title":"CALLEJEROS ORTOGR\u00c1FICOS","date":"7 mayo, 2014","format":false,"excerpt":"Esta portada de El Pa\u00eds merece tambi\u00e9n ser portada de nuestra secci\u00f3n de Callejeros ortogr\u00e1ficos. Lo dice siempre Rafa Pampliega: los exclavos fueron clavos y ya no lo son; eso les hubiera gustado mucho a los esclavos...","rel":"","context":"En \u00abAlumnos\u00bb","img":{"alt_text":"","src":"https:\/\/i0.wp.com\/jesuitasburgos.es\/biblioteca\/wp-content\/uploads\/2014\/05\/IMG-20140427-WA0015.jpg?resize=350%2C200","width":350,"height":200},"classes":[]}],"jetpack_likes_enabled":true,"_links":{"self":[{"href":"http:\/\/jesuitasburgos.es\/biblioteca\/index.php?rest_route=\/wp\/v2\/posts\/383"}],"collection":[{"href":"http:\/\/jesuitasburgos.es\/biblioteca\/index.php?rest_route=\/wp\/v2\/posts"}],"about":[{"href":"http:\/\/jesuitasburgos.es\/biblioteca\/index.php?rest_route=\/wp\/v2\/types\/post"}],"author":[{"embeddable":true,"href":"http:\/\/jesuitasburgos.es\/biblioteca\/index.php?rest_route=\/wp\/v2\/users\/1"}],"replies":[{"embeddable":true,"href":"http:\/\/jesuitasburgos.es\/biblioteca\/index.php?rest_route=%2Fwp%2Fv2%2Fcomments&post=383"}],"version-history":[{"count":3,"href":"http:\/\/jesuitasburgos.es\/biblioteca\/index.php?rest_route=\/wp\/v2\/posts\/383\/revisions"}],"predecessor-version":[{"id":387,"href":"http:\/\/jesuitasburgos.es\/biblioteca\/index.php?rest_route=\/wp\/v2\/posts\/383\/revisions\/387"}],"wp:attachment":[{"href":"http:\/\/jesuitasburgos.es\/biblioteca\/index.php?rest_route=%2Fwp%2Fv2%2Fmedia&parent=383"}],"wp:term":[{"taxonomy":"category","embeddable":true,"href":"http:\/\/jesuitasburgos.es\/biblioteca\/index.php?rest_route=%2Fwp%2Fv2%2Fcategories&post=383"},{"taxonomy":"post_tag","embeddable":true,"href":"http:\/\/jesuitasburgos.es\/biblioteca\/index.php?rest_route=%2Fwp%2Fv2%2Ftags&post=383"}],"curies":[{"name":"wp","href":"https:\/\/api.w.org\/{rel}","templated":true}]}}