{"id":377,"date":"2013-07-09T01:01:04","date_gmt":"2013-07-09T01:01:04","guid":{"rendered":"http:\/\/jesuitasburgos.es\/biblioteca\/?p=377"},"modified":"2013-07-09T01:02:18","modified_gmt":"2013-07-09T01:02:18","slug":"club-de-lectura-la-estepa-infinita-de-esther-hautzig","status":"publish","type":"post","link":"http:\/\/jesuitasburgos.es\/biblioteca\/?p=377","title":{"rendered":"CLUB DE LECTURA &#8211; LA ESTEPA INFINITA DE ESTHER HAUTZIG"},"content":{"rendered":"<p>Puri nos env\u00eda esta rese\u00f1a del libro que fue le\u00eddo y\u00a0 comentado en la \u00faltima reuni\u00f3n del club de lectura de la biblioteca. Gracias.<\/p>\n<p>Todos los miembros del club de lectura est\u00e1n muy satisfechos\u00a0 de haber\u00a0 participado en \u00e9l. Durante este verano nos tomamos un respiro de reuniones, que no de lecturas, y en septiembre\u00a0 volveremos a reunirnos para decidir nuestras lecturas comunes. \u00a1Buen verano a todos los que disfrutan leyendo!<\/p>\n<p>&nbsp;<\/p>\n<p style=\"margin-bottom: 0cm;\" align=\"CENTER\"><span style=\"font-size: large;\"><span style=\"text-decoration: underline;\"><b>LA ESTEPA INFINITA<\/b><\/span><\/span><\/p>\n<p>&nbsp;<\/p>\n<p>&nbsp;<\/p>\n<p style=\"margin-bottom: 0cm;\" align=\"JUSTIFY\">\u201c<span style=\"font-family: Tahoma,sans-serif;\">Gracias a esa biblioteca \u2026\u2026 aprend\u00ed que leer no es s\u00f3lo un gran placer, sino tambi\u00e9n un privilegio\u201d . \u00c9sta es una de las fras<span style=\"text-decoration: underline;\"><b><a href=\"https:\/\/i0.wp.com\/jesuitasburgos.es\/biblioteca\/wp-content\/uploads\/2013\/07\/estepa.jpg\"><img data-attachment-id=\"378\" data-permalink=\"http:\/\/jesuitasburgos.es\/biblioteca\/?attachment_id=378\" data-orig-file=\"https:\/\/i0.wp.com\/jesuitasburgos.es\/biblioteca\/wp-content\/uploads\/2013\/07\/estepa.jpg?fit=192%2C262\" data-orig-size=\"192,262\" data-comments-opened=\"1\" data-image-meta=\"{&quot;aperture&quot;:&quot;0&quot;,&quot;credit&quot;:&quot;&quot;,&quot;camera&quot;:&quot;&quot;,&quot;caption&quot;:&quot;&quot;,&quot;created_timestamp&quot;:&quot;0&quot;,&quot;copyright&quot;:&quot;&quot;,&quot;focal_length&quot;:&quot;0&quot;,&quot;iso&quot;:&quot;0&quot;,&quot;shutter_speed&quot;:&quot;0&quot;,&quot;title&quot;:&quot;&quot;}\" data-image-title=\"estepa\" data-image-description=\"\" data-image-caption=\"\" data-medium-file=\"https:\/\/i0.wp.com\/jesuitasburgos.es\/biblioteca\/wp-content\/uploads\/2013\/07\/estepa.jpg?fit=192%2C262\" data-large-file=\"https:\/\/i0.wp.com\/jesuitasburgos.es\/biblioteca\/wp-content\/uploads\/2013\/07\/estepa.jpg?fit=192%2C262\" decoding=\"async\" loading=\"lazy\" class=\"size-full wp-image-378 alignright\" alt=\"estepa\" src=\"https:\/\/i0.wp.com\/jesuitasburgos.es\/biblioteca\/wp-content\/uploads\/2013\/07\/estepa.jpg?resize=192%2C262\" width=\"192\" height=\"262\" data-recalc-dims=\"1\" \/><\/a><\/b><\/span>es que podemos encontrar en este sorprendente libro. <\/span><\/p>\n<p>&nbsp;<\/p>\n<p style=\"text-indent: 1.25cm; margin-bottom: 0cm;\" align=\"JUSTIFY\"><span style=\"font-family: Tahoma,sans-serif;\">Esther, una ni\u00f1a polaca jud\u00eda de 9 a\u00f1os cuenta, de manera autobiogr\u00e1fica, sus vivencias en un gulag en Siberia durante 5 a\u00f1os. En 1939 es sacada de su casa en Vilna, junto a sus padres y su abuela, y trasladada en tren hacia un desconocido destino. Tras largos meses de incertidumbre viajando en vagones de ganado junto a cientos de jud\u00edos polacos, llegan a su destino: Rubtsovsk en Siberia. All\u00ed una vida de agobiante ritmo de trabajo y un hambre constante se convierten en inseparables acompa\u00f1antes de la familia. Esther nos va narrando todas sus vivencias de manera detallada, pero sin dolor amargo en sus palabras. Utilizando siempre una prosa sencilla, nos evoca la capacidad del ser humano de ser fuerte ante las vicisitudes, buscar el lado dulce de la vida y vivir con coherencia con los principios morales en los que creemos. Nos habla con admiraci\u00f3n de unos padres valientes y una abuela que representa todos los valores en los que fue educada. Incluso en los momentos tr\u00e1gicos para la imaginaci\u00f3n del lector, como es la tormenta en la que casi perece, Esther nos lo cuenta para explicarnos la valent\u00eda de su madre. Con cari\u00f1o nos habla tambi\u00e9n del colegio y lo mucho que la marcaron sus compa\u00f1eros y ciertos profesores. De tal manera que, sorprendentemente, tiene momentos de vacilaci\u00f3n pues siente que est\u00e1 m\u00e1s unida a su nueva vida que a su pasado. No se regocija en su pasado opulento ni dramatiza la carencia de casi todo durante esos a\u00f1os. Curiosamente, su \u00e1lbum de fotos familiar es la posesi\u00f3n que recuerda con m\u00e1s nostalgia.<\/span><\/p>\n<p>&nbsp;<\/p>\n<p style=\"text-indent: 1.25cm; margin-bottom: 0cm;\" align=\"JUSTIFY\"><span style=\"font-family: Tahoma,sans-serif;\">Recomiendo este libro a los lectores entre 12 y 99 a\u00f1os que quieran disfrutar de una lectura entra\u00f1able con una sonrisa de esperanza en el coraz\u00f3n.<\/span><\/p>\n<p>&nbsp;<\/p>\n<p>&nbsp;<\/p>\n<p>&nbsp;<\/p>\n","protected":false},"excerpt":{"rendered":"<p>Puri nos env\u00eda esta rese\u00f1a del libro que fue le\u00eddo y\u00a0 comentado en la \u00faltima reuni\u00f3n del club de lectura<\/p>\n","protected":false},"author":1,"featured_media":0,"comment_status":"open","ping_status":"open","sticky":false,"template":"","format":"standard","meta":{"jetpack_post_was_ever_published":false,"jetpack_publicize_message":"","jetpack_is_tweetstorm":false,"jetpack_publicize_feature_enabled":true,"jetpack_social_post_already_shared":false,"jetpack_social_options":{"image_generator_settings":{"template":"highway","enabled":false}}},"categories":[26,22,11,9,14,10,12],"tags":[],"jetpack_publicize_connections":[],"jetpack_featured_media_url":"","jetpack_sharing_enabled":true,"jetpack_shortlink":"https:\/\/wp.me\/p5H2Oh-65","jetpack-related-posts":[{"id":1491,"url":"http:\/\/jesuitasburgos.es\/biblioteca\/?p=1491","url_meta":{"origin":377,"position":0},"title":"CLUB DE LECTURA","date":"11 febrero, 2014","format":false,"excerpt":"\u00a0Marisol Olarte es una de las madres del colegio que forman parte del club de lectura de nuestra biblioteca. Decimos madres porque no hay ni un solo padre que pertenezca a \u00e9l. Imaginamos que, al leer esto, alguno se animar\u00e1... Damos las gracias a Marisol por este art\u00edculo, por compartir\u2026","rel":"","context":"En \u00abClub de lectura\u00bb","img":{"alt_text":"","src":"","width":0,"height":0},"classes":[]},{"id":1994,"url":"http:\/\/jesuitasburgos.es\/biblioteca\/?p=1994","url_meta":{"origin":377,"position":1},"title":"ENTREVISTA A EVA RUIZ","date":"24 septiembre, 2014","format":false,"excerpt":"Este verano en el Correo de Burgos\u00a0se public\u00f3 esta entrevista a Eva Ruiz, profesora de Lengua, Literatura y Lat\u00edn de nuestro colegio. Eva algo tiene que ver con el cambio radical de nuestra biblioteca y, aunque ella es t\u00edmida, queremos reconocerle su labor y todas las horas empleadas para que,\u2026","rel":"","context":"En \u00abArt\u00edculos de prensa\u00bb","img":{"alt_text":"","src":"https:\/\/i0.wp.com\/jesuitasburgos.es\/biblioteca\/wp-content\/uploads\/2014\/09\/imagen_eva_ruiz.jpg?resize=350%2C200","width":350,"height":200},"classes":[]},{"id":1927,"url":"http:\/\/jesuitasburgos.es\/biblioteca\/?p=1927","url_meta":{"origin":377,"position":2},"title":"CLUB DE LECTURA","date":"28 mayo, 2014","format":false,"excerpt":"El club de lectura va creciendo en miembros, actividades, en calidad de lecturas y comentarios. Hoy es Vicky quien nos deleita coment\u00e1ndonos uno de los libros que hemos le\u00eddo. Gracias por tus aportaciones. El \u00faltimo d\u00eda de mi vida, Marcial Izquierdo. Y EL PRIMERO DE SU NUEVA VIDA\u2026 Marcial Izquierdo\u2026","rel":"","context":"En \u00abAlumnos\u00bb","img":{"alt_text":"","src":"","width":0,"height":0},"classes":[]},{"id":700,"url":"http:\/\/jesuitasburgos.es\/biblioteca\/?p=700","url_meta":{"origin":377,"position":3},"title":"CLUBES DE LECTURA: EL PLACER DE LA LECTURA COMPARTIDA.","date":"4 noviembre, 2013","format":false,"excerpt":"Este a\u00f1o no tenemos un club de lectura... sino dos. Nos agrada mucho que despu\u00e9s de la experiencia del a\u00f1o pasado, la actividad se mantenga y crezca. Leer es un acto \u00edntimo, personal, con el que se disfruta y aprende extraordinariamente. Pero es posible aprender y disfrutar a\u00fan m\u00e1s si\u2026","rel":"","context":"En \u00abClub de lectura\u00bb","img":{"alt_text":"","src":"","width":0,"height":0},"classes":[]},{"id":84,"url":"http:\/\/jesuitasburgos.es\/biblioteca\/?p=84","url_meta":{"origin":377,"position":4},"title":"D\u00cdA DEL LIBRO &#8211; EL CAMINO DE DELIBES","date":"25 abril, 2013","format":false,"excerpt":"Esta edici\u00f3n facs\u00edmil de El Camino de Delibes es sobre la que leyeron\u00a0 todos los alumnos de ESO que participaron en la lectura compartida durante el D\u00eda del Libro.Miguel \u00c1ngel Saiz, padre de alumnos del colegio, es quien nos la ha prestado para este d\u00eda. \u00a1Much\u00edsimas gracias por dejarnos disfrutar\u2026","rel":"","context":"En \u00abAlumnos\u00bb","img":{"alt_text":"","src":"https:\/\/i0.wp.com\/1.bp.blogspot.com\/-7Vy7RFBf5oI\/UXh1QUJD14I\/AAAAAAAABtI\/Vzek1FIGnRY\/s400\/P1030801.JPG?resize=350%2C200","width":350,"height":200},"classes":[]},{"id":1745,"url":"http:\/\/jesuitasburgos.es\/biblioteca\/?p=1745","url_meta":{"origin":377,"position":5},"title":"CLUB DE LECTURA DE PRIMARIA","date":"26 marzo, 2014","format":false,"excerpt":"CLUB DE LECTURA\u00a0\u00a0\u00a0\u00a0\u00a0\u00a0\u00a0\u00a0\u00a0\u00a0\u00a0 T\u00edtulo: Los\u00a0 caballos de mi t\u00edo Autor: Gonzalo Moure Editorial: Anaya Desde el club de Lectura de 5\u00ba EPO, Laura Iglesias Miguel, recomienda este\u00a0 libro porque es de aventuras, te permite conocer a los animales de una manera distinta y aunque el caballo no es mi animal\u2026","rel":"","context":"En \u00abAlumnos\u00bb","img":{"alt_text":"","src":"","width":0,"height":0},"classes":[]}],"jetpack_likes_enabled":true,"_links":{"self":[{"href":"http:\/\/jesuitasburgos.es\/biblioteca\/index.php?rest_route=\/wp\/v2\/posts\/377"}],"collection":[{"href":"http:\/\/jesuitasburgos.es\/biblioteca\/index.php?rest_route=\/wp\/v2\/posts"}],"about":[{"href":"http:\/\/jesuitasburgos.es\/biblioteca\/index.php?rest_route=\/wp\/v2\/types\/post"}],"author":[{"embeddable":true,"href":"http:\/\/jesuitasburgos.es\/biblioteca\/index.php?rest_route=\/wp\/v2\/users\/1"}],"replies":[{"embeddable":true,"href":"http:\/\/jesuitasburgos.es\/biblioteca\/index.php?rest_route=%2Fwp%2Fv2%2Fcomments&post=377"}],"version-history":[{"count":2,"href":"http:\/\/jesuitasburgos.es\/biblioteca\/index.php?rest_route=\/wp\/v2\/posts\/377\/revisions"}],"predecessor-version":[{"id":380,"href":"http:\/\/jesuitasburgos.es\/biblioteca\/index.php?rest_route=\/wp\/v2\/posts\/377\/revisions\/380"}],"wp:attachment":[{"href":"http:\/\/jesuitasburgos.es\/biblioteca\/index.php?rest_route=%2Fwp%2Fv2%2Fmedia&parent=377"}],"wp:term":[{"taxonomy":"category","embeddable":true,"href":"http:\/\/jesuitasburgos.es\/biblioteca\/index.php?rest_route=%2Fwp%2Fv2%2Fcategories&post=377"},{"taxonomy":"post_tag","embeddable":true,"href":"http:\/\/jesuitasburgos.es\/biblioteca\/index.php?rest_route=%2Fwp%2Fv2%2Ftags&post=377"}],"curies":[{"name":"wp","href":"https:\/\/api.w.org\/{rel}","templated":true}]}}