{"id":284,"date":"2012-12-07T02:12:00","date_gmt":"2012-12-07T02:12:00","guid":{"rendered":"http:\/\/jesuitasburgos.es\/biblioteca\/?p=284"},"modified":"2012-12-07T02:12:00","modified_gmt":"2012-12-07T02:12:00","slug":"carta-de-alfonso-ramos-4o-eso-publicada-en-diario-de-burgos-digital","status":"publish","type":"post","link":"http:\/\/jesuitasburgos.es\/biblioteca\/?p=284","title":{"rendered":"CARTA DE ALFONSO RAMOS (4\u00ba ESO) PUBLICADA EN DIARIO DE BURGOS DIGITAL"},"content":{"rendered":"<div>\n<h4><a href=\"http:\/\/www.blogger.com\/blogger.g?blogID=8379197496232711797\">TRANSPORTE P\u00daBLICO<\/a><\/h4>\n<p>Mi hermana y yo, e imagino que m\u00e1s gente residente entre el centro de  Burgos y Gamonal, tenemos que usar el transporte p\u00fablico, si no es  diariamente, varias veces a la semana para ir a estudiar a la UBU o bien  para realizar actividades deportivas en San Amaro. Estamos obligados a  hacer transbordo ya que la l\u00ednea que cubre Gamonal y la universidad  tiene poca elasticidad en los horarios. Por ello, pido que, si es  posible, se ampliara la frecuencia de esta l\u00ednea para un mejor  movimiento en transporte p\u00fablico dentro de nuestra ciudad. <br \/>Gracias por su atenci\u00f3n.<\/p>\n<div>Alfonso Ramos | 17\/11\/2012<\/div>\n<\/div>\n","protected":false},"excerpt":{"rendered":"<p>TRANSPORTE P\u00daBLICO Mi hermana y yo, e imagino que m\u00e1s gente residente entre el centro de Burgos y Gamonal, tenemos<\/p>\n","protected":false},"author":1,"featured_media":0,"comment_status":"open","ping_status":"open","sticky":false,"template":"","format":"standard","meta":{"jetpack_post_was_ever_published":false,"jetpack_publicize_message":"","jetpack_is_tweetstorm":false,"jetpack_publicize_feature_enabled":true,"jetpack_social_post_already_shared":false,"jetpack_social_options":{"image_generator_settings":{"template":"highway","enabled":false}}},"categories":[8,24,14],"tags":[],"jetpack_publicize_connections":[],"jetpack_featured_media_url":"","jetpack_sharing_enabled":true,"jetpack_shortlink":"https:\/\/wp.me\/p5H2Oh-4A","jetpack-related-posts":[{"id":269,"url":"http:\/\/jesuitasburgos.es\/biblioteca\/?p=269","url_meta":{"origin":284,"position":0},"title":"CARTA DE JAVI MONZ\u00d3N PUBLICADA EN DIARIO DE BURGOS","date":"15 diciembre, 2012","format":false,"excerpt":"\u00a1QUE VUELVA EL 23!\u00a0Soy un chico joven que utilizaba,como muchas otras personas, la l\u00ednea 23 de autobuses (Parralillos-Pza M\u00edo Cid). Fue anulada y en su lugar se puso la l\u00ednea que circula por el\u00a0bulevar, que es una l\u00ednea que nunca podr\u00e1 sustituir a la anterior, ya que comunica Parralillos con\u2026","rel":"","context":"En \u00abAlumnos\u00bb","img":{"alt_text":"","src":"","width":0,"height":0},"classes":[]},{"id":270,"url":"http:\/\/jesuitasburgos.es\/biblioteca\/?p=270","url_meta":{"origin":284,"position":1},"title":"CARTA DE SILVIA SIM\u00d3N PUBLICADA EN DIARIO DE BURGOS DIGITAL","date":"15 diciembre, 2012","format":false,"excerpt":"TRANSPORTE EN BURGOS Los autobuses de Burgos tienen muchos horarios y lugares a los que ir, pero, \u00bfest\u00e1n realmente bien a la hora de pensar en las nuevas infraestructuras de Burgos a la hora de abastecer lo m\u00e1ximo posible a los ciudadanos?\u00bfLlegan realmente y est\u00e1n a disposici\u00f3n de todos? Especialmente\u2026","rel":"","context":"En \u00abAlumnos\u00bb","img":{"alt_text":"","src":"","width":0,"height":0},"classes":[]},{"id":3912,"url":"http:\/\/jesuitasburgos.es\/biblioteca\/?p=3912","url_meta":{"origin":284,"position":2},"title":"Mural en recuerdo a Francisco Grandmontagne","date":"18 mayo, 2017","format":"image","excerpt":"Hoy queremos compartir con vosotros este mural que han realizado Sergio y gabriel Rodrigo, que receurda a Francisco Granmontagne Es la gran obra, al menos en cuanto a tama\u00f1o, de los burgaleses Sergio y Gabriel Rodrigo Andrade, art\u00edsticamente conocidos como Sergare. La apuesta Barrio de Genios de Zona G ha\u2026","rel":"","context":"En \u00abCuriosidades\u00bb","img":{"alt_text":"","src":"https:\/\/i0.wp.com\/jesuitasburgos.es\/biblioteca\/wp-content\/uploads\/2017\/05\/6F141835-A398-7DF9-95B6728B42168DD6.jpg?fit=644%2C973&resize=350%2C200","width":350,"height":200},"classes":[]},{"id":1612,"url":"http:\/\/jesuitasburgos.es\/biblioteca\/?p=1612","url_meta":{"origin":284,"position":3},"title":"Librer\u00eda colaborativa \u00c1gora","date":"5 marzo, 2014","format":false,"excerpt":"\u00a0Diego Pereda Sancho es un periodista que est\u00e1 trabajando en la ONG HECHOS y fue entrevistado en la biblioteca por dos alumnos de 2\u00ba ESO C: Silvia Romero y Pedro Jos\u00e9 P\u00e9rez porque quer\u00edamos conocer qu\u00e9 es una librer\u00eda colaborativa y ver c\u00f3mo pod\u00edamos ayudar. De hecho, somos el primer\u2026","rel":"","context":"En \u00abAlumnos\u00bb","img":{"alt_text":"","src":"","width":0,"height":0},"classes":[]},{"id":548,"url":"http:\/\/jesuitasburgos.es\/biblioteca\/?p=548","url_meta":{"origin":284,"position":4},"title":"CONCIERTO DE M\u00daSICA FRANCESA","date":"14 octubre, 2013","format":false,"excerpt":"Blanca Sicilia nos env\u00eda una recomendaci\u00f3n para el trimestre de la francofon\u00eda: \u00a0Concierto de m\u00fasica francesa en el Museo de Burgos, creo que es gratuito, http:\/\/www.museodeburgos.com\/index.php?option=com_content&task=view&id=1089&Itemid=123 \u00a0ITINERARIO POR LA M\u00daSICA FRANCESA (GINA LISA CAZZANIGA Y DIEGO CRESPO) Una invitaci\u00f3n para conocer la m\u00fasica francesa de finales de 1800 y principios\u2026","rel":"","context":"En \u00abAlumnos\u00bb","img":{"alt_text":"","src":"https:\/\/i0.wp.com\/jesuitasburgos.es\/biblioteca\/wp-content\/uploads\/2013\/10\/recorridomusicafrancesa-300x238.jpg?resize=350%2C200","width":350,"height":200},"classes":[]},{"id":4055,"url":"http:\/\/jesuitasburgos.es\/biblioteca\/?p=4055","url_meta":{"origin":284,"position":5},"title":"Visita al Real Monasterio de Nuestra Se\u00f1ora de Fresdelval (Burgos)","date":"17 julio, 2017","format":false,"excerpt":"A tan solo cinco kil\u00f3metros de Burgos, un peque\u00f1o valle alberga un aut\u00e9ntico tesoro cuyas piedras han sido testigos excepcionales de la historia de Castilla, all\u00e1 por el siglo XIV y siguientes, y de nuestro propio pa\u00eds, invasi\u00f3n francesa incluida a ra\u00edz de la Guerra de la Independencia, reci\u00e9n comenzado\u2026","rel":"","context":"En \u00abClub de lectura\u00bb","img":{"alt_text":"","src":"https:\/\/i0.wp.com\/jesuitasburgos.es\/biblioteca\/wp-content\/uploads\/2017\/07\/WhatsApp-Image-2017-07-17-at-15.17.14.jpeg?fit=1024%2C768&resize=350%2C200","width":350,"height":200},"classes":[]}],"jetpack_likes_enabled":true,"_links":{"self":[{"href":"http:\/\/jesuitasburgos.es\/biblioteca\/index.php?rest_route=\/wp\/v2\/posts\/284"}],"collection":[{"href":"http:\/\/jesuitasburgos.es\/biblioteca\/index.php?rest_route=\/wp\/v2\/posts"}],"about":[{"href":"http:\/\/jesuitasburgos.es\/biblioteca\/index.php?rest_route=\/wp\/v2\/types\/post"}],"author":[{"embeddable":true,"href":"http:\/\/jesuitasburgos.es\/biblioteca\/index.php?rest_route=\/wp\/v2\/users\/1"}],"replies":[{"embeddable":true,"href":"http:\/\/jesuitasburgos.es\/biblioteca\/index.php?rest_route=%2Fwp%2Fv2%2Fcomments&post=284"}],"version-history":[{"count":0,"href":"http:\/\/jesuitasburgos.es\/biblioteca\/index.php?rest_route=\/wp\/v2\/posts\/284\/revisions"}],"wp:attachment":[{"href":"http:\/\/jesuitasburgos.es\/biblioteca\/index.php?rest_route=%2Fwp%2Fv2%2Fmedia&parent=284"}],"wp:term":[{"taxonomy":"category","embeddable":true,"href":"http:\/\/jesuitasburgos.es\/biblioteca\/index.php?rest_route=%2Fwp%2Fv2%2Fcategories&post=284"},{"taxonomy":"post_tag","embeddable":true,"href":"http:\/\/jesuitasburgos.es\/biblioteca\/index.php?rest_route=%2Fwp%2Fv2%2Ftags&post=284"}],"curies":[{"name":"wp","href":"https:\/\/api.w.org\/{rel}","templated":true}]}}