{"id":2716,"date":"2015-04-20T11:42:13","date_gmt":"2015-04-20T11:42:13","guid":{"rendered":"http:\/\/jesuitasburgos.es\/biblioteca\/?p=2716"},"modified":"2015-05-20T09:55:20","modified_gmt":"2015-05-20T09:55:20","slug":"concurso-de-teresa-de-jesus-escritora-y-santa","status":"publish","type":"post","link":"http:\/\/jesuitasburgos.es\/biblioteca\/?p=2716","title":{"rendered":"Concurso de Teresa de Jes\u00fas, escritora y santa"},"content":{"rendered":"<p style=\"text-align: center;\"><strong>Estamos celebrando el quinto centenario del nacimiento de Santa Teresa de Jes\u00fas y nuestros compa\u00f1eros \u00c1lvaro Achirica y Fernando Carcedo os han preparado este concurso.<br \/>\n<\/strong><\/p>\n<p style=\"text-align: center;\"><strong>Participar es muy f\u00e1cil y adem\u00e1s habr\u00e1 premios para los mejores.<br \/>\n<\/strong><\/p>\n<h3 style=\"text-align: center;\"><strong>\u00a1PLAZO PARA ENVIAR VUESTRAS RESPUESTAS HASTA EL JUEVES, 7 DE MAYO !<br \/>\n<\/strong><\/h3>\n<h3 style=\"text-align: center;\">Anunciaremos los ganadores el viernes, 8 de mayo de 2015.<\/h3>\n<p>&nbsp;<\/p>\n<p><iframe loading=\"lazy\" src=\"https:\/\/docs.google.com\/forms\/d\/1VdY3PucMnWlIFDChtCJtNwrrbIPqYsgjoL3Cgta6_hM\/viewform?embedded=true\" width=\"2000\" height=\"6900\" frameborder=\"0\" marginheight=\"0\" marginwidth=\"0\">Cargando&#8230;<\/iframe><\/p>\n","protected":false},"excerpt":{"rendered":"<p>Estamos celebrando el quinto centenario del nacimiento de Santa Teresa de Jes\u00fas y nuestros compa\u00f1eros \u00c1lvaro Achirica y Fernando Carcedo<\/p>\n","protected":false},"author":1,"featured_media":2724,"comment_status":"open","ping_status":"open","sticky":false,"template":"","format":"standard","meta":{"jetpack_post_was_ever_published":false,"jetpack_publicize_message":"","jetpack_is_tweetstorm":false,"jetpack_publicize_feature_enabled":true,"jetpack_social_post_already_shared":false,"jetpack_social_options":{"image_generator_settings":{"template":"highway","enabled":false}}},"categories":[57],"tags":[],"jetpack_publicize_connections":[],"jetpack_featured_media_url":"https:\/\/i0.wp.com\/jesuitasburgos.es\/biblioteca\/wp-content\/uploads\/2015\/04\/articulos-2255603.jpg?fit=1041%2C416","jetpack_sharing_enabled":true,"jetpack_shortlink":"https:\/\/wp.me\/p5H2Oh-HO","jetpack-related-posts":[{"id":2756,"url":"http:\/\/jesuitasburgos.es\/biblioteca\/?p=2756","url_meta":{"origin":2716,"position":0},"title":"Libros sobre Santa Teresa en nuestra biblioteca","date":"5 mayo, 2015","format":false,"excerpt":"\u00a1Os recordamos que hasta el d\u00eda 7 de mayo est\u00e1 abierto el plazo de participaci\u00f3n en el concurso sobre Teresa de Jes\u00fas, escritora y santa! Mientras tanto, pod\u00e9is leer y consultar estos ejemplares de nuestra biblioteca.","rel":"","context":"En \u00abRecomendaciones\u00bb","img":{"alt_text":"","src":"https:\/\/i0.wp.com\/jesuitasburgos.es\/biblioteca\/wp-content\/uploads\/2015\/05\/IMG_47821-e1430815780366.jpg?fit=900%2C1200&resize=350%2C200","width":350,"height":200},"classes":[]},{"id":2808,"url":"http:\/\/jesuitasburgos.es\/biblioteca\/?p=2808","url_meta":{"origin":2716,"position":1},"title":"CONCURSO DE MICRORRELATOS &#8211; Fiestas mayo 2015","date":"11 mayo, 2015","format":false,"excerpt":"CONCURSO DE MICRORRELATOS - Fiestas mayo 2015 A lo largo de estos d\u00edas vamos a ir publicando los ganadores de la segunda edici\u00f3n del concurso de microrrelatos celebrado con motivo de las fiestas de nuestro colegio. Hubo tres categor\u00edas y hab\u00eda dos palabras clave: FRANCIA y COMPA\u00d1\u00cdA. Gracias a todos\u2026","rel":"","context":"En \u00abConcursos\u00bb","img":{"alt_text":"","src":"https:\/\/i0.wp.com\/jesuitasburgos.es\/biblioteca\/wp-content\/uploads\/2015\/05\/paisaje_de_libros1.jpg?fit=1200%2C809&resize=350%2C200","width":350,"height":200},"classes":[]},{"id":1187,"url":"http:\/\/jesuitasburgos.es\/biblioteca\/?p=1187","url_meta":{"origin":2716,"position":2},"title":"LA VOZ DE JESUITAS II","date":"8 enero, 2014","format":false,"excerpt":"Os dejamos algunas fotos de La Voz. NO olvid\u00e9is que fuimos trending topic aquel d\u00eda y que las redes sociales echaban humo...","rel":"","context":"En \u00abAlumnos\u00bb","img":{"alt_text":"IMG_0009","src":"https:\/\/i0.wp.com\/jesuitasburgos.es\/biblioteca\/wp-content\/uploads\/2014\/01\/IMG_0009-1024x768.jpg?resize=350%2C200","width":350,"height":200},"classes":[]},{"id":2859,"url":"http:\/\/jesuitasburgos.es\/biblioteca\/?p=2859","url_meta":{"origin":2716,"position":3},"title":"CONCURSO FRAGMENTO A FRAGMENTO","date":"20 mayo, 2015","format":false,"excerpt":"FRAGMENTO A FRAGMENTO Leer tiene premio. Eso lo saben los participantes en la 2\u00aa edici\u00f3n del concurso \u201cFragmento a Fragmento\u201d. Est\u00e1 destinado a todas las personas que se divierten leyendo. Consiste en identificar los p\u00e1rrafos iniciales de varios libros juveniles que se encuentran en la biblioteca de nuestro colegio. Algunos\u2026","rel":"","context":"En \u00abConcursos\u00bb","img":{"alt_text":"","src":"https:\/\/i0.wp.com\/jesuitasburgos.es\/biblioteca\/wp-content\/uploads\/2015\/05\/DSC04938.jpg?fit=1200%2C900&resize=350%2C200","width":350,"height":200},"classes":[]},{"id":161,"url":"http:\/\/jesuitasburgos.es\/biblioteca\/?p=161","url_meta":{"origin":2716,"position":4},"title":"ART\u00cdCULO DE EL PA\u00cdS DE LOS ESTUDIANTES","date":"1 marzo, 2013","format":false,"excerpt":"El d\u00eda 8 de marzo celebraremos el D\u00eda de la Mujer Trabajadora. Sirva este art\u00edculo del peri\u00f3dico El Pa\u00eds como homenaje a todas las mujeres, especialmente a las grandes escritoras y a las grandes lectoras.Pioneras de la aventura literariaLa Biblioteca Nacional evoca a las escritoras que rompieron barreras en su\u2026","rel":"","context":"En \u00abAlumnos\u00bb","img":{"alt_text":"","src":"https:\/\/i0.wp.com\/ep01.epimg.net\/cultura\/imagenes\/2013\/01\/30\/actualidad\/1359563448_228314_1359579944_sumario_normal.jpg?resize=350%2C200","width":350,"height":200},"classes":[]},{"id":2957,"url":"http:\/\/jesuitasburgos.es\/biblioteca\/?p=2957","url_meta":{"origin":2716,"position":5},"title":"Andrea Modrego, ganadora del concurso de microrrelatos de la feria del libro de Burgos 2015","date":"9 junio, 2015","format":"video","excerpt":"Queremos felicitar a nuestra compa\u00f1era Andrea Modrego de 4\u00ba ESO A por haber ganado el concurso de microrrelatos de la feria del libro de Burgos 2015. \u00a1\u00a1Sigue as\u00ed, Andrea!! \u00a0 Soy Andrea Modrego, participante y ganadora del concurso de \u00a0 microrrelatos de la feria del libro de Burgos de este\u2026","rel":"","context":"En \u00abAlumnos\u00bb","img":{"alt_text":"","src":"https:\/\/i0.wp.com\/jesuitasburgos.es\/biblioteca\/wp-content\/uploads\/2015\/06\/20150605_183031-1024x768.jpg?resize=350%2C200","width":350,"height":200},"classes":[]}],"jetpack_likes_enabled":true,"_links":{"self":[{"href":"http:\/\/jesuitasburgos.es\/biblioteca\/index.php?rest_route=\/wp\/v2\/posts\/2716"}],"collection":[{"href":"http:\/\/jesuitasburgos.es\/biblioteca\/index.php?rest_route=\/wp\/v2\/posts"}],"about":[{"href":"http:\/\/jesuitasburgos.es\/biblioteca\/index.php?rest_route=\/wp\/v2\/types\/post"}],"author":[{"embeddable":true,"href":"http:\/\/jesuitasburgos.es\/biblioteca\/index.php?rest_route=\/wp\/v2\/users\/1"}],"replies":[{"embeddable":true,"href":"http:\/\/jesuitasburgos.es\/biblioteca\/index.php?rest_route=%2Fwp%2Fv2%2Fcomments&post=2716"}],"version-history":[{"count":5,"href":"http:\/\/jesuitasburgos.es\/biblioteca\/index.php?rest_route=\/wp\/v2\/posts\/2716\/revisions"}],"predecessor-version":[{"id":2725,"href":"http:\/\/jesuitasburgos.es\/biblioteca\/index.php?rest_route=\/wp\/v2\/posts\/2716\/revisions\/2725"}],"wp:featuredmedia":[{"embeddable":true,"href":"http:\/\/jesuitasburgos.es\/biblioteca\/index.php?rest_route=\/wp\/v2\/media\/2724"}],"wp:attachment":[{"href":"http:\/\/jesuitasburgos.es\/biblioteca\/index.php?rest_route=%2Fwp%2Fv2%2Fmedia&parent=2716"}],"wp:term":[{"taxonomy":"category","embeddable":true,"href":"http:\/\/jesuitasburgos.es\/biblioteca\/index.php?rest_route=%2Fwp%2Fv2%2Fcategories&post=2716"},{"taxonomy":"post_tag","embeddable":true,"href":"http:\/\/jesuitasburgos.es\/biblioteca\/index.php?rest_route=%2Fwp%2Fv2%2Ftags&post=2716"}],"curies":[{"name":"wp","href":"https:\/\/api.w.org\/{rel}","templated":true}]}}