{"id":2713,"date":"2015-04-18T18:34:21","date_gmt":"2015-04-18T18:34:21","guid":{"rendered":"http:\/\/jesuitasburgos.es\/biblioteca\/?p=2713"},"modified":"2015-04-18T18:34:21","modified_gmt":"2015-04-18T18:34:21","slug":"sentir-la-lluvia-por-andrea-modrego","status":"publish","type":"post","link":"http:\/\/jesuitasburgos.es\/biblioteca\/?p=2713","title":{"rendered":"Sentir la lluvia, por Andrea Modrego"},"content":{"rendered":"<p style=\"text-align: center;\"><strong><em>Sentir la lluvia<\/em><\/strong><\/p>\n<p>Unos dicen que la lluvia es triste, otros que da mal humor y estr\u00e9s, pero es realmente hermosa.<\/p>\n<p>Observa: las nubes dejan caer miles de gotas de lluvia cristalinas que llegan a tus pesta\u00f1as al levantar tu cabeza hacia el cielo, al pelo que se alisa y a tu piel que se hidrata.<\/p>\n<p>Los colores son m\u00e1s intensos a pesar de las nubes grises. Las gotas dejan ver miles de ondas al colisionar contra el suelo o en los cristales del coche en el que vas conduciendo.<\/p>\n<p>Escucha: cierra los ojos, puedes sentir el m\u00e1gico e hipnotizante sonido de la lluvia. Tan \u00fanico y relajante a la vez\u2026<\/p>\n<p>Huele: despierta tu sentido del olfato y nota c\u00f3mo el olor a humedad, agua, hierba mojada, tierra&#8230;entra dentro de ti.<\/p>\n<p>Siente: siente c\u00f3mo las gotas de lluvia caen sobre tu abrigo, tu brazo descubierto y sobre el paraguas en el que te proteges.<\/p>\n<p>Despu\u00e9s detente en cualquier lugar: observa, huele y escucha al mismo tiempo para poder sentir la lluvia.<\/p>\n<p>Andrea Modrego (4\u00ba ESO \u201cA\u201d)<\/p>\n","protected":false},"excerpt":{"rendered":"<p>Sentir la lluvia Unos dicen que la lluvia es triste, otros que da mal humor y estr\u00e9s, pero es realmente<\/p>\n","protected":false},"author":1,"featured_media":2714,"comment_status":"open","ping_status":"open","sticky":false,"template":"","format":"standard","meta":{"jetpack_post_was_ever_published":false,"jetpack_publicize_message":"","jetpack_is_tweetstorm":false,"jetpack_publicize_feature_enabled":true,"jetpack_social_post_already_shared":false,"jetpack_social_options":{"image_generator_settings":{"template":"highway","enabled":false}}},"categories":[8,64],"tags":[],"jetpack_publicize_connections":[],"jetpack_featured_media_url":"https:\/\/i0.wp.com\/jesuitasburgos.es\/biblioteca\/wp-content\/uploads\/2015\/04\/como-se-forma-la-lluvia-1.jpg?fit=1260%2C770","jetpack_sharing_enabled":true,"jetpack_shortlink":"https:\/\/wp.me\/p5H2Oh-HL","jetpack-related-posts":[{"id":4430,"url":"http:\/\/jesuitasburgos.es\/biblioteca\/?p=4430","url_meta":{"origin":2713,"position":0},"title":"Microrrelatos premiados &#8211; Fiestas 2018","date":"23 junio, 2018","format":false,"excerpt":"Categor\u00eda D - SECUNDARIA PRIMER PREMIO: \u201cNOCHE CERRADA\u201d Era una noche cerrada, desde mi ventana se pod\u00eda presenciar una majestuosa luna llena. Me met\u00ed a la cama exhausto tras un arduo d\u00eda de trabajo, pero pronto me di cuenta de que me ser\u00eda imposible conciliar el sue\u00f1o, ya que la\u2026","rel":"","context":"En \u00abAlumnos\u00bb","img":{"alt_text":"","src":"https:\/\/i0.wp.com\/jesuitasburgos.es\/biblioteca\/wp-content\/uploads\/2018\/06\/banner2.jpg?fit=640%2C246&resize=350%2C200","width":350,"height":200},"classes":[]},{"id":2113,"url":"http:\/\/jesuitasburgos.es\/biblioteca\/?p=2113","url_meta":{"origin":2713,"position":1},"title":"MICRORRELATOS","date":"10 diciembre, 2014","format":false,"excerpt":"Los alumnos de 4\u00ba de ESO est\u00e1n escribiendo microrrelatos en la clase de Lengua. Deben de estar preparando ya el concurso de las fiestas del colegio... Os dejamos aqu\u00ed el de Jocelyne Chicaiza VIAJE POR EL MAR El viaje comenz\u00f3 con una gran lluvia. Todas esas gotas proven\u00edan de un\u2026","rel":"","context":"En \u00abAlumnos\u00bb","img":{"alt_text":"","src":"","width":0,"height":0},"classes":[]},{"id":4019,"url":"http:\/\/jesuitasburgos.es\/biblioteca\/?p=4019","url_meta":{"origin":2713,"position":2},"title":"XVIII Festival juvenil de teatro grecolatino","date":"20 junio, 2017","format":false,"excerpt":"Los alumnos de Lengua y Literatura de 1\u00ba de Bachillerato y los de 4\u00ba de Lat\u00edn y Cultura Cl\u00e1sica acudimos a la representaci\u00f3n de \u201cLas Tesmoforias\u201d, de Arist\u00f3fanes. Pasamos la ma\u00f1ana en Pe\u00f1aranda de Duero, un precioso pueblo. Subimos al castillo, visitamos el palacio y atendimos a las explicaciones de\u2026","rel":"","context":"En \u00abAlumnos\u00bb","img":{"alt_text":"","src":"https:\/\/i0.wp.com\/jesuitasburgos.es\/biblioteca\/wp-content\/uploads\/2017\/06\/2.jpg?fit=300%2C225&resize=350%2C200","width":350,"height":200},"classes":[]},{"id":4025,"url":"http:\/\/jesuitasburgos.es\/biblioteca\/?p=4025","url_meta":{"origin":2713,"position":3},"title":"Concurso de microrrelatos, nanorrelatos y haikus","date":"21 junio, 2017","format":false,"excerpt":"El pasado jueves 15 de junio se entregaron los premios de los concursos de microrrelatos (primaria), nanorrelatos (infantil) y haikus. Estos\u00a0son\u00a0los\u00a0ganadores\u00a0en\u00a0las\u00a0diferentes\u00a0categor\u00edas: Nanorrelatos\u00a0(3\u00ba\u00a0infantil) 1\u00ba\u00a0Miguel\u00a0Rojo\u00a0Saiz 2\u00ba\u00a0Diego\u00a0Garc\u00eda\u00a0Montero 3\u00ba\u00a0Diego\u00a0de\u00a0la\u00a0Iglesia\u00a0Siglez Microrrelatos\u00a0(1\u00ba\u00a0y\u00a02\u00ba\u00a0de\u00a0Primaria) 1\u00ba\u00a0Gonzalo\u00a0Rojo\u00a0Saiz 2\u00baManuel\u00a0M\u00e9ndez\u00a0Arosa Microrrelatos\u00a0(3\u00ba\u00a0y\u00a04\u00ba\u00a0de\u00a0Primaria) 1\u00ba\u00a0Jimena\u00a0Guti\u00e9rrez 2\u00ba\u00a0Marta\u00a0Garc\u00eda 3\u00ba\u00a0Carlota\u00a0Rodr\u00edguez Microrrelatos\u00a0(5\u00ba\u00a0y\u00a06\u00ba\u00a0Primaria) 1\u00ba\u00a0Sof\u00eda\u00a0Ant\u00f3n\u00a0(ex\u00a0aequo) 1\u00ba\u00a0Ana\u00a0Pardo\u00a0(ex\u00a0aequo) 3\u00ba\u00a0Noah\u00a0Liebe Haikus 1\u00ba\u00a0Sandra\u00a0Mart\u00ednez-Acitores Agua\u00a0de\u00a0lluvia, Y\u00a0mis\u00a0ojos\u00a0llorando, Hierba\u00a0mojada 2\u00ba\u00a0Claudia\u00a0Hernando 3\u00ba\u00a0Irene\u00a0Pereda Los premios de las categor\u00edas de Secundaria\u2026","rel":"","context":"En \u00abConcursos\u00bb","img":{"alt_text":"","src":"https:\/\/i0.wp.com\/jesuitasburgos.es\/biblioteca\/wp-content\/uploads\/2017\/06\/escribir_0.jpg?fit=630%2C420&resize=350%2C200","width":350,"height":200},"classes":[]},{"id":1159,"url":"http:\/\/jesuitasburgos.es\/biblioteca\/?p=1159","url_meta":{"origin":2713,"position":4},"title":"CALLEJEROS ORTOGR\u00c1FICOS","date":"2 enero, 2014","format":false,"excerpt":"Mar\u00eda \u00cd\u00f1igo casi tiene un accidente en carretera al ver este cartel y nos comenta que no fue por la lluvia... casi lo tienen al ver la \"llubia\".","rel":"","context":"En \u00abAlumnos\u00bb","img":{"alt_text":"","src":"https:\/\/i0.wp.com\/jesuitasburgos.es\/biblioteca\/wp-content\/uploads\/2013\/12\/image2.jpeg?resize=350%2C200","width":350,"height":200},"classes":[]},{"id":80,"url":"http:\/\/jesuitasburgos.es\/biblioteca\/?p=80","url_meta":{"origin":2713,"position":5},"title":"RECOMENDACI\u00d3N DE MAR\u00cdA \u00cd\u00d1IGO","date":"27 abril, 2013","format":false,"excerpt":"Mar\u00eda \u00cd\u00f1igo es alumna de 3\u00ba ESO C. En la hora de lectura semanal ha devorado este libro y ha escrito este peque\u00f1o art\u00edculo para recomend\u00e1rnoslo a todos nosotros. Gracias, Mar\u00eda.Mi tigre es lluvia Es un libro que recomiendo a todos porque aparte de ser divertido te ense\u00f1a muchas cosas\u2026","rel":"","context":"En \u00abAlumnos\u00bb","img":{"alt_text":"","src":"https:\/\/i0.wp.com\/3.bp.blogspot.com\/-Ns6H6sP26rM\/UXxTQVRPXaI\/AAAAAAAABvo\/WeAQ56r3tZE\/s400\/TIGRE.jpg?resize=350%2C200","width":350,"height":200},"classes":[]}],"jetpack_likes_enabled":true,"_links":{"self":[{"href":"http:\/\/jesuitasburgos.es\/biblioteca\/index.php?rest_route=\/wp\/v2\/posts\/2713"}],"collection":[{"href":"http:\/\/jesuitasburgos.es\/biblioteca\/index.php?rest_route=\/wp\/v2\/posts"}],"about":[{"href":"http:\/\/jesuitasburgos.es\/biblioteca\/index.php?rest_route=\/wp\/v2\/types\/post"}],"author":[{"embeddable":true,"href":"http:\/\/jesuitasburgos.es\/biblioteca\/index.php?rest_route=\/wp\/v2\/users\/1"}],"replies":[{"embeddable":true,"href":"http:\/\/jesuitasburgos.es\/biblioteca\/index.php?rest_route=%2Fwp%2Fv2%2Fcomments&post=2713"}],"version-history":[{"count":1,"href":"http:\/\/jesuitasburgos.es\/biblioteca\/index.php?rest_route=\/wp\/v2\/posts\/2713\/revisions"}],"predecessor-version":[{"id":2715,"href":"http:\/\/jesuitasburgos.es\/biblioteca\/index.php?rest_route=\/wp\/v2\/posts\/2713\/revisions\/2715"}],"wp:featuredmedia":[{"embeddable":true,"href":"http:\/\/jesuitasburgos.es\/biblioteca\/index.php?rest_route=\/wp\/v2\/media\/2714"}],"wp:attachment":[{"href":"http:\/\/jesuitasburgos.es\/biblioteca\/index.php?rest_route=%2Fwp%2Fv2%2Fmedia&parent=2713"}],"wp:term":[{"taxonomy":"category","embeddable":true,"href":"http:\/\/jesuitasburgos.es\/biblioteca\/index.php?rest_route=%2Fwp%2Fv2%2Fcategories&post=2713"},{"taxonomy":"post_tag","embeddable":true,"href":"http:\/\/jesuitasburgos.es\/biblioteca\/index.php?rest_route=%2Fwp%2Fv2%2Ftags&post=2713"}],"curies":[{"name":"wp","href":"https:\/\/api.w.org\/{rel}","templated":true}]}}