{"id":261,"date":"2012-12-20T00:51:00","date_gmt":"2012-12-20T00:51:00","guid":{"rendered":"http:\/\/jesuitasburgos.es\/biblioteca\/?p=261"},"modified":"2012-12-20T00:51:00","modified_gmt":"2012-12-20T00:51:00","slug":"mas-preguntas-sobre-deporte","status":"publish","type":"post","link":"http:\/\/jesuitasburgos.es\/biblioteca\/?p=261","title":{"rendered":"M\u00c1S PREGUNTAS SOBRE DEPORTE"},"content":{"rendered":"<div><span>\u00a0<span>Sara Portugal nos env\u00ed<span>a<\/span> otro cuestionario-concurso deportivo. En este caso el deporte elegido es el p\u00e1del. Esperamos vuestras respuestas en bibliotecajesuitasburgos@gmail.com. \u00a1\u00a1\u00c1<span>nimo!!<\/span><\/span><\/span><\/div>\n<div><span><span><br \/><\/span><\/span><\/div>\n<div><span><span><br \/><\/span><\/span><\/div>\n<div><span><span><br \/><\/span><\/span><\/div>\n<div><b><span>CUESTIONARIO\u00a0P\u00c1DEL<\/span><\/b><\/div>\n<div><\/div>\n<div><\/div>\n<div><span>1\u00ba \u00bfDesde qu<span>\u00e9<\/span> a\u00f1o se practica el p\u00e1del?<\/span><\/div>\n<div><\/div>\n<div><a href=\"https:\/\/i0.wp.com\/2.bp.blogspot.com\/-N7KZnGW6OhA\/UME8hcUqvSI\/AAAAAAAAAZY\/ny486QAxGpE\/s1600\/PADEL.jpg\" imageanchor=\"1\"><img decoding=\"async\" loading=\"lazy\" border=\"0\" height=\"290\" src=\"https:\/\/i0.wp.com\/2.bp.blogspot.com\/-N7KZnGW6OhA\/UME8hcUqvSI\/AAAAAAAAAZY\/ny486QAxGpE\/s320\/PADEL.jpg?resize=320%2C290\" width=\"320\"  data-recalc-dims=\"1\"><\/a><span>2\u00ba \u00bfCu<span>\u00e1<\/span>les son las dimensiones del campo interior?<\/span><\/div>\n<div><\/div>\n<div><span>3\u00ba \u00bfCu\u00e1ntos focos debe\u00a0 haber en la pista?<\/span><\/div>\n<div><\/div>\n<div><span>4\u00baCompleta: <\/span><\/div>\n<div>La pelota deber\u00e1 ser una esfera de material&#8212;&#8212;&#8212;&#8212;&#8212;&#8211; con una superficie exterior uniforme de color &#8212;&#8212;&#8212;&#8212;- o &#8212;&#8212;&#8212;&#8212;&#8211;.<\/div>\n<div><\/div>\n<div><span>5\u00ba \u00bfCu\u00e1les son las medidas m\u00e1ximas de la pala (largo y ancho)?<\/span><\/div>\n<div><\/div>\n<div><span>6\u00baCompleta:<\/span><\/div>\n<div>La pelota deber\u00e1 tener una presi\u00f3n interna entre &#8212;&#8212;&#8211; kg  y &#8212;&#8212;&#8211;kg por cada 2,&#8212;&#8212;- &#8212;-cm\u00b2.<\/div>\n<div><\/div>\n<div><span>7\u00ba Completa:<\/span><\/div>\n<div>La superficie de la pista podr\u00e1 ser de &#8212;&#8212;&#8212;&#8212;&#8212;&#8212;-poroso  y&#8212;&#8212;&#8212;&#8212;&#8212;&#8212;-, &#8212;&#8212;&#8212;&#8212;&#8212;&#8211;<\/div>\n<div>sint\u00e9tico, o moqueta. El color podr\u00e1 ser verde, azul o &#8212;&#8212;&#8212;&#8212;&#8212;&#8212;&#8212;&#8212;-. El c\u00e9sped o moqueta  <\/div>\n<div>lleva un poco de &#8212;&#8212;&#8212;&#8212;&#8212;-especial (como la de la playa) para este deporte para que sea m\u00e1s  <\/div>\n<div>f\u00e1cil el movimiento sobre la pista. Adem\u00e1s se debe llevar un &#8212;&#8212;&#8212;&#8212;&#8212;&#8212;&#8212;-adecuado para no resbalar.<\/div>\n<div><\/div>\n","protected":false},"excerpt":{"rendered":"<p>\u00a0Sara Portugal nos env\u00eda otro cuestionario-concurso deportivo. En este caso el deporte elegido es el p\u00e1del. Esperamos vuestras respuestas en<\/p>\n","protected":false},"author":1,"featured_media":0,"comment_status":"open","ping_status":"open","sticky":false,"template":"","format":"standard","meta":{"jetpack_post_was_ever_published":false,"jetpack_publicize_message":"","jetpack_is_tweetstorm":false,"jetpack_publicize_feature_enabled":true,"jetpack_social_post_already_shared":false,"jetpack_social_options":{"image_generator_settings":{"template":"highway","enabled":false}}},"categories":[8,19,40],"tags":[],"jetpack_publicize_connections":[],"jetpack_featured_media_url":"","jetpack_sharing_enabled":true,"jetpack_shortlink":"https:\/\/wp.me\/p5H2Oh-4d","jetpack-related-posts":[{"id":217,"url":"http:\/\/jesuitasburgos.es\/biblioteca\/?p=217","url_meta":{"origin":261,"position":0},"title":"ENTREGA DE PREMIOS TRIMESTRE TEM\u00c1TICO LITERATURA Y DEPORTE","date":"20 enero, 2013","format":false,"excerpt":"\u00a1Hola de nuevo! Este viernes 18 de enero a las 11 de la ma\u00f1ana os recibir\u00e9 encantada para\u00a0 entregaros\u00a0 los premios correspondientes al trimestre tem\u00e1tico del deporte.\u00a0 Aprovechar\u00e9, tambi\u00e9n, para presentar el tema del segundo trimestre: la ciencia; adem\u00e1s, celebraremos las m\u00e1s de cinco mil visitas que ya ha tenido\u2026","rel":"","context":"En \u00abAlumnos\u00bb","img":{"alt_text":"","src":"","width":0,"height":0},"classes":[]},{"id":208,"url":"http:\/\/jesuitasburgos.es\/biblioteca\/?p=208","url_meta":{"origin":261,"position":1},"title":"M\u00c1S FOTOS PREMIOS TRIMESTRE LITERATURA Y DEPORTE","date":"27 enero, 2013","format":false,"excerpt":"Miriam Mata - Cuestionario Juegos Ol\u00edmpicosLa biblioteca se llen\u00f3 de alumnos y profesoresMiguel Alonso fue el primer profe en solucionar el crucigrama tem\u00e1tico","rel":"","context":"En \u00abAlumnos\u00bb","img":{"alt_text":"","src":"https:\/\/i0.wp.com\/4.bp.blogspot.com\/-MoETDa52CMg\/UQXVy4AcYaI\/AAAAAAAAA8M\/pLYDAXMdGrM\/s320\/P1010015.JPG?resize=350%2C200","width":350,"height":200},"classes":[]},{"id":263,"url":"http:\/\/jesuitasburgos.es\/biblioteca\/?p=263","url_meta":{"origin":261,"position":2},"title":"M\u00c1S CONCURSOS : BALONCESTO","date":"20 diciembre, 2012","format":false,"excerpt":"Sandra Mart\u00ednez-Acitores (1\u00ba ESO A) nos env\u00eda este cuestionario sobre su deporte favorito. Ya sab\u00e9is, enviad las respuestas a bibliotecajesuitasburgos@gmail.com, si es que las sab\u00e9is...Gracias a Sandra y a todos los que particip\u00e1is en el blog.CUESTIONARIO DE BALONCESTOEl Baloncesto naci\u00f3 en (1)_____ en Estados Unidos, concretamente en la (2)_____,en (3)_______(Massachussets),\u2026","rel":"","context":"En \u00abAlumnos\u00bb","img":{"alt_text":"","src":"https:\/\/i0.wp.com\/1.bp.blogspot.com\/-FRoWCscgPz0\/UME315FxKfI\/AAAAAAAAAYs\/ysF1Whx8lGQ\/s200\/BASKET.jpg?resize=350%2C200","width":350,"height":200},"classes":[]},{"id":265,"url":"http:\/\/jesuitasburgos.es\/biblioteca\/?p=265","url_meta":{"origin":261,"position":3},"title":"GANADORES DE LOS CONCURSOS DEL BLOG","date":"18 diciembre, 2012","format":false,"excerpt":"A continuaci\u00f3n publicamos los ganadores de algunos de los retos propuestos en el blog de la biblioteca. Todav\u00eda quedan algunos por resolver (F1, atletismo, ciclismo). Recordamos que pod\u00e9is verlos en la categor\u00eda \"JUEGOS\" y que las soluciones deben ser enviadas a bibliotecajesuitasburgos@gmail.comHay grandes premios... CRUCIGRAMA BIBLIOTECA Y DEPORTE:\u00a0\u00a0Pablo Aguado (1\u00ba\u2026","rel":"","context":"En \u00abAlumnos\u00bb","img":{"alt_text":"","src":"","width":0,"height":0},"classes":[]},{"id":212,"url":"http:\/\/jesuitasburgos.es\/biblioteca\/?p=212","url_meta":{"origin":261,"position":4},"title":"PREMIOS TRIMESTRE LITERATURA Y DEPORTE","date":"23 enero, 2013","format":false,"excerpt":"Juan Hernando Quevedo (Reto Ol\u00edmpico) y Sandra Mart\u00ednez-Acitores Ib\u00e1\u00f1ez de Aldecoa (Cuestionario Baloncesto) fueron los ganadores de las camisetas dedicadas que nos envi\u00f3 Joaqu\u00edn Caparr\u00f3s (entrenador del C.D. Mallorca). El \"m\u00edster\" del Mallorca, que tambi\u00e9n es estudiante de Periodismo, no dud\u00f3 ni un instante en colaborar con nuestro proyecto. Le\u2026","rel":"","context":"En \u00abAlumnos\u00bb","img":{"alt_text":"","src":"https:\/\/i0.wp.com\/1.bp.blogspot.com\/-_xCDL1Q4xiU\/UP3pNuY2tWI\/AAAAAAAAA3s\/ZmcLA6sWlqY\/s320\/P1010038.JPG?resize=350%2C200","width":350,"height":200},"classes":[]},{"id":282,"url":"http:\/\/jesuitasburgos.es\/biblioteca\/?p=282","url_meta":{"origin":261,"position":5},"title":"CUESTIONARIO SOBRE CICLISMO","date":"8 diciembre, 2012","format":false,"excerpt":"Alberto Andr\u00e9s, alumno de 1\u00ba de ESO e hijo de director de un equipo ciclista de Burgos, nos env\u00eda este cuestionario-concurso sobre su deporte favorito.\u00a0Enviad vuestras respuestas a bibliotecajesuitasburgos@gmail.com. Hay tres categor\u00edas para conseguir premios: alumnos, padres-madres y profesores. Los premios ser\u00e1n donados por Isidro Ju\u00e1rez, un gran exciclista burgal\u00e9s,\u2026","rel":"","context":"En \u00abJuegos\u00bb","img":{"alt_text":"","src":"https:\/\/i0.wp.com\/1.bp.blogspot.com\/-nDPFK5mT0W0\/ULF6UtwuYJI\/AAAAAAAAATM\/wuJZQfRj1ho\/s320\/Flequi.jpg?resize=350%2C200","width":350,"height":200},"classes":[]}],"jetpack_likes_enabled":true,"_links":{"self":[{"href":"http:\/\/jesuitasburgos.es\/biblioteca\/index.php?rest_route=\/wp\/v2\/posts\/261"}],"collection":[{"href":"http:\/\/jesuitasburgos.es\/biblioteca\/index.php?rest_route=\/wp\/v2\/posts"}],"about":[{"href":"http:\/\/jesuitasburgos.es\/biblioteca\/index.php?rest_route=\/wp\/v2\/types\/post"}],"author":[{"embeddable":true,"href":"http:\/\/jesuitasburgos.es\/biblioteca\/index.php?rest_route=\/wp\/v2\/users\/1"}],"replies":[{"embeddable":true,"href":"http:\/\/jesuitasburgos.es\/biblioteca\/index.php?rest_route=%2Fwp%2Fv2%2Fcomments&post=261"}],"version-history":[{"count":0,"href":"http:\/\/jesuitasburgos.es\/biblioteca\/index.php?rest_route=\/wp\/v2\/posts\/261\/revisions"}],"wp:attachment":[{"href":"http:\/\/jesuitasburgos.es\/biblioteca\/index.php?rest_route=%2Fwp%2Fv2%2Fmedia&parent=261"}],"wp:term":[{"taxonomy":"category","embeddable":true,"href":"http:\/\/jesuitasburgos.es\/biblioteca\/index.php?rest_route=%2Fwp%2Fv2%2Fcategories&post=261"},{"taxonomy":"post_tag","embeddable":true,"href":"http:\/\/jesuitasburgos.es\/biblioteca\/index.php?rest_route=%2Fwp%2Fv2%2Ftags&post=261"}],"curies":[{"name":"wp","href":"https:\/\/api.w.org\/{rel}","templated":true}]}}