{"id":249,"date":"2012-12-23T23:41:00","date_gmt":"2012-12-23T23:41:00","guid":{"rendered":"http:\/\/jesuitasburgos.es\/biblioteca\/?p=249"},"modified":"2012-12-23T23:41:00","modified_gmt":"2012-12-23T23:41:00","slug":"la-lectura-y-los-adolescentes-por-clara-palacios","status":"publish","type":"post","link":"http:\/\/jesuitasburgos.es\/biblioteca\/?p=249","title":{"rendered":"LA LECTURA Y LOS ADOLESCENTES por Clara Palacios"},"content":{"rendered":"<div dir=\"ltr\">\n<div><b>Clara es alumna de 1\u00ba de Bachillerato en nuestro colegio. Le encanta la lectura (lee todo lo que cae en sus manos) y escribir. Le agradecemos que se haya animado a participar en nuestro blog con este art\u00edculo de reflexiones en voz alta.\u00a0 <\/b><\/div>\n<div><\/div>\n<div><\/div>\n<div><\/div>\n<div>Alzo el bol\u00edgrafo una vez m\u00e1s y comienzo a recapacitar sobre  esa duda, ya resuelta, pero tan lejana&#8230; Esa duda solitaria, escondida en un  rinc\u00f3n sombr\u00edo de la ciudad. Y todos sabemos la respuesta. Todos y cada uno de  nosotros conocemos el porqu\u00e9 de la disminuci\u00f3n de j\u00f3venes lectores. Intr\u00e9pidos  luchadores que tuvieron suficiente valor para sacar un libro de la estanter\u00eda y  adentrarse en un mundo paralelo de extra\u00f1a fantas\u00eda. <\/div>\n<div>Y es que cada vez hay menos clasificaci\u00f3n entre libros y  enciclopedias andantes, que\u00a0 se mueven de estanter\u00eda en estanter\u00eda movidas por  unas manos j\u00f3venes e inexpertas que tras leer el resumen, devuelven a la pobre  enciclopedia a su lugar empolvado de la estanter\u00eda. <\/div>\n<div><a href=\"https:\/\/i0.wp.com\/1.bp.blogspot.com\/-hHP18INkstw\/UMu491Cx36I\/AAAAAAAAAd4\/uZDgpzSEnno\/s1600\/berceo.jpg\" imageanchor=\"1\"><img decoding=\"async\" loading=\"lazy\" border=\"0\" height=\"320\" src=\"https:\/\/i0.wp.com\/1.bp.blogspot.com\/-hHP18INkstw\/UMu491Cx36I\/AAAAAAAAAd4\/uZDgpzSEnno\/s320\/berceo.jpg?resize=191%2C320\" width=\"191\"  data-recalc-dims=\"1\"><\/a>Los j\u00f3venes tenemos gustos espec\u00edficos, \u00a0de eso no cabe  duda. Ninguno de nosotros, un fin de semana entre amigos comentar\u00eda: \u201c La noche  pasada disfrut\u00e9 de especial modo con <i>Los milagros de nuestra Se\u00f1ora <\/i>de Gonzalo de Berceo. De hecho,  os dije que no pod\u00eda quedar pues me encontraba enfrascado en la intr\u00e9pida  aventura que corr\u00eda el ladr\u00f3n de campos al que la Virgen Mar\u00eda salv\u00f3 de las  garras de los demonios\u201d. \u00a0Por favor. Necesitamos nuestros propios h\u00e9roes,  nuestras leyendas&#8230; Pero son muchos los libros mal redactados que caen en  nuestras manos, \u00bfverdad? \u00a0De cubierta maravillosa, con fant\u00e1sticos dibujos y un  t\u00edtulo que \u00fanicamente nos invita a leerlo. Pero ojo con abrirlo. Porque el  escritor debi\u00f3 de gastarse miles de euros para que el pobre libro -mal escrito, por  supuesto- fuese un tanto m\u00e1s misterioso y atractivo. <\/div>\n<div><\/div>\n<div>Esos son los libros que nos quitan el  gusto de pasar una p\u00e1gina tras leer la \u00faltima palabra y descubrir que el  protagonista hab\u00eda encontrado al amor de su vida. \u00c9sos son los libros que nos  hacen gritar: \u201c\u00a1No quiero otro m\u00e1s, por favor!\u201d<\/div>\n<div>Pero, si alguna vez te ha ocurrido eso, no te preocupes.  Todos los lectores fan\u00e1ticos tuvieron alg\u00fan problema alguna vez. No siempre  escogemos bien al azar. \u00bfO quiz\u00e1 me equivoco?<\/div>\n<div><\/div>\n<\/div>\n","protected":false},"excerpt":{"rendered":"<p>Clara es alumna de 1\u00ba de Bachillerato en nuestro colegio. Le encanta la lectura (lee todo lo que cae en<\/p>\n","protected":false},"author":1,"featured_media":0,"comment_status":"open","ping_status":"open","sticky":false,"template":"","format":"standard","meta":{"jetpack_post_was_ever_published":false,"jetpack_publicize_message":"","jetpack_is_tweetstorm":false,"jetpack_publicize_feature_enabled":true,"jetpack_social_post_already_shared":false,"jetpack_social_options":{"image_generator_settings":{"template":"highway","enabled":false}}},"categories":[8,11,14],"tags":[],"jetpack_publicize_connections":[],"jetpack_featured_media_url":"","jetpack_sharing_enabled":true,"jetpack_shortlink":"https:\/\/wp.me\/p5H2Oh-41","jetpack-related-posts":[{"id":181,"url":"http:\/\/jesuitasburgos.es\/biblioteca\/?p=181","url_meta":{"origin":249,"position":0},"title":"ACERTIJO","date":"19 febrero, 2013","format":false,"excerpt":"\u00a0Silvia Romero de 1\u00ba ESO A\u00a0 nos env\u00eda este curioso problema. Si ten\u00e9is la soluci\u00f3n, enviadla a bibliotecajesuitasburgos@gmail.com adjuntando la explicaci\u00f3n de vuestra respuesta. \u00a1\u00c1nimo!En la biblioteca de Jesuitas hay una enciclopedia matem\u00e1tica de cuatro tomos de 400 p\u00e1ginas cada uno. Un gusano hace un t\u00fanel desde la primera hoja\u2026","rel":"","context":"En \u00abAlumnos\u00bb","img":{"alt_text":"","src":"https:\/\/i0.wp.com\/3.bp.blogspot.com\/-vk0El15WMLY\/USLKKOXrsiI\/AAAAAAAABKs\/u36CpZBiGWM\/s320\/gusano.jpg?resize=350%2C200","width":350,"height":200},"classes":[]},{"id":2636,"url":"http:\/\/jesuitasburgos.es\/biblioteca\/?p=2636","url_meta":{"origin":249,"position":1},"title":"Recomendaci\u00f3n de Miguel C\u00f3rdoba SJ","date":"18 marzo, 2015","format":false,"excerpt":"Miguel C\u00f3rdoba es jesuita, di\u00e1cono, exprofesor de nuestro colegio, estudiante y, lo m\u00e1s importante, amigo. Le pedimos un art\u00edculo sobre Historia o Arte, su especialidad, y prefiri\u00f3 recomendarnos la lectura de este libro. \u00c9l puede enviarnos lo que le venga en gana porque sabemos que es seguidor de nuestro blog\u2026","rel":"","context":"En \u00abRecomendaciones\u00bb","img":{"alt_text":"","src":"https:\/\/i0.wp.com\/jesuitasburgos.es\/biblioteca\/wp-content\/uploads\/2015\/03\/ubuntu.png?fit=449%2C678&resize=350%2C200","width":350,"height":200},"classes":[]},{"id":99,"url":"http:\/\/jesuitasburgos.es\/biblioteca\/?p=99","url_meta":{"origin":249,"position":2},"title":"RECOMENDACI\u00d3N DE MIGUEL C\u00d3RDOBA","date":"17 abril, 2013","format":false,"excerpt":"Miguel C\u00f3rdoba es jesuita, exprofesor de nuestro colegio, estudiante y, lo m\u00e1s importante, amigo. Le pedimos un art\u00edculo sobre Historia o Arte, su especialidad, y prefiri\u00f3 recomendarnos la lectura de este libro.\u00c9l puede enviarnos lo que le venga en gana porque sabemos que es seguidor de nuestro blog y porque\u2026","rel":"","context":"En \u00abAlumnos\u00bb","img":{"alt_text":"","src":"https:\/\/i0.wp.com\/1.bp.blogspot.com\/-ueo7U_s5YFQ\/UW3sj8f0YqI\/AAAAAAAABn0\/5xYastDOij8\/s320\/ubuntu.jpg?resize=350%2C200","width":350,"height":200},"classes":[]},{"id":5198,"url":"http:\/\/jesuitasburgos.es\/biblioteca\/?p=5198","url_meta":{"origin":249,"position":3},"title":"\u00abTerror\u00bb, de Ferdinand Von Schirach","date":"24 mayo, 2023","format":false,"excerpt":"La primera pregunta que me vino a la cabeza al leer la obra es por qu\u00e9 no mandaron desalojar el estadio. El dilema que se le presenta al lector\/espectador de la obra es duro y complejo. \u00bfQu\u00e9 habr\u00eda hecho \u00e9l? Despu\u00e9s tuve que cerciorarme por las noticias que eso no\u2026","rel":"","context":"En \u00abClub de lectura\u00bb","img":{"alt_text":"","src":"https:\/\/i0.wp.com\/jesuitasburgos.es\/biblioteca\/wp-content\/uploads\/2023\/05\/Terror-e1684917775118.jpg?fit=1200%2C1184&resize=350%2C200","width":350,"height":200},"classes":[]},{"id":85,"url":"http:\/\/jesuitasburgos.es\/biblioteca\/?p=85","url_meta":{"origin":249,"position":4},"title":"RINC\u00d3N IGNACIANO EN LA BIBLIOTECA","date":"24 abril, 2013","format":false,"excerpt":"Jos\u00e9 Luis V\u00e1zquez sj, tutor de la secci\u00f3n m\u00e1s participativa en los dos primeros trimestres,\u00a0 nos explica en este art\u00edculo los libros que podemos encontrar en la biblioteca con tem\u00e1tica ignaciana. RINC\u00d3N IGNACIANOQueridos usuarios y usuarias de la biblioteca: Como habr\u00e9is observado, desde hace unos d\u00edas al abrir la puerta\u2026","rel":"","context":"En \u00abAlumnos\u00bb","img":{"alt_text":"","src":"https:\/\/i0.wp.com\/1.bp.blogspot.com\/-HbOcR0OJ3N0\/UXhttIolEyI\/AAAAAAAABsY\/4aUme9r18Ng\/s400\/P1030802.JPG?resize=350%2C200","width":350,"height":200},"classes":[]},{"id":3704,"url":"http:\/\/jesuitasburgos.es\/biblioteca\/?p=3704","url_meta":{"origin":249,"position":5},"title":"Club de lectura de Secundaria con Jos\u00e9 Ram\u00f3n Ayll\u00f3n","date":"26 marzo, 2017","format":false,"excerpt":"Estar en los clubes de lectura del colegio tiene muchas ventajas. Una de ellas es leer buenos libros y conocer a gente interesante. El viernes 17 de marzo, los alumnos del club de lectura de 3\u00ba y 4\u00ba de ESO tuvimos una visita muy especial. Se trataba de Jos\u00e9 Ram\u00f3n\u2026","rel":"","context":"En \u00abAlumnos\u00bb","img":{"alt_text":"","src":"https:\/\/i0.wp.com\/jesuitasburgos.es\/biblioteca\/wp-content\/uploads\/2017\/03\/IMG_32172.jpg?fit=1200%2C800&resize=350%2C200","width":350,"height":200},"classes":[]}],"jetpack_likes_enabled":true,"_links":{"self":[{"href":"http:\/\/jesuitasburgos.es\/biblioteca\/index.php?rest_route=\/wp\/v2\/posts\/249"}],"collection":[{"href":"http:\/\/jesuitasburgos.es\/biblioteca\/index.php?rest_route=\/wp\/v2\/posts"}],"about":[{"href":"http:\/\/jesuitasburgos.es\/biblioteca\/index.php?rest_route=\/wp\/v2\/types\/post"}],"author":[{"embeddable":true,"href":"http:\/\/jesuitasburgos.es\/biblioteca\/index.php?rest_route=\/wp\/v2\/users\/1"}],"replies":[{"embeddable":true,"href":"http:\/\/jesuitasburgos.es\/biblioteca\/index.php?rest_route=%2Fwp%2Fv2%2Fcomments&post=249"}],"version-history":[{"count":0,"href":"http:\/\/jesuitasburgos.es\/biblioteca\/index.php?rest_route=\/wp\/v2\/posts\/249\/revisions"}],"wp:attachment":[{"href":"http:\/\/jesuitasburgos.es\/biblioteca\/index.php?rest_route=%2Fwp%2Fv2%2Fmedia&parent=249"}],"wp:term":[{"taxonomy":"category","embeddable":true,"href":"http:\/\/jesuitasburgos.es\/biblioteca\/index.php?rest_route=%2Fwp%2Fv2%2Fcategories&post=249"},{"taxonomy":"post_tag","embeddable":true,"href":"http:\/\/jesuitasburgos.es\/biblioteca\/index.php?rest_route=%2Fwp%2Fv2%2Ftags&post=249"}],"curies":[{"name":"wp","href":"https:\/\/api.w.org\/{rel}","templated":true}]}}