{"id":234,"date":"2013-01-03T00:30:00","date_gmt":"2013-01-03T00:30:00","guid":{"rendered":"http:\/\/jesuitasburgos.es\/biblioteca\/?p=234"},"modified":"2013-01-03T00:30:00","modified_gmt":"2013-01-03T00:30:00","slug":"callejeros-ortograficos-48","status":"publish","type":"post","link":"http:\/\/jesuitasburgos.es\/biblioteca\/?p=234","title":{"rendered":"CALLEJEROS ORTOGR\u00c1FICOS"},"content":{"rendered":"<div><\/div>\n<div><\/div>\n<div><\/div>\n<div><\/div>\n<div><\/div>\n<div><\/div>\n<div><\/div>\n<div><\/div>\n<div><\/div>\n<div><\/div>\n<table cellpadding=\"0\" cellspacing=\"0\">\n<tbody>\n<tr>\n<td><a href=\"https:\/\/i0.wp.com\/1.bp.blogspot.com\/-ypgfp44C550\/UOTJoJBiW-I\/AAAAAAAAAos\/VMrN8lCvHjk\/s1600\/P1010008.JPG\" imageanchor=\"1\"><img decoding=\"async\" loading=\"lazy\" border=\"0\" height=\"300\" src=\"https:\/\/i0.wp.com\/1.bp.blogspot.com\/-ypgfp44C550\/UOTJoJBiW-I\/AAAAAAAAAos\/VMrN8lCvHjk\/s400\/P1010008.JPG?resize=400%2C300\" width=\"400\"  data-recalc-dims=\"1\"><\/a><\/td>\n<\/tr>\n<tr>\n<td><span>Por muchos hechizos<span> (con \u00abz\u00bb)<\/span> que haga<span>, siempre ser<span>\u00e1 una hechicera<span> (con \u00abc\u00bb)<\/span><\/span><\/span><\/span><\/td>\n<\/tr>\n<\/tbody>\n<\/table>\n<div>\u00daltimamente me ha dado por ver dibujos animados y leer cuentos infantiles. Esto \u00faltimo lo hago en voz alta y para un p\u00fablico bastante agradecido. Creo que, por lo que parece, seguir\u00e9 leyendo este tipo de libros unos cuantos a\u00f1os m\u00e1s.<span>..<\/span><\/div>\n<div><span>\u00a0<\/span> <\/div>\n<div>De vez en cuando me encuentro \u00abperlas\u00bb como la de la foto. No pens\u00e9is que paro la lectura; yo sigo como si nada y luego me entretengo haciendo fotos y comparti\u00e9ndolas con vosotros.<\/div>\n<div><\/div>\n<div>Nacho Z\u00e1rate <\/div>\n<div><\/div>\n<div><\/div>\n","protected":false},"excerpt":{"rendered":"<p>Por muchos hechizos (con \u00abz\u00bb) que haga, siempre ser\u00e1 una hechicera (con \u00abc\u00bb) \u00daltimamente me ha dado por ver dibujos<\/p>\n","protected":false},"author":1,"featured_media":0,"comment_status":"open","ping_status":"open","sticky":false,"template":"","format":"standard","meta":{"jetpack_post_was_ever_published":false,"jetpack_publicize_message":"","jetpack_is_tweetstorm":false,"jetpack_publicize_feature_enabled":true,"jetpack_social_post_already_shared":false,"jetpack_social_options":{"image_generator_settings":{"template":"highway","enabled":false}}},"categories":[8,3,18,14,10],"tags":[],"jetpack_publicize_connections":[],"jetpack_featured_media_url":"","jetpack_sharing_enabled":true,"jetpack_shortlink":"https:\/\/wp.me\/p5H2Oh-3M","jetpack-related-posts":[{"id":105,"url":"http:\/\/jesuitasburgos.es\/biblioteca\/?p=105","url_meta":{"origin":234,"position":0},"title":"CALLEJEROS ORTOGR\u00c1FICOS","date":"14 abril, 2013","format":false,"excerpt":"Lo de las tildes en los r\u00f3tulos de nuestras calles es de juzgado de guardia. Podr\u00edamos empapelar todas las aulas del colegio con fotos como estas.Sara Portugal y Jairo Luis P\u00e9rez son los callejeros ortogr\u00e1ficos que han captado estas instant\u00e1neas.","rel":"","context":"En \u00abAlumnos\u00bb","img":{"alt_text":"","src":"https:\/\/i0.wp.com\/2.bp.blogspot.com\/-Zv19zgO04y0\/UWn7cx66IrI\/AAAAAAAABlk\/H5XBc79ezpE\/s320\/DSC_0028.jpg?resize=350%2C200","width":350,"height":200},"classes":[]},{"id":121,"url":"http:\/\/jesuitasburgos.es\/biblioteca\/?p=121","url_meta":{"origin":234,"position":1},"title":"CALLEJEROS ORTOGR\u00c1FICOS","date":"6 abril, 2013","format":false,"excerpt":"Durante las vacaciones Teresa Tella se olvida de sus amadas ecuaciones, integrales y derivadas. Como est\u00e1 m\u00e1s relajada, se fija en los anuncios de la calle y en su ortograf\u00eda.\u00a0El piso, al que hace alusi\u00f3n la foto, seguramente es exterior: no lo ponemos en duda; lo que es m\u00e1s dif\u00edcil\u2026","rel":"","context":"En \u00abAlumnos\u00bb","img":{"alt_text":"","src":"https:\/\/i0.wp.com\/4.bp.blogspot.com\/-4JjU7xuTfk4\/UV9nyhmDYYI\/AAAAAAAABgY\/_JPHPtlaV80\/s320\/IMG-20130328-WA0000.jpg?resize=350%2C200","width":350,"height":200},"classes":[]},{"id":45,"url":"http:\/\/jesuitasburgos.es\/biblioteca\/?p=45","url_meta":{"origin":234,"position":2},"title":"CALLEJEROS ORTOGR\u00c1FICOS","date":"4 junio, 2013","format":false,"excerpt":"Mar\u00eda \u00cd\u00f1igo se encontr\u00f3 con esta se\u00f1al en Fr\u00edas. Creemos que alguno de nuestros \"callejeros ortogr\u00e1ficos\" pas\u00f3 antes por el lugar e intent\u00f3 arreglar el desaguisado. Gracias, Mar\u00eda por colaborar.","rel":"","context":"En \u00abAlumnos\u00bb","img":{"alt_text":"","src":"https:\/\/i0.wp.com\/1.bp.blogspot.com\/-NNh75xhqDe8\/Ua02ds_ukMI\/AAAAAAAAB8M\/xjrq6m0exeo\/s400\/IMG-20130505-WA0000.jpg?resize=350%2C200","width":350,"height":200},"classes":[]},{"id":54,"url":"http:\/\/jesuitasburgos.es\/biblioteca\/?p=54","url_meta":{"origin":234,"position":3},"title":"CALLEJEROS ORTOGR\u00c1FICOS","date":"27 mayo, 2013","format":false,"excerpt":"Jairo P\u00e9rez, Pedro P\u00e9rez, Eduardo Torres y Pablo Melo son los callejeros ortogr\u00e1ficos que consiguieron estas fotos tras un breve paseo por nuestra ciudad. Denuncian con ellas la ausencia de tildes en los letreros. Gracias, chicos.","rel":"","context":"En \u00abAlumnos\u00bb","img":{"alt_text":"","src":"","width":0,"height":0},"classes":[]},{"id":223,"url":"http:\/\/jesuitasburgos.es\/biblioteca\/?p=223","url_meta":{"origin":234,"position":4},"title":"CALLEJEROS ORTOGR\u00c1FICOS","date":"14 enero, 2013","format":false,"excerpt":"Foto enviada por Eva Ruiz, Seguimos con el Ayuntamiento de Burgos y las bicicletas. Hay que tener cuidado con los paneles informativos porque pueden ocasionar distracciones, accidentes...RAE:\u00a0La palabra contaje no est\u00e1 registrada en el Diccionario.\u00a0 c\u00f3mputo. (Del lat. comp\u016dtus). 1. m. Cuenta o c\u00e1lculo.Puede sonar mal, pero ser\u00eda lo correcto.","rel":"","context":"En \u00abAlumnos\u00bb","img":{"alt_text":"","src":"https:\/\/i0.wp.com\/4.bp.blogspot.com\/-tIJqwWM06Jo\/UPNRYWpfAUI\/AAAAAAAAAwU\/K5ZXb9b4k1U\/s400\/Contaje1.JPG?resize=350%2C200","width":350,"height":200},"classes":[]},{"id":117,"url":"http:\/\/jesuitasburgos.es\/biblioteca\/?p=117","url_meta":{"origin":234,"position":5},"title":"CALLEJEROS ORTOGR\u00c1FICOS","date":"8 abril, 2013","format":false,"excerpt":"Julio, exalumno del colegio, ya no lee los peri\u00f3dicos para informarse de lo que pasa en el mundo: los devora para poder enviarnos alguna foto a la secci\u00f3n de\u00a0 \"Callejeros Ortogr\u00e1ficos\".Alguna vez hemos o\u00eddo decir a Rafa Pampliega que esta es una de las faltas de ortograf\u00eda m\u00e1s extendida entre\u2026","rel":"","context":"En \u00abAlumnos\u00bb","img":{"alt_text":"","src":"https:\/\/i0.wp.com\/2.bp.blogspot.com\/-7QtRKuh7lYg\/UV970MLRICI\/AAAAAAAABio\/Cm8iHKP-sw0\/s640\/florentino.JPG?resize=350%2C200","width":350,"height":200},"classes":[]}],"jetpack_likes_enabled":true,"_links":{"self":[{"href":"http:\/\/jesuitasburgos.es\/biblioteca\/index.php?rest_route=\/wp\/v2\/posts\/234"}],"collection":[{"href":"http:\/\/jesuitasburgos.es\/biblioteca\/index.php?rest_route=\/wp\/v2\/posts"}],"about":[{"href":"http:\/\/jesuitasburgos.es\/biblioteca\/index.php?rest_route=\/wp\/v2\/types\/post"}],"author":[{"embeddable":true,"href":"http:\/\/jesuitasburgos.es\/biblioteca\/index.php?rest_route=\/wp\/v2\/users\/1"}],"replies":[{"embeddable":true,"href":"http:\/\/jesuitasburgos.es\/biblioteca\/index.php?rest_route=%2Fwp%2Fv2%2Fcomments&post=234"}],"version-history":[{"count":0,"href":"http:\/\/jesuitasburgos.es\/biblioteca\/index.php?rest_route=\/wp\/v2\/posts\/234\/revisions"}],"wp:attachment":[{"href":"http:\/\/jesuitasburgos.es\/biblioteca\/index.php?rest_route=%2Fwp%2Fv2%2Fmedia&parent=234"}],"wp:term":[{"taxonomy":"category","embeddable":true,"href":"http:\/\/jesuitasburgos.es\/biblioteca\/index.php?rest_route=%2Fwp%2Fv2%2Fcategories&post=234"},{"taxonomy":"post_tag","embeddable":true,"href":"http:\/\/jesuitasburgos.es\/biblioteca\/index.php?rest_route=%2Fwp%2Fv2%2Ftags&post=234"}],"curies":[{"name":"wp","href":"https:\/\/api.w.org\/{rel}","templated":true}]}}