{"id":232,"date":"2013-01-06T00:11:00","date_gmt":"2013-01-06T00:11:00","guid":{"rendered":"http:\/\/jesuitasburgos.es\/biblioteca\/?p=232"},"modified":"2013-01-06T00:11:00","modified_gmt":"2013-01-06T00:11:00","slug":"la-voz-de-jesuitas-poemas-navidenos","status":"publish","type":"post","link":"http:\/\/jesuitasburgos.es\/biblioteca\/?p=232","title":{"rendered":"LA VOZ DE JESUITAS &#8211; POEMAS NAVIDE\u00d1OS"},"content":{"rendered":"<p><b>Ana Porres, una de las ganadoras del concurso de poemas navide\u00f1os, compuso sus propios versos para participar en el mismo. Os los dejamos aqu\u00ed para que los disfrut\u00e9is. Gracias, Ana.<\/b><\/p>\n<div>Al humor he de recurrir  <\/div>\n<div><a href=\"https:\/\/i0.wp.com\/2.bp.blogspot.com\/-0dqJKtxxxP4\/UOjAHB_6MWI\/AAAAAAAAAsY\/BAr34CjBFqs\/s1600\/P1010008.JPG\" imageanchor=\"1\"><img decoding=\"async\" loading=\"lazy\" border=\"0\" height=\"240\" src=\"https:\/\/i0.wp.com\/2.bp.blogspot.com\/-0dqJKtxxxP4\/UOjAHB_6MWI\/AAAAAAAAAsY\/BAr34CjBFqs\/s320\/P1010008.JPG?resize=320%2C240\" width=\"320\"  data-recalc-dims=\"1\"><\/a><\/div>\n<div>si quiero hacerles sonre\u00edr,<\/div>\n<div>pues haciendo balance de un 2012  <\/div>\n<div>p\u00e9simo como aquellos de entonces,<\/div>\n<div>nos hemos percatado  <\/div>\n<div>que tanto recorte nos ha afectado.<\/div>\n<div>Restricciones, prohibiciones,<\/div>\n<div>todo obligaciones.<\/div>\n<div>Privados de la cesta y tambi\u00e9n de la extra,<\/div>\n<div>llega Navidad<\/div>\n<div>mientras el Papa no deja de twittear.<\/div>\n<div> Amenazan con el fin del mundo<\/div>\n<div>pero nadie se ir\u00e1 de aqu\u00ed  <\/div>\n<div>hasta decirme por qu\u00e9 a la mula y el buey hemos de excluir.<\/div>\n<div>El Guadalquivir arrastra en su corriente<\/div>\n<div>a  los reyes que abandonan Oriente;<\/div>\n<div>los ladrones invaden la Casa Real<\/div>\n<div>y a\u00fan quieren que disfrutemos en Navidad.<\/div>\n<div>No conoc\u00eda la corrupci\u00f3n  <\/div>\n<div>hasta que aquel chino en Espa\u00f1a se asent\u00f3,<\/div>\n<div>por lo que si usted se gira, querido profesor,<\/div>\n<div>no dude que aqu\u00ed afuera le esperar\u00e1 un jam\u00f3n.<\/div>\n<div>Consciente del tema principal  <\/div>\n<div>del cual me he desviado,<\/div>\n<div>felices fiestas les deseo,<\/div>\n<div>sin antes decirles<\/div>\n<div>que los pobres sin pobreza<\/div>\n<div>y los ricos ayudando<\/div>\n<div>ser\u00e1 el mejor chiste que puedan escuchar<\/div>\n<div>pues esto nunca ocurrir\u00e1,<\/div>\n<div>as\u00ed es la triste realidad.\u00a0<\/div>\n<div><\/div>\n<div><\/div>\n<div><\/div>\n<div><\/div>\n<div>Navidad, tiempo de felicidad,<\/div>\n<div>donde los ricos no dan lo que tienen<\/div>\n<div>y los pobres carecen de lo que deben.<\/div>\n<div>Navidad, tiempo de felicidad,<\/div>\n<div>donde su original esencia<\/div>\n<div>se pierde con nuestra impaciencia.<\/div>\n<div>Navidad, tiempo de felicidad,<\/div>\n<div>donde ayudar es algo extraordinario<\/div>\n<div>y gastar es lo normal.<\/div>\n<div>\u00bfNavidad, tiempo de felicidad?\u00a0<\/div>\n<div><\/div>\n<div><\/div>\n<div>\u00a0 <\/div>\n<div>Querida Navidad:<\/div>\n<div>Aunque haya sido buena<\/div>\n<div>no quiero bienes para m\u00ed<\/div>\n<div>pues tengo lo que me he ganado,<\/div>\n<div> lo suficiente para vivir.  <\/div>\n<div>Querida Navidad:<\/div>\n<div>Tengo un deseo<\/div>\n<div>el cual va m\u00e1s all\u00e1 de lo material<\/div>\n<div>y es, que quienes no pueden,<\/div>\n<div>tengan lo que se merecen.  <\/div>\n<div>Son los ni\u00f1os el futuro de este mundo,<\/div>\n<div>tr\u00e1igales por favor, una dosis de estudio.<\/div>\n<div>Son los padres quienes mantienen la sociedad,<\/div>\n<div>tr\u00e1igales por favor, el lugar al que puedan ir a trabajar.<\/div>\n<div>Son las mujeres quienes dan vida,<\/div>\n<div>tr\u00e1igales por favor, una justicia digna.<\/div>\n<div>Son los voluntarios a quienes realmente hemos de admirar,<\/div>\n<div>haz que por favor, su labor deje de ser esencial.<\/div>\n<div>No menciono a los mandatarios,<\/div>\n<div> pues su puesto no merece alusi\u00f3n,<\/div>\n<div>pero s\u00ed a mis profesores,<\/div>\n<div>ya que de ellos depende mi educaci\u00f3n.<\/div>\n<div>Querida Navidad, despedirme quiero,<\/div>\n<div>aunque he de asumir que todos los deseos,<\/div>\n<div>contra la cura de este mal<\/div>\n<div>tardar\u00e1n en verse resueltos,<\/div>\n<div>pues no es una cosa f\u00e1cil de erradicar.<\/div>\n<div>Quiz\u00e1 de esta manera,<\/div>\n<div>apreciada Navidad,<\/div>\n<div>conozcamos tu significado de verdad.  <\/div>\n<div><\/div>\n<div><\/div>\n<div><\/div>\n","protected":false},"excerpt":{"rendered":"<p>Ana Porres, una de las ganadoras del concurso de poemas navide\u00f1os, compuso sus propios versos para participar en el mismo.<\/p>\n","protected":false},"author":1,"featured_media":0,"comment_status":"open","ping_status":"open","sticky":false,"template":"","format":"standard","meta":{"jetpack_post_was_ever_published":false,"jetpack_publicize_message":"","jetpack_is_tweetstorm":false,"jetpack_publicize_feature_enabled":true,"jetpack_social_post_already_shared":false,"jetpack_social_options":{"image_generator_settings":{"template":"highway","enabled":false}}},"categories":[8,41,14,29],"tags":[],"jetpack_publicize_connections":[],"jetpack_featured_media_url":"","jetpack_sharing_enabled":true,"jetpack_shortlink":"https:\/\/wp.me\/p5H2Oh-3K","jetpack-related-posts":[{"id":1182,"url":"http:\/\/jesuitasburgos.es\/biblioteca\/?p=1182","url_meta":{"origin":232,"position":0},"title":"LA VOZ DE JESUITAS II","date":"8 enero, 2014","format":false,"excerpt":"Todo lo bueno se hace esperar... y, por fin, vais a poder ver fotos de las actuaciones que tuvieron lugar en nuestra biblioteca el pasado 20 de diciembre (el a\u00f1o pasado) con motivo de la celebraci\u00f3n de la 2\u00aa edici\u00f3n de La Voz de Jesuitas. Este a\u00f1o ha habido gran\u2026","rel":"","context":"En \u00abAlumnos\u00bb","img":{"alt_text":"","src":"https:\/\/i0.wp.com\/jesuitasburgos.es\/biblioteca\/wp-content\/uploads\/2014\/01\/IMG_0011-300x225.jpg?resize=350%2C200","width":350,"height":200},"classes":[]},{"id":238,"url":"http:\/\/jesuitasburgos.es\/biblioteca\/?p=238","url_meta":{"origin":232,"position":1},"title":"LA VOZ DE JESUITAS","date":"31 diciembre, 2012","format":false,"excerpt":"Al contrario que para la mayor\u00eda de vosotros, para m\u00ed la Navidad es un tiempo bastante triste. Nadie viene a visistarme; el colegio est\u00e1 desierto, las aulas y los pasillos sin chicos ni profesores; paso fr\u00edo porque no encienden la calefacci\u00f3n...Este a\u00f1o, por lo menos, lo estoy pasando mejor porque,de\u2026","rel":"","context":"En \u00abAlumnos\u00bb","img":{"alt_text":"","src":"https:\/\/i0.wp.com\/4.bp.blogspot.com\/-4RYK5ZsIdWM\/UNz53CzNAnI\/AAAAAAAAAhc\/0BjkGOodiZo\/s320\/P1010001.JPG?resize=350%2C200","width":350,"height":200},"classes":[]},{"id":4592,"url":"http:\/\/jesuitasburgos.es\/biblioteca\/?p=4592","url_meta":{"origin":232,"position":2},"title":"Recital de poemas","date":"31 mayo, 2019","format":false,"excerpt":"\u201cEn la poes\u00eda no puede haber trampas\u201d. Con esta frase comenz\u00f3 Fernando Izquierdo (bibliotecario, Presidente de la Asociaci\u00f3n de Profesionales de las Bibliotecas de Burgos y gran aficionado a la poes\u00eda) su charla-recital po\u00e9tico a los alumnos de Literatura Universal de Bachillerato. Nos habl\u00f3 de la labor que realiza el\u2026","rel":"","context":"En \u00abAlumnos\u00bb","img":{"alt_text":"","src":"https:\/\/i0.wp.com\/jesuitasburgos.es\/biblioteca\/wp-content\/uploads\/2019\/05\/recitalPoemas.jpg?fit=300%2C200&resize=350%2C200","width":350,"height":200},"classes":[]},{"id":119,"url":"http:\/\/jesuitasburgos.es\/biblioteca\/?p=119","url_meta":{"origin":232,"position":3},"title":"D\u00cdA DE LA POES\u00cdA &#8211; RECITAL 4\u00ba DE ESO","date":"7 abril, 2013","format":false,"excerpt":"\u00a0 \u00a0Unos d\u00edas antes de las vacaciones de Semana Santa los alumnos de 4\u00ba de ESO realizaron una preciosa actividad literaria para conmemorar el D\u00eda de la Poes\u00eda.En nuestra biblioteca se leyeron quince poemas de autores tan diversos como Lope de Vega o Garcilaso,\u00a0 la poes\u00eda m\u00e1s experimental, pasando por\u2026","rel":"","context":"En \u00abAlumnos\u00bb","img":{"alt_text":"","src":"https:\/\/i0.wp.com\/4.bp.blogspot.com\/-bOILVx4u0ow\/UV9w5jmp9rI\/AAAAAAAABgw\/s0hDzdiWrS4\/s320\/IMG_4575.JPG?resize=350%2C200","width":350,"height":200},"classes":[]},{"id":3545,"url":"http:\/\/jesuitasburgos.es\/biblioteca\/?p=3545","url_meta":{"origin":232,"position":4},"title":"D\u00eda de los enamorados en la biblioteca escolar","date":"17 febrero, 2017","format":false,"excerpt":"El amor no entiende de edades.\u00a0 Aprovechando la oportunidad que nos daba la celebraci\u00f3n del D\u00eda de San Valent\u00edn nos reunimos un grupo de alumnos de 1\u00ba de Bachillerato y varias clases de 3\u00ba y 4\u00ba de Primaria en la hora del recreo. Los m\u00e1s peque\u00f1os vinieron a vernos con\u2026","rel":"","context":"En \u00abAlumnos\u00bb","img":{"alt_text":"","src":"https:\/\/i0.wp.com\/jesuitasburgos.es\/biblioteca\/wp-content\/uploads\/2017\/02\/IMG_2318-880x350.jpg?fit=880%2C350&resize=350%2C200","width":350,"height":200},"classes":[]},{"id":2470,"url":"http:\/\/jesuitasburgos.es\/biblioteca\/?p=2470","url_meta":{"origin":232,"position":5},"title":"Poes\u00eda en San Valent\u00edn","date":"19 febrero, 2015","format":false,"excerpt":"El viernes 13, v\u00edspera de San Valent\u00edn, los alumnos de primaria junto con varios profesores nos juntamos en la biblioteca para compartir\u00a0 poemas sobre el amor. Los profesores declamaron algunos de los m\u00e1s famosos poemas de amor, y los alumnos nos sorprendieron con varios que ellos mismos hab\u00edan compuesto. Dos\u2026","rel":"","context":"En \u00abAlumnos\u00bb","img":{"alt_text":"","src":"https:\/\/i0.wp.com\/jesuitasburgos.es\/biblioteca\/wp-content\/uploads\/2015\/02\/IMG_4208-e1424423705918.jpg?fit=1200%2C509&resize=350%2C200","width":350,"height":200},"classes":[]}],"jetpack_likes_enabled":true,"_links":{"self":[{"href":"http:\/\/jesuitasburgos.es\/biblioteca\/index.php?rest_route=\/wp\/v2\/posts\/232"}],"collection":[{"href":"http:\/\/jesuitasburgos.es\/biblioteca\/index.php?rest_route=\/wp\/v2\/posts"}],"about":[{"href":"http:\/\/jesuitasburgos.es\/biblioteca\/index.php?rest_route=\/wp\/v2\/types\/post"}],"author":[{"embeddable":true,"href":"http:\/\/jesuitasburgos.es\/biblioteca\/index.php?rest_route=\/wp\/v2\/users\/1"}],"replies":[{"embeddable":true,"href":"http:\/\/jesuitasburgos.es\/biblioteca\/index.php?rest_route=%2Fwp%2Fv2%2Fcomments&post=232"}],"version-history":[{"count":0,"href":"http:\/\/jesuitasburgos.es\/biblioteca\/index.php?rest_route=\/wp\/v2\/posts\/232\/revisions"}],"wp:attachment":[{"href":"http:\/\/jesuitasburgos.es\/biblioteca\/index.php?rest_route=%2Fwp%2Fv2%2Fmedia&parent=232"}],"wp:term":[{"taxonomy":"category","embeddable":true,"href":"http:\/\/jesuitasburgos.es\/biblioteca\/index.php?rest_route=%2Fwp%2Fv2%2Fcategories&post=232"},{"taxonomy":"post_tag","embeddable":true,"href":"http:\/\/jesuitasburgos.es\/biblioteca\/index.php?rest_route=%2Fwp%2Fv2%2Ftags&post=232"}],"curies":[{"name":"wp","href":"https:\/\/api.w.org\/{rel}","templated":true}]}}