{"id":229,"date":"2013-01-06T00:45:00","date_gmt":"2013-01-06T00:45:00","guid":{"rendered":"http:\/\/jesuitasburgos.es\/biblioteca\/?p=229"},"modified":"2013-01-06T00:45:00","modified_gmt":"2013-01-06T00:45:00","slug":"callejeros-ortograficos-47","status":"publish","type":"post","link":"http:\/\/jesuitasburgos.es\/biblioteca\/?p=229","title":{"rendered":"CALLEJEROS ORTOGR\u00c1FICOS"},"content":{"rendered":"<p><b><span>E<span>sto dice la RAE:<\/span><\/span><\/b><\/p>\n<p><a href=\"http:\/\/www.blogger.com\/blogger.g?blogID=8379197496232711797\" name=\"ap22\"><b>Tilde en las may\u00fasculas<\/b><\/a><\/p>\n<div align=\"JUSTIFY\">\u00a0\u00a0Las  letras may\u00fasculas deben escribirse con tilde si les corresponde  llevarla seg\u00fan las reglas de acentuaci\u00f3n gr\u00e1fica del espa\u00f1ol, tanto si  se trata de palabras escritas en su totalidad con may\u00fasculas como si se  trata \u00fanicamente de la may\u00fascula inicial:<\/div>\n<div align=\"JUSTIFY\">\u00a0\u00a0<i>Su hijo se llama \u00c1ngel.<br \/>\u00a0\u00a0ADMINISTRACI\u00d3N<\/i><br \/><i>\u00a0\u00a0ATENCI\u00d3N, POR FAVOR.<\/i><\/div>\n<div align=\"JUSTIFY\">\u00a0\u00a0La Real Academia Espa\u00f1ola nunca ha establecido una norma en sentido contrario.<\/div>\n<div align=\"JUSTIFY\">\u00a0\u00a0La  acentuaci\u00f3n gr\u00e1fica de las letras may\u00fasculas no es opcional, sino  obligatoria, y afecta a cualquier tipo de texto. Las \u00fanicas may\u00fasculas  que no se acent\u00faan son las que forman parte de las siglas; as\u00ed, <i>CIA<\/i> (sigla del ingl\u00e9s <i>Central Intelligence Agency<\/i>)  no lleva tilde, aunque el hiato entre la vocal cerrada t\u00f3nica y la  vocal abierta \u00e1tona exigir\u00eda, seg\u00fan las reglas de acentuaci\u00f3n, tildar la  <i>i<\/i>.<\/div>\n<div><\/div>\n<table align=\"center\" cellpadding=\"0\" cellspacing=\"0\">\n<tbody>\n<tr>\n<td><a href=\"https:\/\/i0.wp.com\/1.bp.blogspot.com\/-uM-YLnQwZ3k\/UOjILkcYJjI\/AAAAAAAAAuM\/vrDzrjuvHjo\/s1600\/P1010015.JPG\" imageanchor=\"1\"><img decoding=\"async\" loading=\"lazy\" border=\"0\" height=\"240\" src=\"https:\/\/i0.wp.com\/1.bp.blogspot.com\/-uM-YLnQwZ3k\/UOjILkcYJjI\/AAAAAAAAAuM\/vrDzrjuvHjo\/s320\/P1010015.JPG?resize=320%2C240\" width=\"320\"  data-recalc-dims=\"1\"><\/a><\/td>\n<\/tr>\n<tr>\n<td>Imaginamos que es cosa del \u00abbichito cometildes\u00bb, que campa a sus anchas por las calles burgalesas<\/td>\n<\/tr>\n<\/tbody>\n<\/table>\n","protected":false},"excerpt":{"rendered":"<p>Esto dice la RAE: Tilde en las may\u00fasculas \u00a0\u00a0Las letras may\u00fasculas deben escribirse con tilde si les corresponde llevarla seg\u00fan<\/p>\n","protected":false},"author":1,"featured_media":0,"comment_status":"open","ping_status":"open","sticky":false,"template":"","format":"standard","meta":{"jetpack_post_was_ever_published":false,"jetpack_publicize_message":"","jetpack_is_tweetstorm":false,"jetpack_publicize_feature_enabled":true,"jetpack_social_post_already_shared":false,"jetpack_social_options":{"image_generator_settings":{"template":"highway","enabled":false}}},"categories":[17,3,18,14],"tags":[],"jetpack_publicize_connections":[],"jetpack_featured_media_url":"","jetpack_sharing_enabled":true,"jetpack_shortlink":"https:\/\/wp.me\/p5H2Oh-3H","jetpack-related-posts":[{"id":177,"url":"http:\/\/jesuitasburgos.es\/biblioteca\/?p=177","url_meta":{"origin":229,"position":0},"title":"CALLEJEROS ORTOGR\u00c1FICOS","date":"19 febrero, 2013","format":false,"excerpt":"Pedro Bravo nos env\u00eda fotos de la carta de una conocida cadena de restaurantes burgaleses. Las may\u00fasculas brillan por su ausencia en algunos casos y las palabras tiramis\u00fa y nestl\u00e9 deben llevar tilde por ser agudas y terminar en vocal. Gracias, Pedro por participar en el blog.","rel":"","context":"En \u00abAlumnos\u00bb","img":{"alt_text":"","src":"https:\/\/i0.wp.com\/1.bp.blogspot.com\/-0DtQSHb9-1c\/USLSXNtUYII\/AAAAAAAABOM\/pUOkGLxrEu0\/s400\/IMG-20130119-00186.jpg?resize=350%2C200","width":350,"height":200},"classes":[]},{"id":507,"url":"http:\/\/jesuitasburgos.es\/biblioteca\/?p=507","url_meta":{"origin":229,"position":1},"title":"CALLEJEROS ORTOGR\u00c1FICOS","date":"11 octubre, 2013","format":false,"excerpt":"Nuria \u00cd\u00f1igo de 1\u00ba ESO A quiere recordarnos que las may\u00fasculas siguen llevando tilde aunque se nos intente convencer de los contrario.","rel":"","context":"En \u00abCallejeros ortogr\u00e1ficos\u00bb","img":{"alt_text":"","src":"https:\/\/i0.wp.com\/jesuitasburgos.es\/biblioteca\/wp-content\/uploads\/2013\/10\/nURIA-i\u00c3\u0091IGO-300x225.jpeg?resize=350%2C200","width":350,"height":200},"classes":[]},{"id":1285,"url":"http:\/\/jesuitasburgos.es\/biblioteca\/?p=1285","url_meta":{"origin":229,"position":2},"title":"CALLEJEROS ORTOGR\u00c1FICOS","date":"15 enero, 2014","format":false,"excerpt":"Bruno \u00c1lvarez se\u00a0 ha recorrido una calle enterita buscando faltas de ortograf\u00eda y ha encontrado unas cuantas. \u00bfAdivin\u00e1is la calle? S\u00cd, LAS MAY\u00daSCULAS TAMBI\u00c9N LLEVAN TILDE... \u00a0","rel":"","context":"En \u00abAlumnos\u00bb","img":{"alt_text":"","src":"https:\/\/i0.wp.com\/jesuitasburgos.es\/biblioteca\/wp-content\/uploads\/2014\/01\/673-300x225.jpg?resize=350%2C200","width":350,"height":200},"classes":[]},{"id":136,"url":"http:\/\/jesuitasburgos.es\/biblioteca\/?p=136","url_meta":{"origin":229,"position":3},"title":"CALLEJEROS ORTOGR\u00c1FICOS","date":"21 marzo, 2013","format":false,"excerpt":"Jairo Luis P\u00e9rez, Angy Arribas y Migsai33 nos env\u00edan estas fotos para demostrarnos que las may\u00fasculas tambi\u00e9n deben llevar tilde, a pesar de la \"leyenda urbana\" que corre por nuestra ciudad y que justifica lo contrario. Gracias, chicos.","rel":"","context":"En \u00abAlumnos\u00bb","img":{"alt_text":"","src":"https:\/\/i0.wp.com\/4.bp.blogspot.com\/-FwgsO0iuPIA\/UUpkRct65aI\/AAAAAAAABZ4\/SXQn7UW1xsU\/s320\/2013-03-20+09.53.57.jpg?resize=350%2C200","width":350,"height":200},"classes":[]},{"id":22,"url":"http:\/\/jesuitasburgos.es\/biblioteca\/?p=22","url_meta":{"origin":229,"position":4},"title":"CALLEJEROS ORTOGR\u00c1FICOS","date":"18 junio, 2013","format":false,"excerpt":"Pedro Roque Cuevas Olarte nos demuestra una vez m\u00e1s que las tildes no son la especialidad de los burgaleses. Insistimos en la necesidad de acentuar las letras may\u00fasculas.","rel":"","context":"En \u00abAlumnos\u00bb","img":{"alt_text":"","src":"https:\/\/i0.wp.com\/3.bp.blogspot.com\/-CGuKKcNpU8o\/Ub-5hohkdWI\/AAAAAAAACCA\/cB84TFvkFTg\/s400\/2013-05-17+20.40.46.jpg?resize=350%2C200","width":350,"height":200},"classes":[]},{"id":70,"url":"http:\/\/jesuitasburgos.es\/biblioteca\/?p=70","url_meta":{"origin":229,"position":5},"title":"CALLEJEROS ORTOGR\u00c1FICOS","date":"2 mayo, 2013","format":false,"excerpt":"\u00c1lvaro Hernando nos env\u00eda esta curiosa foto tomada en nuestra ciudad.La di\u00e9resis no es necesaria en este caso: la \"u\" se pronuncia de todas formas. Otro caso distinto ser\u00eda la palabra \"antig\u00fcedad\".Esto dice la RAE:Di\u00e9resis. Signo ortogr\u00e1fico auxiliar, tambi\u00e9n llamado crema, representado por dos puntos (\u00a8) que se disponen horizontalmente\u2026","rel":"","context":"En \u00abAlumnos\u00bb","img":{"alt_text":"","src":"https:\/\/i0.wp.com\/3.bp.blogspot.com\/-gE2RxfuIPQY\/UYG-lazQKmI\/AAAAAAAABzc\/U7NFw3EDTQE\/s400\/DSC00014.JPG?resize=350%2C200","width":350,"height":200},"classes":[]}],"jetpack_likes_enabled":true,"_links":{"self":[{"href":"http:\/\/jesuitasburgos.es\/biblioteca\/index.php?rest_route=\/wp\/v2\/posts\/229"}],"collection":[{"href":"http:\/\/jesuitasburgos.es\/biblioteca\/index.php?rest_route=\/wp\/v2\/posts"}],"about":[{"href":"http:\/\/jesuitasburgos.es\/biblioteca\/index.php?rest_route=\/wp\/v2\/types\/post"}],"author":[{"embeddable":true,"href":"http:\/\/jesuitasburgos.es\/biblioteca\/index.php?rest_route=\/wp\/v2\/users\/1"}],"replies":[{"embeddable":true,"href":"http:\/\/jesuitasburgos.es\/biblioteca\/index.php?rest_route=%2Fwp%2Fv2%2Fcomments&post=229"}],"version-history":[{"count":0,"href":"http:\/\/jesuitasburgos.es\/biblioteca\/index.php?rest_route=\/wp\/v2\/posts\/229\/revisions"}],"wp:attachment":[{"href":"http:\/\/jesuitasburgos.es\/biblioteca\/index.php?rest_route=%2Fwp%2Fv2%2Fmedia&parent=229"}],"wp:term":[{"taxonomy":"category","embeddable":true,"href":"http:\/\/jesuitasburgos.es\/biblioteca\/index.php?rest_route=%2Fwp%2Fv2%2Fcategories&post=229"},{"taxonomy":"post_tag","embeddable":true,"href":"http:\/\/jesuitasburgos.es\/biblioteca\/index.php?rest_route=%2Fwp%2Fv2%2Ftags&post=229"}],"curies":[{"name":"wp","href":"https:\/\/api.w.org\/{rel}","templated":true}]}}