{"id":219,"date":"2013-01-19T01:50:00","date_gmt":"2013-01-19T01:50:00","guid":{"rendered":"http:\/\/jesuitasburgos.es\/biblioteca\/?p=219"},"modified":"2013-01-19T01:50:00","modified_gmt":"2013-01-19T01:50:00","slug":"poesia-matematica","status":"publish","type":"post","link":"http:\/\/jesuitasburgos.es\/biblioteca\/?p=219","title":{"rendered":"POES\u00cdA MATEM\u00c1TICA"},"content":{"rendered":"<p><b>Iniciamos el trimestre de la ciencia con este poema con tema matem\u00e1tico. Est\u00e1is todos invitados a enviarnos art\u00edculos, recomendaciones o lo que os parezca conveniente para publicarlo en el blog. <\/b><\/p>\n<p><\/p>\n<div><span><span><span lang=\"es-ES\"><b>Oda al n\u00famero 0<\/b><\/span><\/span><\/span><\/div>\n<div><\/div>\n<div><span><span><span lang=\"es-ES\">Redonda negaci\u00f3n, la nada existe<\/span><\/span><\/span><\/div>\n<div><span><span><span lang=\"es-ES\">encerrada en tu c\u00edrculo profundo<\/span><\/span><\/span><\/div>\n<div><span><span><span lang=\"es-ES\">y ruedas derrotado por el mundo<\/span><\/span><\/span><\/div>\n<div><span><span><span lang=\"es-ES\">que te dio la verdad que no quisiste.<\/span><\/span><\/span><\/div>\n<div><\/div>\n<div><span><span><span lang=\"es-ES\">Como una luna llena es tu figura<\/span><\/span><\/span><\/div>\n<div><span><span><span lang=\"es-ES\">grabada en el papel a tinta y sue\u00f1o.<\/span><\/span><\/span><\/div>\n<div><span><span><span lang=\"es-ES\">Due\u00f1o de ti te niegas a ser due\u00f1o<\/span><\/span><\/span><\/div>\n<div><span><span><span lang=\"es-ES\">de toda la extensi\u00f3n de la blancura.<\/span><\/span><\/span><\/div>\n<div><\/div>\n<div><span><span><span lang=\"es-ES\">Tu coraz\u00f3n inm\u00f3vil y vac\u00edo<\/span><\/span><\/span><\/div>\n<div><span><span><span lang=\"es-ES\">ha perdido la sangre que no tuvo.<\/span><\/span><\/span><\/div>\n<div><span><span><span lang=\"es-ES\">Es in\u00fatil segar donde no hubo<\/span><\/span><\/span><\/div>\n<div><span><span><span lang=\"es-ES\">m\u00e1s que un cuerpo en el cuerpo sin bald\u00edo.<\/span><\/span><\/span><\/div>\n<div><\/div>\n<div><span><span><span lang=\"es-ES\">Redonda negaci\u00f3n, redonda esencia<\/span><\/span><\/span><\/div>\n<div><span><span><span lang=\"es-ES\">que no ha podido ser ni ha pretendido.<\/span><\/span><\/span><\/div>\n<div><span><span><span lang=\"es-ES\">S\u00f3lo la nada sue\u00f1a no haber sido<\/span><\/span><\/span><\/div>\n<div><span><span><span lang=\"es-ES\">porque no ser es ser en tu existencia.<\/span><\/span><\/span><\/div>\n<div><span><span><span lang=\"es-ES\">\u00a0\u00a0\u00a0\u00a0\u00a0\u00a0\u00a0\u00a0\u00a0\u00a0\u00a0\u00a0\u00a0\u00a0\u00a0\u00a0\u00a0\u00a0\u00a0\u00a0\u00a0\u00a0\u00a0\u00a0\u00a0\u00a0\u00a0\u00a0\u00a0 Enrique Mor\u00f3n<\/span><\/span><\/span><\/div>\n","protected":false},"excerpt":{"rendered":"<p>Iniciamos el trimestre de la ciencia con este poema con tema matem\u00e1tico. Est\u00e1is todos invitados a enviarnos art\u00edculos, recomendaciones o<\/p>\n","protected":false},"author":1,"featured_media":0,"comment_status":"open","ping_status":"open","sticky":false,"template":"","format":"standard","meta":{"jetpack_post_was_ever_published":false,"jetpack_publicize_message":"","jetpack_is_tweetstorm":false,"jetpack_publicize_feature_enabled":true,"jetpack_social_post_already_shared":false,"jetpack_social_options":{"image_generator_settings":{"template":"highway","enabled":false}}},"categories":[29,34],"tags":[],"jetpack_publicize_connections":[],"jetpack_featured_media_url":"","jetpack_sharing_enabled":true,"jetpack_shortlink":"https:\/\/wp.me\/p5H2Oh-3x","jetpack-related-posts":[{"id":218,"url":"http:\/\/jesuitasburgos.es\/biblioteca\/?p=218","url_meta":{"origin":219,"position":0},"title":"OCUPACCI\u00d3N PO\u00c9TICA","date":"19 enero, 2013","format":false,"excerpt":"\u00a0Ya durante el curso pasado se realizaron actividades en nuestro colegio que intentaban aunar la Literatura y las Ciencias.\u00a0Como muestra esta publicaci\u00f3n del Congreso Nacional de Bibliotecas en la que aparece Ocupacci\u00f3n po\u00e9tica, actividad planificada por\u00a0 Rosa Mart\u00edn y Gema Puente con dos secciones de 4\u00ba ESO y 3\u00ba ESO\u2026","rel":"","context":"En \u00abAlumnos\u00bb","img":{"alt_text":"","src":"","width":0,"height":0},"classes":[]},{"id":204,"url":"http:\/\/jesuitasburgos.es\/biblioteca\/?p=204","url_meta":{"origin":219,"position":1},"title":"POEMA &#8211; RETO","date":"28 enero, 2013","format":false,"excerpt":"Buscamos soluci\u00f3n a este poema. Mirad a ver si lo consegu\u00eds.\u00a0Enviadlas a bibliotecajesuitasburgos@gmail.com EL LADR\u00d3N DE NARANJAS\u00a0Un ladr\u00f3n un cesto de naranjasdel mercado rob\u00f3y por entre los huertos escap\u00f3;al saltar una valla,la mitad m\u00e1s media perdi\u00f3;perseguido por un perro,la mitad menos media abandon\u00f3;tropez\u00f3 en una cuerda,la mitad m\u00e1s media desparram\u00f3;en\u2026","rel":"","context":"En \u00abAlumnos\u00bb","img":{"alt_text":"","src":"","width":0,"height":0},"classes":[]},{"id":79,"url":"http:\/\/jesuitasburgos.es\/biblioteca\/?p=79","url_meta":{"origin":219,"position":2},"title":"PREMIOS TRIMESTRE DE LA CIENCIA","date":"27 abril, 2013","format":false,"excerpt":"\u00a0Os dejamos aqu\u00ed un par de fotos m\u00e1s de la entrega de premios del Trimestre de la Ciencia.En la primera podemos ver a Silvia Romero feliz con la camiseta de la selecci\u00f3n espa\u00f1ola y en la segunda el ambientazo que hubo en nuestra biblioteca.Todav\u00eda queda la entrega de junio. \u00a1\u00c1nimo!","rel":"","context":"En \u00abAlumnos\u00bb","img":{"alt_text":"","src":"https:\/\/i0.wp.com\/4.bp.blogspot.com\/-8qyqT7CAIrA\/UXxUytn_T1I\/AAAAAAAABv4\/TuLjvnOc-28\/s320\/IMG_20130410_111614.jpg?resize=350%2C200","width":350,"height":200},"classes":[]},{"id":217,"url":"http:\/\/jesuitasburgos.es\/biblioteca\/?p=217","url_meta":{"origin":219,"position":3},"title":"ENTREGA DE PREMIOS TRIMESTRE TEM\u00c1TICO LITERATURA Y DEPORTE","date":"20 enero, 2013","format":false,"excerpt":"\u00a1Hola de nuevo! Este viernes 18 de enero a las 11 de la ma\u00f1ana os recibir\u00e9 encantada para\u00a0 entregaros\u00a0 los premios correspondientes al trimestre tem\u00e1tico del deporte.\u00a0 Aprovechar\u00e9, tambi\u00e9n, para presentar el tema del segundo trimestre: la ciencia; adem\u00e1s, celebraremos las m\u00e1s de cinco mil visitas que ya ha tenido\u2026","rel":"","context":"En \u00abAlumnos\u00bb","img":{"alt_text":"","src":"","width":0,"height":0},"classes":[]},{"id":207,"url":"http:\/\/jesuitasburgos.es\/biblioteca\/?p=207","url_meta":{"origin":219,"position":4},"title":"Y T\u00da, \u00bfCU\u00c1NTO DUERMES?","date":"27 enero, 2013","format":false,"excerpt":"Ana Porres, seguidora fiel del blog y de nuestra biblioteca, nos env\u00eda este correo: Este trimestre el tema de la biblioteca est\u00e1 relacionado relativamente con los n\u00fameros y, como en parte, creo que todo lo que hacemos tiene que ver con ellos, aprovecho para enviar un dicho popular, en mi\u2026","rel":"","context":"En \u00abAlumnos\u00bb","img":{"alt_text":"","src":"","width":0,"height":0},"classes":[]},{"id":209,"url":"http:\/\/jesuitasburgos.es\/biblioteca\/?p=209","url_meta":{"origin":219,"position":5},"title":"CAMISETA SELECCI\u00d3N ESPA\u00d1OLA","date":"25 enero, 2013","format":false,"excerpt":"Buenos d\u00edas, chicos:Esta semana he llegado al colegio y me han dicho que pronto\u00a0 alguien\u00a0 me adoptar\u00e1. Creo que soy uno de los premios que se dar\u00e1n a los alumnos que ganen los diferentes retos del Trimestre de la Ciencia que organiza vuestra biblioteca.\u00a0Hace poco tiempo estuve con Iniesta, Xavi,\u2026","rel":"","context":"En \u00abAlumnos\u00bb","img":{"alt_text":"","src":"https:\/\/i0.wp.com\/4.bp.blogspot.com\/-w1oeGYn-o18\/UQHvRRASKcI\/AAAAAAAAA60\/M3YMtG_r_OQ\/s320\/DSC_0020.jpg?resize=350%2C200","width":350,"height":200},"classes":[]}],"jetpack_likes_enabled":true,"_links":{"self":[{"href":"http:\/\/jesuitasburgos.es\/biblioteca\/index.php?rest_route=\/wp\/v2\/posts\/219"}],"collection":[{"href":"http:\/\/jesuitasburgos.es\/biblioteca\/index.php?rest_route=\/wp\/v2\/posts"}],"about":[{"href":"http:\/\/jesuitasburgos.es\/biblioteca\/index.php?rest_route=\/wp\/v2\/types\/post"}],"author":[{"embeddable":true,"href":"http:\/\/jesuitasburgos.es\/biblioteca\/index.php?rest_route=\/wp\/v2\/users\/1"}],"replies":[{"embeddable":true,"href":"http:\/\/jesuitasburgos.es\/biblioteca\/index.php?rest_route=%2Fwp%2Fv2%2Fcomments&post=219"}],"version-history":[{"count":0,"href":"http:\/\/jesuitasburgos.es\/biblioteca\/index.php?rest_route=\/wp\/v2\/posts\/219\/revisions"}],"wp:attachment":[{"href":"http:\/\/jesuitasburgos.es\/biblioteca\/index.php?rest_route=%2Fwp%2Fv2%2Fmedia&parent=219"}],"wp:term":[{"taxonomy":"category","embeddable":true,"href":"http:\/\/jesuitasburgos.es\/biblioteca\/index.php?rest_route=%2Fwp%2Fv2%2Fcategories&post=219"},{"taxonomy":"post_tag","embeddable":true,"href":"http:\/\/jesuitasburgos.es\/biblioteca\/index.php?rest_route=%2Fwp%2Fv2%2Ftags&post=219"}],"curies":[{"name":"wp","href":"https:\/\/api.w.org\/{rel}","templated":true}]}}