{"id":2122,"date":"2014-12-11T00:10:55","date_gmt":"2014-12-11T00:10:55","guid":{"rendered":"http:\/\/jesuitasburgos.es\/biblioteca\/?p=2122"},"modified":"2014-12-16T00:03:54","modified_gmt":"2014-12-16T00:03:54","slug":"club-de-lectura-de-primaria-4","status":"publish","type":"post","link":"http:\/\/jesuitasburgos.es\/biblioteca\/?p=2122","title":{"rendered":"CLUB DE LECTURA DE PRIMARIA"},"content":{"rendered":"<p>Los alumnos de 5\u00ba EPO, durante el mes de noviembre, han le\u00eddo el libro <strong>\u201cCORAZ\u00d3N DE PIEDRA\u201d<\/strong> El autor es <strong>Agust\u00edn Fern\u00e1ndez Paz. <\/strong>Editorial <strong>Oxford.<\/strong><\/p>\n<p><strong>\u00a0\u00a0\u00a0\u00a0\u00a0\u00a0\u00a0\u00a0\u00a0\u00a0\u00a0 <\/strong>Es un relato que nos introduce en el maravilloso mundo de los dragones que en teor\u00eda est\u00e1n extinguidos, pero para Brenda, la protagonista del cuento es indiscutible que s\u00ed existen y a ellos entrega todo su inter\u00e9s e imaginaci\u00f3n.<\/p>\n<p>Las <strong>ilustraciones <\/strong>son de <strong>Federico Delicado. <\/strong>Son <a href=\"https:\/\/i0.wp.com\/jesuitasburgos.es\/biblioteca\/wp-content\/uploads\/2014\/12\/historia.jpg\"><img decoding=\"async\" loading=\"lazy\" class=\"alignright wp-image-2126 size-medium\" src=\"https:\/\/i0.wp.com\/jesuitasburgos.es\/biblioteca\/wp-content\/uploads\/2014\/12\/historia-300x230.jpg?resize=300%2C230\" alt=\"historia\" width=\"300\" height=\"230\" data-recalc-dims=\"1\" \/><\/a>sorprendentes y destacan el aspecto prodigioso del cuento, la espera de la ni\u00f1a, el deseo de despertar al drag\u00f3n y el deseo de que el sue\u00f1o se haga realidad.<\/p>\n<p><strong>En esta ocasi\u00f3n los alumnos hablan de los personajes y les han dibujado. Tambi\u00e9n expresan su opini\u00f3n sobre el libro.<\/strong><\/p>\n<p><strong>PERSONAJES<\/strong><\/p>\n<p><strong>\u00a0\u00a0\u00a0\u00a0\u00a0\u00a0\u00a0\u00a0\u00a0\u00a0\u00a0 <\/strong><strong>BRENDA<\/strong> es la protagonista del cuento. Es curiosa y <a href=\"https:\/\/i0.wp.com\/jesuitasburgos.es\/biblioteca\/wp-content\/uploads\/2014\/12\/brenda.jpg\"><img decoding=\"async\" loading=\"lazy\" class=\"alignright wp-image-2123 size-medium\" src=\"https:\/\/i0.wp.com\/jesuitasburgos.es\/biblioteca\/wp-content\/uploads\/2014\/12\/brenda-207x300.jpg?resize=207%2C300\" alt=\"brenda\" width=\"207\" height=\"300\" data-recalc-dims=\"1\" \/><\/a>observadora. Le encantan los dragones y escribe un cuento sobre ellos. Su profesora le ha puesto un sobresaliente. A su padre no le gusta que Brenda sea una ni\u00f1a diferente y que est\u00e9 tan obsesionada con los dragones.<\/p>\n<p>&nbsp;<\/p>\n<p>&nbsp;<\/p>\n<p>&nbsp;<\/p>\n<p><strong>VIOLETA<\/strong> es la persona que les recibe en la casa rural con mucho<\/p>\n<p><a href=\"https:\/\/i0.wp.com\/jesuitasburgos.es\/biblioteca\/wp-content\/uploads\/2014\/12\/violeta.jpg\"><img decoding=\"async\" loading=\"lazy\" class=\"alignright wp-image-2124 size-medium\" src=\"https:\/\/i0.wp.com\/jesuitasburgos.es\/biblioteca\/wp-content\/uploads\/2014\/12\/violeta-300x224.jpg?resize=300%2C224\" alt=\"violeta\" width=\"300\" height=\"224\" data-recalc-dims=\"1\" \/><\/a>cari\u00f1o y a Brenda le inspira mucha confianza. Gracias a ella conoce una leyenda que habla de un fiero drag\u00f3n y de su misteriosa desaparici\u00f3n. Brenda se lo pasa muy bien con ella porque le hace pasar buenos momentos.<\/p>\n<p><strong>EL ESCRITOR<\/strong> es una persona mayor, cara delgada, pelo blanco <a href=\"https:\/\/i0.wp.com\/jesuitasburgos.es\/biblioteca\/wp-content\/uploads\/2014\/12\/el-escritor2.jpg\"><img decoding=\"async\" loading=\"lazy\" class=\"alignright wp-image-2125 size-medium\" src=\"https:\/\/i0.wp.com\/jesuitasburgos.es\/biblioteca\/wp-content\/uploads\/2014\/12\/el-escritor2-193x300.jpg?resize=193%2C300\" alt=\"el escritor2\" width=\"193\" height=\"300\" data-recalc-dims=\"1\" \/><\/a>porlos lados y bigote. Lleva unas gafas pasadas de moda y est\u00e1<br \/>\nalojado en la casa rural. Sigue a Brenda a todas partes y la observa de una manera disimulada. Es un personaje un tanto misterioso.<\/p>\n<p>&nbsp;<\/p>\n<p>&nbsp;<\/p>\n<p>&nbsp;<\/p>\n<p><strong>OPINI\u00d3N SOBRE EL LIBRO.<\/strong><\/p>\n<p>Es un libro muy interesante porque habla de dragones. Brenda est\u00e1\u00a0fascinada por ellos. Sabe muy bien c\u00f3mo eran pero no entiende por qu\u00e9 se han extinguido. Es un cuento de intriga porque pasan cosas que son inesperadas. Te engancha porque hay un extra\u00f1o escritor y una piedra con forma de drag\u00f3n que a\u00f1ade m\u00e1s misterio a la situaci\u00f3n. Las ilustraciones son fant\u00e1sticas.<\/p>\n<p>Est\u00e1 muy bien escrito y es de mucha imaginaci\u00f3n.<\/p>\n<p>Los alumnos de 5\u00ba EPO del Club de Lectura os animamos a que lo le\u00e1is. Est\u00e1 en la Biblioteca del colegio.<\/p>\n<p><strong>Feliz Navidad.<\/strong><\/p>\n","protected":false},"excerpt":{"rendered":"<p>Los alumnos de 5\u00ba EPO, durante el mes de noviembre, han le\u00eddo el libro \u201cCORAZ\u00d3N DE PIEDRA\u201d El autor es<\/p>\n","protected":false},"author":1,"featured_media":0,"comment_status":"open","ping_status":"open","sticky":false,"template":"","format":"standard","meta":{"jetpack_post_was_ever_published":false,"jetpack_publicize_message":"","jetpack_is_tweetstorm":false,"jetpack_publicize_feature_enabled":true,"jetpack_social_post_already_shared":false,"jetpack_social_options":{"image_generator_settings":{"template":"highway","enabled":false}}},"categories":[8,26,11,25],"tags":[],"jetpack_publicize_connections":[],"jetpack_featured_media_url":"","jetpack_sharing_enabled":true,"jetpack_shortlink":"https:\/\/wp.me\/p5H2Oh-ye","jetpack-related-posts":[{"id":202,"url":"http:\/\/jesuitasburgos.es\/biblioteca\/?p=202","url_meta":{"origin":2122,"position":0},"title":"ANIMACI\u00d3N A LA LECTURA EN PRIMARIA","date":"4 febrero, 2013","format":false,"excerpt":"Desde este blog queremos felicitar a Mayka por intentar que las nuevas generaciones lean a\u00fan m\u00e1s. Gracias por ello y por hacernos part\u00edcipes de esta interesante actividad. La animaci\u00f3n a la lectura hace referencia a todas aquellas actividades que pueden conducir a una persona a descubrir la importancia, el sentido\u2026","rel":"","context":"En \u00abAlumnos\u00bb","img":{"alt_text":"","src":"https:\/\/i0.wp.com\/4.bp.blogspot.com\/-2bf_UYIguns\/UQ8VBOeeJqI\/AAAAAAAAA-s\/LNNnD2lv0-I\/s320\/IMG_3965.JPG?resize=350%2C200","width":350,"height":200},"classes":[]},{"id":1964,"url":"http:\/\/jesuitasburgos.es\/biblioteca\/?p=1964","url_meta":{"origin":2122,"position":1},"title":"COMPONENTES DEL CLUB DE LECTURA DE PRIMARIA","date":"17 junio, 2014","format":false,"excerpt":"Estos son los chicos del club de lectura de 5\u00ba y 6\u00ba de Primaria que han trabajado y disfrutado con Mayka este curso. \u00a1Enhorabuena por vivir\u00a0 la lectura de esta manera y compartirlo con nosotros!","rel":"","context":"En \u00abAlumnos\u00bb","img":{"alt_text":"Club de lectura 001","src":"https:\/\/i0.wp.com\/jesuitasburgos.es\/biblioteca\/wp-content\/uploads\/2014\/06\/Club-de-lectura-001-1024x768.jpg?resize=350%2C200","width":350,"height":200},"classes":[]},{"id":2911,"url":"http:\/\/jesuitasburgos.es\/biblioteca\/?p=2911","url_meta":{"origin":2122,"position":2},"title":"Club de lectura Primaria. 2015 \u201cA\u00f1o cervantino\u201d","date":"9 junio, 2015","format":false,"excerpt":"Como sab\u00e9is este a\u00f1o 2015 se celebra el cuarto centenario de la publicaci\u00f3n de la segunda parte de El Quijote mientras que en 2016 se cumplir\u00e1n cuatrocientos a\u00f1os de la muerte de Miguel de Cervantes que fue el d\u00eda 22 de Abril de 1616. Los alumnos del Club de Lectura\u2026","rel":"","context":"En \u00abAlumnos\u00bb","img":{"alt_text":"","src":"https:\/\/i0.wp.com\/jesuitasburgos.es\/biblioteca\/wp-content\/uploads\/2015\/06\/41.bmp?resize=350%2C200","width":350,"height":200},"classes":[]},{"id":40,"url":"http:\/\/jesuitasburgos.es\/biblioteca\/?p=40","url_meta":{"origin":2122,"position":3},"title":"CLUB DE LECTURA DE PRIMARIA","date":"4 junio, 2013","format":false,"excerpt":"Mayka se encarga de cuidar nuestra cantera de peque\u00f1os lectores; parece que todos disfrutan un mont\u00f3n leyendo... CLUB DE LECTURAEl d\u00eda 23 de Mayofue el \u00faltimo d\u00eda de nuestro Club de Lectura. Lo que hicimos fue una especie de evaluaci\u00f3n de lo que hab\u00eda significado para los alumnos y para\u2026","rel":"","context":"En \u00abAlumnos\u00bb","img":{"alt_text":"","src":"https:\/\/i0.wp.com\/4.bp.blogspot.com\/-oU3kdsL-0u8\/Ua0-v8-V03I\/AAAAAAAAB9E\/OyjF_3M-ZDI\/s320\/IMG_5108.JPG?resize=350%2C200","width":350,"height":200},"classes":[]},{"id":1954,"url":"http:\/\/jesuitasburgos.es\/biblioteca\/?p=1954","url_meta":{"origin":2122,"position":4},"title":"EVALUACI\u00d3N CLUB DE LECTURA DE PRIMARIA","date":"17 junio, 2014","format":false,"excerpt":"EVALUACI\u00d3N DEL CLUB DE LECTURA. (Alumnos de 5\u00ba EPO) El Club de Lectura me ha gustado mucho. La experiencia ha sido inmejorable porque hemos le\u00eddo libros muy imaginativos. Es muy importante apuntarse porque te ayuda a desarrollar la imaginaci\u00f3n y aumentar el vocabulario. Los libros est\u00e1n muy bien elegidos; son\u2026","rel":"","context":"En \u00abAlumnos\u00bb","img":{"alt_text":"","src":"https:\/\/i0.wp.com\/jesuitasburgos.es\/biblioteca\/wp-content\/uploads\/2014\/06\/ANDANZAS.jpg?resize=350%2C200","width":350,"height":200},"classes":[]},{"id":2057,"url":"http:\/\/jesuitasburgos.es\/biblioteca\/?p=2057","url_meta":{"origin":2122,"position":5},"title":"CLUB DE LECTURA DE PRIMARIA","date":"13 noviembre, 2014","format":false,"excerpt":"Un curso m\u00e1s hemos puesto en marcha la actividad\u00a0 \u201cClub de Lectura\u201d para los alumnos de 5\u00ba y 6\u00ba de Educaci\u00f3n Primaria. Ha empezado a funcionar muy bien y en estos momentos hay apuntados 12 alumnos en 5\u00ba EPO y 10 alumnos en 6\u00ba EPO. Les ha costado un poco\u2026","rel":"","context":"En \u00abAlumnos\u00bb","img":{"alt_text":"","src":"https:\/\/i0.wp.com\/jesuitasburgos.es\/biblioteca\/wp-content\/uploads\/2014\/11\/club-lectura2014-1-300x200.png?resize=350%2C200","width":350,"height":200},"classes":[]}],"jetpack_likes_enabled":true,"_links":{"self":[{"href":"http:\/\/jesuitasburgos.es\/biblioteca\/index.php?rest_route=\/wp\/v2\/posts\/2122"}],"collection":[{"href":"http:\/\/jesuitasburgos.es\/biblioteca\/index.php?rest_route=\/wp\/v2\/posts"}],"about":[{"href":"http:\/\/jesuitasburgos.es\/biblioteca\/index.php?rest_route=\/wp\/v2\/types\/post"}],"author":[{"embeddable":true,"href":"http:\/\/jesuitasburgos.es\/biblioteca\/index.php?rest_route=\/wp\/v2\/users\/1"}],"replies":[{"embeddable":true,"href":"http:\/\/jesuitasburgos.es\/biblioteca\/index.php?rest_route=%2Fwp%2Fv2%2Fcomments&post=2122"}],"version-history":[{"count":6,"href":"http:\/\/jesuitasburgos.es\/biblioteca\/index.php?rest_route=\/wp\/v2\/posts\/2122\/revisions"}],"predecessor-version":[{"id":2144,"href":"http:\/\/jesuitasburgos.es\/biblioteca\/index.php?rest_route=\/wp\/v2\/posts\/2122\/revisions\/2144"}],"wp:attachment":[{"href":"http:\/\/jesuitasburgos.es\/biblioteca\/index.php?rest_route=%2Fwp%2Fv2%2Fmedia&parent=2122"}],"wp:term":[{"taxonomy":"category","embeddable":true,"href":"http:\/\/jesuitasburgos.es\/biblioteca\/index.php?rest_route=%2Fwp%2Fv2%2Fcategories&post=2122"},{"taxonomy":"post_tag","embeddable":true,"href":"http:\/\/jesuitasburgos.es\/biblioteca\/index.php?rest_route=%2Fwp%2Fv2%2Ftags&post=2122"}],"curies":[{"name":"wp","href":"https:\/\/api.w.org\/{rel}","templated":true}]}}