{"id":2118,"date":"2014-12-10T23:43:36","date_gmt":"2014-12-10T23:43:36","guid":{"rendered":"http:\/\/jesuitasburgos.es\/biblioteca\/?p=2118"},"modified":"2014-12-10T23:43:36","modified_gmt":"2014-12-10T23:43:36","slug":"microrrelato-de-gonzalo-medina","status":"publish","type":"post","link":"http:\/\/jesuitasburgos.es\/biblioteca\/?p=2118","title":{"rendered":"MICRORRELATO de Gonzalo Medina"},"content":{"rendered":"<p class=\"Standard\" style=\"text-align: center;\" align=\"center\"><span lang=\"DE\" style=\"font-size: 18.0pt; color: maroon;\">VIAJES IMAGINARIOS<\/span><\/p>\n<p class=\"Standard\"><span lang=\"DE\" style=\"font-size: 14.0pt; color: black;\">Volar, viajar, marchar, partir&#8230; Desde mi casa dejo volar mi imaginaci\u00f3n. Me imagino viajando por todas partes, por <a href=\"https:\/\/i0.wp.com\/jesuitasburgos.es\/biblioteca\/wp-content\/uploads\/2014\/12\/imag.jpg\"><img decoding=\"async\" loading=\"lazy\" class=\"alignright size-full wp-image-2119\" src=\"https:\/\/i0.wp.com\/jesuitasburgos.es\/biblioteca\/wp-content\/uploads\/2014\/12\/imag.jpg?resize=259%2C194\" alt=\"imag\" width=\"259\" height=\"194\" data-recalc-dims=\"1\" \/><\/a>todo el universo. De Burgos a Tirana, de Tirana a Chicago, de Chicago a Neptuno, y despu\u00e9s, de vuelta a la Tierra. A la Tierra, mi tierra, mi hogar, en donde puedo dejar volar mi imaginaci\u00f3n.<\/span><\/p>\n<p class=\"Standard\"><span lang=\"DE\" style=\"font-size: 14.0pt; color: black;\">Solo, sin necesidad de nadie m\u00e1s. Conociendo gente y culturas nuevas. Sin nada, pero con todo a mi alrededor. Sin nadie, pero con toda la gente junto a m\u00ed.<\/span><\/p>\n","protected":false},"excerpt":{"rendered":"<p>VIAJES IMAGINARIOS Volar, viajar, marchar, partir&#8230; Desde mi casa dejo volar mi imaginaci\u00f3n. Me imagino viajando por todas partes, por<\/p>\n","protected":false},"author":1,"featured_media":0,"comment_status":"open","ping_status":"open","sticky":false,"template":"","format":"standard","meta":{"jetpack_post_was_ever_published":false,"jetpack_publicize_message":"","jetpack_is_tweetstorm":false,"jetpack_publicize_feature_enabled":true,"jetpack_social_post_already_shared":false,"jetpack_social_options":{"image_generator_settings":{"template":"highway","enabled":false}}},"categories":[8,64],"tags":[],"jetpack_publicize_connections":[],"jetpack_featured_media_url":"","jetpack_sharing_enabled":true,"jetpack_shortlink":"https:\/\/wp.me\/p5H2Oh-ya","jetpack-related-posts":[{"id":4616,"url":"http:\/\/jesuitasburgos.es\/biblioteca\/?p=4616","url_meta":{"origin":2118,"position":0},"title":"Microrrelatos VI Edici\u00f3n: Categor\u00eda E (Bachillerato, Ciclos, Padres y Profesores)","date":"27 junio, 2019","format":false,"excerpt":"Primer premio: Leonor Sebasti\u00e1n SE VENDE Mi pueblo est\u00e1 en venta y se vende con todo: con las eras, la fuente y el pretil; con la iglesia y las tumbas de los que un d\u00eda corrieron por sus calles, mis paisanos; con la escuela de ni\u00f1os y de ni\u00f1as, la\u2026","rel":"","context":"En \u00ab-\u00bb","img":{"alt_text":"","src":"https:\/\/i0.wp.com\/jesuitasburgos.es\/biblioteca\/wp-content\/uploads\/2019\/06\/CatE_1-e1561623838194.jpg?fit=1200%2C585&resize=350%2C200","width":350,"height":200},"classes":[]},{"id":4058,"url":"http:\/\/jesuitasburgos.es\/biblioteca\/?p=4058","url_meta":{"origin":2118,"position":1},"title":"Entrevista a \u00c1lex Grijelmo","date":"16 julio, 2017","format":false,"excerpt":"\u00bfC\u00f3mo fue tu vida en este colegio? Muy feliz, me lo pas\u00e9 muy bien en el colegio. La verdad es que la mayor\u00eda de mis mejores recuerdos son futbol\u00edsticos, porque jug\u00e1bamos a todas horas al f\u00fatbol. Hab\u00eda campos de f\u00fatbol que ya no existen, pero afortunadamente ahora hay terrenos de\u2026","rel":"","context":"En \u00abAlumnos\u00bb","img":{"alt_text":"","src":"https:\/\/i0.wp.com\/jesuitasburgos.es\/biblioteca\/wp-content\/uploads\/2017\/07\/Alex-Grijelmo.jpg?fit=640%2C421&resize=350%2C200","width":350,"height":200},"classes":[]},{"id":238,"url":"http:\/\/jesuitasburgos.es\/biblioteca\/?p=238","url_meta":{"origin":2118,"position":2},"title":"LA VOZ DE JESUITAS","date":"31 diciembre, 2012","format":false,"excerpt":"Al contrario que para la mayor\u00eda de vosotros, para m\u00ed la Navidad es un tiempo bastante triste. Nadie viene a visistarme; el colegio est\u00e1 desierto, las aulas y los pasillos sin chicos ni profesores; paso fr\u00edo porque no encienden la calefacci\u00f3n...Este a\u00f1o, por lo menos, lo estoy pasando mejor porque,de\u2026","rel":"","context":"En \u00abAlumnos\u00bb","img":{"alt_text":"","src":"https:\/\/i0.wp.com\/4.bp.blogspot.com\/-4RYK5ZsIdWM\/UNz53CzNAnI\/AAAAAAAAAhc\/0BjkGOodiZo\/s320\/P1010001.JPG?resize=350%2C200","width":350,"height":200},"classes":[]},{"id":812,"url":"http:\/\/jesuitasburgos.es\/biblioteca\/?p=812","url_meta":{"origin":2118,"position":3},"title":"LA IMPORTANCIA DE LLAMARSE \u201cCUATRO\u201d por Manuel Andr\u00e9s","date":"17 noviembre, 2013","format":false,"excerpt":"\u00a0Manuel Andr\u00e9s es uno de nuestros bibliotecarios desde el mes de septiembre. Sabemos que est\u00e1 disfrutando en este nuevo puesto de la misma manera que disfrut\u00f3 de sus 40 a\u00f1os de profesor de Lengua, Literatura y Filosof\u00eda. En diciembre se jubila y seguir\u00e1 disfrutando de la lectura y de las\u2026","rel":"","context":"En \u00abArt\u00edculos de prensa\u00bb","img":{"alt_text":"","src":"https:\/\/i0.wp.com\/jesuitasburgos.es\/biblioteca\/wp-content\/uploads\/2013\/11\/cauderno.jpg?resize=350%2C200","width":350,"height":200},"classes":[]},{"id":5232,"url":"http:\/\/jesuitasburgos.es\/biblioteca\/?p=5232","url_meta":{"origin":2118,"position":4},"title":"Microrrelatos (Categor\u00eda F-Adultos) 2023-2024","date":"24 junio, 2024","format":false,"excerpt":"PRIMER PREMIOLas cosas pod\u00edan haber sucedido de cualquier otra manera y, sin embargo, sucedieron as\u00ed. Yo podr\u00eda haber seguido callando, sumisa, fingiendo normalidad y recibiendo golpes como cada vez que \u00e9l volv\u00eda de la cantina. Podr\u00eda haber pensado en las consecuencias antes de echar mano de la hachuela y poner\u2026","rel":"","context":"En \u00abClub de lectura\u00bb","img":{"alt_text":"","src":"","width":0,"height":0},"classes":[]},{"id":2430,"url":"http:\/\/jesuitasburgos.es\/biblioteca\/?p=2430","url_meta":{"origin":2118,"position":5},"title":"Gracias Pilar, por Eduardo Casta\u00f1\u00f3n","date":"19 febrero, 2015","format":false,"excerpt":"Queridos todos: Me llamo Eduardo Casta\u00f1\u00f3n y soy ex alumno del colegio. Escribo estas l\u00edneas que llevaba tiempo pensando en hacer. Sin embargo, el hecho de que Pilar Quintanilla, \"Pili\" para muchos de nosotros, nos haya dejado estos d\u00edas, me ha animado a hacerlo ahora. _Hace ya 11 a\u00f1os que\u2026","rel":"","context":"En \u00abAntiguos alumnos\u00bb","img":{"alt_text":"","src":"https:\/\/i0.wp.com\/jesuitasburgos.es\/biblioteca\/wp-content\/uploads\/2015\/02\/pilar2.png?fit=1158%2C595&resize=350%2C200","width":350,"height":200},"classes":[]}],"jetpack_likes_enabled":true,"_links":{"self":[{"href":"http:\/\/jesuitasburgos.es\/biblioteca\/index.php?rest_route=\/wp\/v2\/posts\/2118"}],"collection":[{"href":"http:\/\/jesuitasburgos.es\/biblioteca\/index.php?rest_route=\/wp\/v2\/posts"}],"about":[{"href":"http:\/\/jesuitasburgos.es\/biblioteca\/index.php?rest_route=\/wp\/v2\/types\/post"}],"author":[{"embeddable":true,"href":"http:\/\/jesuitasburgos.es\/biblioteca\/index.php?rest_route=\/wp\/v2\/users\/1"}],"replies":[{"embeddable":true,"href":"http:\/\/jesuitasburgos.es\/biblioteca\/index.php?rest_route=%2Fwp%2Fv2%2Fcomments&post=2118"}],"version-history":[{"count":1,"href":"http:\/\/jesuitasburgos.es\/biblioteca\/index.php?rest_route=\/wp\/v2\/posts\/2118\/revisions"}],"predecessor-version":[{"id":2120,"href":"http:\/\/jesuitasburgos.es\/biblioteca\/index.php?rest_route=\/wp\/v2\/posts\/2118\/revisions\/2120"}],"wp:attachment":[{"href":"http:\/\/jesuitasburgos.es\/biblioteca\/index.php?rest_route=%2Fwp%2Fv2%2Fmedia&parent=2118"}],"wp:term":[{"taxonomy":"category","embeddable":true,"href":"http:\/\/jesuitasburgos.es\/biblioteca\/index.php?rest_route=%2Fwp%2Fv2%2Fcategories&post=2118"},{"taxonomy":"post_tag","embeddable":true,"href":"http:\/\/jesuitasburgos.es\/biblioteca\/index.php?rest_route=%2Fwp%2Fv2%2Ftags&post=2118"}],"curies":[{"name":"wp","href":"https:\/\/api.w.org\/{rel}","templated":true}]}}