{"id":2113,"date":"2014-12-10T23:39:47","date_gmt":"2014-12-10T23:39:47","guid":{"rendered":"http:\/\/jesuitasburgos.es\/biblioteca\/?p=2113"},"modified":"2014-12-11T00:12:35","modified_gmt":"2014-12-11T00:12:35","slug":"microrrelatos","status":"publish","type":"post","link":"http:\/\/jesuitasburgos.es\/biblioteca\/?p=2113","title":{"rendered":"MICRORRELATOS"},"content":{"rendered":"<p><strong>Los alumnos de 4\u00ba de ESO est\u00e1n escribiendo microrrelatos en la clase de Lengua. Deben de estar preparando ya el concurso de las fiestas del colegio&#8230;<\/strong><\/p>\n<p><strong>Os dejamos aqu\u00ed el de Jocelyne Chicaiza<\/strong><\/p>\n<p>VIAJE POR EL MAR<\/p>\n<p>El viaje comenz\u00f3 con una gran lluvia. Todas esas gotas proven\u00edan de un desamor.<\/p>\n<p>En el cielo, el segundo d\u00eda, aparecieron rayos y truenos. Me daban miedo y no ten\u00eda a quien acudir. Poco a poco se fueron yendo.<a href=\"https:\/\/i0.wp.com\/jesuitasburgos.es\/biblioteca\/wp-content\/uploads\/2014\/12\/ola.jpg\"><img decoding=\"async\" loading=\"lazy\" class=\"alignright size-full wp-image-2115\" src=\"https:\/\/i0.wp.com\/jesuitasburgos.es\/biblioteca\/wp-content\/uploads\/2014\/12\/ola.jpg?resize=302%2C167\" alt=\"ola\" width=\"302\" height=\"167\" data-recalc-dims=\"1\" \/><\/a><\/p>\n<p>Pens\u00e9 que lo peor ya hab\u00eda pasado, me equivoqu\u00e9. Una ola gigante llen\u00f3 de agua el barco, provocando graves da\u00f1os y problemas. Despu\u00e9s de varios d\u00edas en cubierta no qued\u00f3 rastro de agua por ninguna parte.<\/p>\n<p>Por fin el mar est\u00e1 en calma. En el cielo se ve a las gaviotas volar y en el aire se respira tranquilidad.<\/p>\n","protected":false},"excerpt":{"rendered":"<p>Los alumnos de 4\u00ba de ESO est\u00e1n escribiendo microrrelatos en la clase de Lengua. Deben de estar preparando ya el<\/p>\n","protected":false},"author":1,"featured_media":0,"comment_status":"open","ping_status":"open","sticky":false,"template":"","format":"standard","meta":{"jetpack_post_was_ever_published":false,"jetpack_publicize_message":"","jetpack_is_tweetstorm":false,"jetpack_publicize_feature_enabled":true,"jetpack_social_post_already_shared":false,"jetpack_social_options":{"image_generator_settings":{"template":"highway","enabled":false}}},"categories":[8,64],"tags":[],"jetpack_publicize_connections":[],"jetpack_featured_media_url":"","jetpack_sharing_enabled":true,"jetpack_shortlink":"https:\/\/wp.me\/p5H2Oh-y5","jetpack-related-posts":[{"id":4611,"url":"http:\/\/jesuitasburgos.es\/biblioteca\/?p=4611","url_meta":{"origin":2113,"position":0},"title":"VI Edici\u00f3n del concurso de Microrrelatos","date":"27 junio, 2019","format":false,"excerpt":"En una abarrotada biblioteca tuvo lugar la entrega de premios de la VI edici\u00f3n del concurso de microrrelatos de nuestro colegio. Este a\u00f1o la palabra clave era RESPUESTA, ya que lo hacemos coincidir con las L\u00edneas de Fuerza. Queremos agradecer los microrrelatos de todos los participantes y les animamos a\u2026","rel":"","context":"En \u00abAlumnos\u00bb","img":{"alt_text":"","src":"https:\/\/i0.wp.com\/jesuitasburgos.es\/biblioteca\/wp-content\/uploads\/2019\/06\/Microrrelatos.jpg?fit=1200%2C900&resize=350%2C200","width":350,"height":200},"classes":[]},{"id":4925,"url":"http:\/\/jesuitasburgos.es\/biblioteca\/?p=4925","url_meta":{"origin":2113,"position":1},"title":"Microrrelatos VII Edici\u00f3n: Categor\u00eda B (2\u00ba Ciclo EPO)","date":"24 junio, 2020","format":false,"excerpt":"Primer Premio: Pilar Fisac Lancha \u2013 \u00abPerdidos en el bosque\u00bb (4\u00ba C) Perdidos en el bosqueDescarga Primer Premio: Luis Z\u00e1rate Rodr\u00edguez \u2013 \u00abSocorro\u00bb (4\u00ba A) SocorroDescarga Segundo Premio: Malva Vivar Serrano \u2013 \u00abFiesta en el frutero\u00bb (3\u00ba C) Fiesta en el fruteroDescarga Tercer Premio: Alan Arribas Miguel \u2013 \u00abEl viaje\u2026","rel":"","context":"En \u00abAlumnos\u00bb","img":{"alt_text":"","src":"https:\/\/i0.wp.com\/jesuitasburgos.es\/biblioteca\/wp-content\/uploads\/2020\/06\/PerdidosEnElBosque.jpg?fit=834%2C244&resize=350%2C200","width":350,"height":200},"classes":[]},{"id":2808,"url":"http:\/\/jesuitasburgos.es\/biblioteca\/?p=2808","url_meta":{"origin":2113,"position":2},"title":"CONCURSO DE MICRORRELATOS &#8211; Fiestas mayo 2015","date":"11 mayo, 2015","format":false,"excerpt":"CONCURSO DE MICRORRELATOS - Fiestas mayo 2015 A lo largo de estos d\u00edas vamos a ir publicando los ganadores de la segunda edici\u00f3n del concurso de microrrelatos celebrado con motivo de las fiestas de nuestro colegio. Hubo tres categor\u00edas y hab\u00eda dos palabras clave: FRANCIA y COMPA\u00d1\u00cdA. Gracias a todos\u2026","rel":"","context":"En \u00abConcursos\u00bb","img":{"alt_text":"","src":"https:\/\/i0.wp.com\/jesuitasburgos.es\/biblioteca\/wp-content\/uploads\/2015\/05\/paisaje_de_libros1.jpg?fit=1200%2C809&resize=350%2C200","width":350,"height":200},"classes":[]},{"id":2783,"url":"http:\/\/jesuitasburgos.es\/biblioteca\/?p=2783","url_meta":{"origin":2113,"position":3},"title":"La compa\u00f1\u00eda del agua, por CARLOTA RODR\u00cdGUEZ S\u00c1NCHEZ REAL (2\u00ba PRIMARIA), 2\u00ba Premio Concurso Microrrelatos Fiestas,  Categor\u00eda A","date":"12 mayo, 2015","format":false,"excerpt":"LA COMPA\u00d1IA DEL AGUA Hace muchos a\u00f1os, en lo m\u00e1s profundo del mar de Francia, hab\u00eda una compa\u00f1\u00eda que segu\u00eda a Jes\u00fas. Eran ocho m\u00e1s tres amigos de Mar Ignacio del Agua; \u00e9l era uno de los ocho. Se llama\u00acban: Pedro Fango, Francisco Pez, Diego Piscines, Nicol\u00e1s pescadilla, Nicol\u00e1s Salm\u00f3n,\u2026","rel":"","context":"En \u00abConcursos\u00bb","img":{"alt_text":"","src":"https:\/\/i0.wp.com\/jesuitasburgos.es\/biblioteca\/wp-content\/uploads\/2015\/05\/agua20121.png?fit=1200%2C618&resize=350%2C200","width":350,"height":200},"classes":[]},{"id":1797,"url":"http:\/\/jesuitasburgos.es\/biblioteca\/?p=1797","url_meta":{"origin":2113,"position":4},"title":"CONCURSOS DE MICRORRELATOS Y TUITS DURANTE LAS FIESTAS COLEGIALES","date":"4 mayo, 2014","format":false,"excerpt":"La biblioteca del colegio organiza durante estas fiestas dos concursos: uno de tuits y otro de microrrelatos. Hay tres categor\u00edas y suculentos premios para los ganadores. Pueden participar alumnos, padres, profes, TODOS.... \u00bfA qu\u00e9 est\u00e1is esperando? Os dejamos aqu\u00ed los carteles con las bases de los concursos. \u00a1\u00c1nimo! \u00a0 \u00a0","rel":"","context":"En \u00abAlumnos\u00bb","img":{"alt_text":"tuits","src":"https:\/\/i0.wp.com\/jesuitasburgos.es\/biblioteca\/wp-content\/uploads\/2014\/05\/tuits-723x1024.jpg?resize=350%2C200","width":350,"height":200},"classes":[]},{"id":4947,"url":"http:\/\/jesuitasburgos.es\/biblioteca\/?p=4947","url_meta":{"origin":2113,"position":5},"title":"Microrrelatos VII Edici\u00f3n: Categor\u00eda E (4\u00ba ESO y BACH)","date":"24 junio, 2020","format":false,"excerpt":"Primer Premio: Lorena Benlloch Tom\u00e1s - \"Comienzos con zapatos\" (1\u00ba C) Comienzos con zapatos.Descarga Segundo Premio: Jorge del Amo Garc\u00eda-Luj\u00e1n - \"Romance manchego\" (1\u00ba B) Romance ManchegoDescarga Tercer Premio: In\u00e9s Vallejo Mart\u00ednez - \"Se dec\u00eda que las personas evolucionaban\" (1\u00ba B) Se decia que las personas evolucionabanDescarga","rel":"","context":"En \u00abAlumnos\u00bb","img":{"alt_text":"","src":"","width":0,"height":0},"classes":[]}],"jetpack_likes_enabled":true,"_links":{"self":[{"href":"http:\/\/jesuitasburgos.es\/biblioteca\/index.php?rest_route=\/wp\/v2\/posts\/2113"}],"collection":[{"href":"http:\/\/jesuitasburgos.es\/biblioteca\/index.php?rest_route=\/wp\/v2\/posts"}],"about":[{"href":"http:\/\/jesuitasburgos.es\/biblioteca\/index.php?rest_route=\/wp\/v2\/types\/post"}],"author":[{"embeddable":true,"href":"http:\/\/jesuitasburgos.es\/biblioteca\/index.php?rest_route=\/wp\/v2\/users\/1"}],"replies":[{"embeddable":true,"href":"http:\/\/jesuitasburgos.es\/biblioteca\/index.php?rest_route=%2Fwp%2Fv2%2Fcomments&post=2113"}],"version-history":[{"count":3,"href":"http:\/\/jesuitasburgos.es\/biblioteca\/index.php?rest_route=\/wp\/v2\/posts\/2113\/revisions"}],"predecessor-version":[{"id":2128,"href":"http:\/\/jesuitasburgos.es\/biblioteca\/index.php?rest_route=\/wp\/v2\/posts\/2113\/revisions\/2128"}],"wp:attachment":[{"href":"http:\/\/jesuitasburgos.es\/biblioteca\/index.php?rest_route=%2Fwp%2Fv2%2Fmedia&parent=2113"}],"wp:term":[{"taxonomy":"category","embeddable":true,"href":"http:\/\/jesuitasburgos.es\/biblioteca\/index.php?rest_route=%2Fwp%2Fv2%2Fcategories&post=2113"},{"taxonomy":"post_tag","embeddable":true,"href":"http:\/\/jesuitasburgos.es\/biblioteca\/index.php?rest_route=%2Fwp%2Fv2%2Ftags&post=2113"}],"curies":[{"name":"wp","href":"https:\/\/api.w.org\/{rel}","templated":true}]}}