{"id":2090,"date":"2014-11-29T01:10:48","date_gmt":"2014-11-29T01:10:48","guid":{"rendered":"http:\/\/jesuitasburgos.es\/biblioteca\/?p=2090"},"modified":"2014-11-29T01:10:48","modified_gmt":"2014-11-29T01:10:48","slug":"la-magia-otonal-ha-despertado-en-burgos-por-andrea-modrego","status":"publish","type":"post","link":"http:\/\/jesuitasburgos.es\/biblioteca\/?p=2090","title":{"rendered":"LA MAGIA OTO\u00d1AL HA DESPERTADO EN BURGOS por Andrea Modrego"},"content":{"rendered":"<p>El oto\u00f1o despierta en Burgos entre los meses de octubre y noviembre.<\/p>\n<p>Las calles se ti\u00f1en de tonos dorados y casta\u00f1os, quedando alg\u00fan que <a href=\"https:\/\/i0.wp.com\/jesuitasburgos.es\/biblioteca\/wp-content\/uploads\/2014\/11\/oto\u00f1o.jpg\"><img decoding=\"async\" loading=\"lazy\" class=\"alignright size-full wp-image-2091\" src=\"https:\/\/i0.wp.com\/jesuitasburgos.es\/biblioteca\/wp-content\/uploads\/2014\/11\/oto\u00f1o.jpg?resize=285%2C177\" alt=\"oto\u00f1o\" width=\"285\" height=\"177\" data-recalc-dims=\"1\" \/><\/a>otro brote verde entre las h\u00famedas hojas de los \u00e1rboles, esos centenarios que nos regalan el ox\u00edgeno para vivir y que se muestran de la forma m\u00e1s hermosa durante esta estaci\u00f3n.<\/p>\n<p>Los trinos de los p\u00e1jaros a\u00fan pueden o\u00edrse en d\u00edas poco ventosos, y si no es as\u00ed, nuestro m\u00e1s fr\u00edo pero conocido amigo burgal\u00e9s, el viento (llamado por algunos burgaleses \u2018\u2019el Norte\u2019\u2019 o \u2018\u2019El Cierzo\u2019\u2019) se pondr\u00e1 en movimiento recorriendo la ciudad, azotando nuestras bufandas y fulares.<\/p>\n<p>Los d\u00e9biles y tard\u00edos rayos de luz se avistan dificultosamente entre <a href=\"https:\/\/i0.wp.com\/jesuitasburgos.es\/biblioteca\/wp-content\/uploads\/2014\/11\/oto\u00f1o2.jpg\"><img decoding=\"async\" loading=\"lazy\" class=\"alignright size-full wp-image-2092\" src=\"https:\/\/i0.wp.com\/jesuitasburgos.es\/biblioteca\/wp-content\/uploads\/2014\/11\/oto\u00f1o2.jpg?resize=259%2C194\" alt=\"oto\u00f1o2\" width=\"259\" height=\"194\" data-recalc-dims=\"1\" \/><\/a>los recovecos de la abundancia de hojas sin caer; y por todos los caminos se extiende una espesa alfombra del color del sol y del caramelo m\u00e1s dulce.<\/p>\n<p>Los d\u00edas lluviosos de esta tercera estaci\u00f3n del a\u00f1o tambi\u00e9n son hermosos, d\u00edas en los que caen numerosas gotas de agua pura como cristales fundidos en forma de espejo redondo, en el que se refleja de forma paralela el manto gris\u00e1ceo de donde se han formado. Estas, a modo de carrera y a contrarreloj, recorren todo lugar que est\u00e9 a su paso, dando brillo e intensidad al color de la vegetaci\u00f3n oto\u00f1al. Incluso las hojas secas del marr\u00f3n m\u00e1s desva\u00eddo brillan sin haber rayo de sol alguno.<\/p>\n<p>El oto\u00f1o da vida a todo lo que nos rodea, empapa nuestro ambiente de algo especial, y aunque sea como el fin del color y de la vida, (ya que da entrada al viejo y aletargado invierno) afortunadamente se repite cada a\u00f1o de forma c\u00edclica.<\/p>\n<p>Esta estaci\u00f3n es digna de calificarse como m\u00e1gica.<\/p>\n","protected":false},"excerpt":{"rendered":"<p>El oto\u00f1o despierta en Burgos entre los meses de octubre y noviembre. Las calles se ti\u00f1en de tonos dorados y<\/p>\n","protected":false},"author":1,"featured_media":0,"comment_status":"open","ping_status":"open","sticky":false,"template":"","format":"standard","meta":{"jetpack_post_was_ever_published":false,"jetpack_publicize_message":"","jetpack_is_tweetstorm":false,"jetpack_publicize_feature_enabled":true,"jetpack_social_post_already_shared":false,"jetpack_social_options":{"image_generator_settings":{"template":"highway","enabled":false}}},"categories":[8,61],"tags":[],"jetpack_publicize_connections":[],"jetpack_featured_media_url":"","jetpack_sharing_enabled":true,"jetpack_shortlink":"https:\/\/wp.me\/p5H2Oh-xI","jetpack-related-posts":[{"id":108,"url":"http:\/\/jesuitasburgos.es\/biblioteca\/?p=108","url_meta":{"origin":2090,"position":0},"title":"TRIMESTRE DE LA HISTORIA","date":"12 abril, 2013","format":false,"excerpt":"Nuestro Departamento de Sociales tiene grandes profesores y escritores. Entre ellos est\u00e1 Juanjo Calzada: 35 a\u00f1os de profesor en Jesuitas le convierten en un referente para todos. Os dejamos este art\u00edculo para que conozc\u00e1is m\u00e1s de cerca toda su obra.\u00a0Algunos de los retos de este trimestre tendr\u00e1n como referencia los\u2026","rel":"","context":"En \u00abAlumnos\u00bb","img":{"alt_text":"","src":"https:\/\/i0.wp.com\/4.bp.blogspot.com\/-WTdv1l4DqEg\/UWdddpmQ1XI\/AAAAAAAABlQ\/2rklr2mNnU4\/s320\/juanjosecalzada.jpg?resize=350%2C200","width":350,"height":200},"classes":[]},{"id":1078,"url":"http:\/\/jesuitasburgos.es\/biblioteca\/?p=1078","url_meta":{"origin":2090,"position":1},"title":"CARTAS AL DIARIO DE BURGOS DE NUESTROS ALUMNOS","date":"18 diciembre, 2013","format":false,"excerpt":"Guillermo Aus\u00edn de Miguel - 22\/11\/2013 . 09:43 h.FALTA DE LUGARES DE OCIO PARA J\u00d3VENES Estimado director: Le agradezco de antemano que lea este peque\u00f1o art\u00edculo que le escribo. El tema que quer\u00eda exponerle es el problema que tenemos los adolescentes cuando salimos los fines de semana con los amigos.\u2026","rel":"","context":"En \u00abAlumnos\u00bb","img":{"alt_text":"","src":"","width":0,"height":0},"classes":[]},{"id":2107,"url":"http:\/\/jesuitasburgos.es\/biblioteca\/?p=2107","url_meta":{"origin":2090,"position":2},"title":"DONACIONES PARA LA BIBLIOTECA","date":"10 diciembre, 2014","format":false,"excerpt":"Ram\u00f3n Fresneda sj, Superior de la Compa\u00f1\u00eda de Jes\u00fas en Burgos, ha donado estos cinco libros en ingl\u00e9s que veis en la fotograf\u00eda. Desde estas l\u00edneas queremos darle las gracias por su colaboraci\u00f3n porque estos libros est\u00e1n teniendo bastante \u00e9xito entre los alumnos de Dibujo y entre los m\u00faltiples artistas\u2026","rel":"","context":"En \u00abAlumnos\u00bb","img":{"alt_text":"","src":"","width":0,"height":0},"classes":[]},{"id":270,"url":"http:\/\/jesuitasburgos.es\/biblioteca\/?p=270","url_meta":{"origin":2090,"position":3},"title":"CARTA DE SILVIA SIM\u00d3N PUBLICADA EN DIARIO DE BURGOS DIGITAL","date":"15 diciembre, 2012","format":false,"excerpt":"TRANSPORTE EN BURGOS Los autobuses de Burgos tienen muchos horarios y lugares a los que ir, pero, \u00bfest\u00e1n realmente bien a la hora de pensar en las nuevas infraestructuras de Burgos a la hora de abastecer lo m\u00e1ximo posible a los ciudadanos?\u00bfLlegan realmente y est\u00e1n a disposici\u00f3n de todos? Especialmente\u2026","rel":"","context":"En \u00abAlumnos\u00bb","img":{"alt_text":"","src":"","width":0,"height":0},"classes":[]},{"id":4358,"url":"http:\/\/jesuitasburgos.es\/biblioteca\/?p=4358","url_meta":{"origin":2090,"position":4},"title":"Ganadores del concurso \u00abEl peri\u00f3dico del cole\u00bb","date":"31 mayo, 2018","format":false,"excerpt":"'Corre que te leo' del Colegio Los \u00c1ngeles de Miranda de Ebro y 'La voz de Jesuitas' del Colegio La Merced y San Francisco Javier de Burgos han recogido esta tarde los galardones del concurso 'El peri\u00f3dico del cole'. La iniciativa, impulsada por la Asociaci\u00f3n de Periodistas de Burgos (APBU)\u2026","rel":"","context":"En \u00abAlumnos\u00bb","img":{"alt_text":"","src":"https:\/\/i0.wp.com\/jesuitasburgos.es\/biblioteca\/wp-content\/uploads\/2018\/05\/premios1-kV3D-U502061004960PbB-624x385@Burgosconecta.jpg?fit=623%2C385&resize=350%2C200","width":350,"height":200},"classes":[]},{"id":200,"url":"http:\/\/jesuitasburgos.es\/biblioteca\/?p=200","url_meta":{"origin":2090,"position":5},"title":"MATEM\u00c1TICAS EN LA CATEDRAL DE BURGOS","date":"5 febrero, 2013","format":false,"excerpt":"\u00a0Os presentamos otra de las publicaciones en las que ha participado Enrique Hernando, profesor de Matem\u00e1ticas de nuestro colegio.\u00a0 Las Matem\u00e1ticas de las aristas g\u00f3ticasMatem\u00e1ticas en la Catedral es el t\u00edtulo del libro elaborado por el Proyecto Estalmat de Castilla y Le\u00f3n (Estimulaci\u00f3n del Talento Matem\u00e1tico) en el que se\u2026","rel":"","context":"En \u00abAlumnos\u00bb","img":{"alt_text":"","src":"https:\/\/i0.wp.com\/3.bp.blogspot.com\/-NUorXWu_ATE\/URBkrrn7JAI\/AAAAAAAABCM\/6FSDroujuuI\/s320\/mates+catedral.jpg?resize=350%2C200","width":350,"height":200},"classes":[]}],"jetpack_likes_enabled":true,"_links":{"self":[{"href":"http:\/\/jesuitasburgos.es\/biblioteca\/index.php?rest_route=\/wp\/v2\/posts\/2090"}],"collection":[{"href":"http:\/\/jesuitasburgos.es\/biblioteca\/index.php?rest_route=\/wp\/v2\/posts"}],"about":[{"href":"http:\/\/jesuitasburgos.es\/biblioteca\/index.php?rest_route=\/wp\/v2\/types\/post"}],"author":[{"embeddable":true,"href":"http:\/\/jesuitasburgos.es\/biblioteca\/index.php?rest_route=\/wp\/v2\/users\/1"}],"replies":[{"embeddable":true,"href":"http:\/\/jesuitasburgos.es\/biblioteca\/index.php?rest_route=%2Fwp%2Fv2%2Fcomments&post=2090"}],"version-history":[{"count":1,"href":"http:\/\/jesuitasburgos.es\/biblioteca\/index.php?rest_route=\/wp\/v2\/posts\/2090\/revisions"}],"predecessor-version":[{"id":2093,"href":"http:\/\/jesuitasburgos.es\/biblioteca\/index.php?rest_route=\/wp\/v2\/posts\/2090\/revisions\/2093"}],"wp:attachment":[{"href":"http:\/\/jesuitasburgos.es\/biblioteca\/index.php?rest_route=%2Fwp%2Fv2%2Fmedia&parent=2090"}],"wp:term":[{"taxonomy":"category","embeddable":true,"href":"http:\/\/jesuitasburgos.es\/biblioteca\/index.php?rest_route=%2Fwp%2Fv2%2Fcategories&post=2090"},{"taxonomy":"post_tag","embeddable":true,"href":"http:\/\/jesuitasburgos.es\/biblioteca\/index.php?rest_route=%2Fwp%2Fv2%2Ftags&post=2090"}],"curies":[{"name":"wp","href":"https:\/\/api.w.org\/{rel}","templated":true}]}}