{"id":201,"date":"2013-02-04T02:53:00","date_gmt":"2013-02-04T02:53:00","guid":{"rendered":"http:\/\/jesuitasburgos.es\/biblioteca\/?p=201"},"modified":"2013-02-04T02:53:00","modified_gmt":"2013-02-04T02:53:00","slug":"callejeros-ortograficos-41","status":"publish","type":"post","link":"http:\/\/jesuitasburgos.es\/biblioteca\/?p=201","title":{"rendered":"CALLEJEROS ORTOGR\u00c1FICOS"},"content":{"rendered":"<p><b>Fco Javier Amo Nestares de 1\u00ba ESO A nos demuestra que el \u00abbichito cometildes\u00bb sigue actuando por las calles de Burgos; es m\u00e1s, ha hecho estragos en la biblioteca \u00abGonzalo de Berceo\u00bb.<\/b><br \/><b>Gracias por demostrar que los alumnos de nuestro colegio no son los \u00fanicos que, a veces, se olvidan de poner tildes.\u00a0<\/b><br \/><b>\u00a1Buen trabajo, Fco Javier! Esperamos que contin\u00faes con tu c\u00e1mara denunciando estos peque\u00f1os \u00abdescuidos\u00bb.<\/b><\/p>\n<div><a href=\"https:\/\/i0.wp.com\/2.bp.blogspot.com\/-ngsYeqQfwpA\/UQ8fp4Cv0NI\/AAAAAAAABAU\/BVZfIKyxkH8\/s1600\/20130117_171919.jpg\" imageanchor=\"1\"><img decoding=\"async\" loading=\"lazy\" border=\"0\" height=\"240\" src=\"https:\/\/i0.wp.com\/2.bp.blogspot.com\/-ngsYeqQfwpA\/UQ8fp4Cv0NI\/AAAAAAAABAU\/BVZfIKyxkH8\/s320\/20130117_171919.jpg?resize=320%2C240\" width=\"320\"  data-recalc-dims=\"1\"><\/a><\/div>\n<p><\/p>\n<div><a href=\"https:\/\/i0.wp.com\/1.bp.blogspot.com\/-m_jkjvKkg1c\/UQ8fw9FDt0I\/AAAAAAAABAc\/8SMEvZ1ATIU\/s1600\/20130117_171925.jpg\" imageanchor=\"1\"><img decoding=\"async\" loading=\"lazy\" border=\"0\" height=\"240\" src=\"https:\/\/i0.wp.com\/1.bp.blogspot.com\/-m_jkjvKkg1c\/UQ8fw9FDt0I\/AAAAAAAABAc\/8SMEvZ1ATIU\/s320\/20130117_171925.jpg?resize=320%2C240\" width=\"320\"  data-recalc-dims=\"1\"><\/a><\/div>\n<p><\/p>\n<div><a href=\"https:\/\/i0.wp.com\/1.bp.blogspot.com\/-k3RWrxHNlek\/UQ8f18i9oMI\/AAAAAAAABAk\/Xdjbgd6sRnI\/s1600\/20130117_171945.jpg\" imageanchor=\"1\"><img decoding=\"async\" loading=\"lazy\" border=\"0\" height=\"240\" src=\"https:\/\/i0.wp.com\/1.bp.blogspot.com\/-k3RWrxHNlek\/UQ8f18i9oMI\/AAAAAAAABAk\/Xdjbgd6sRnI\/s320\/20130117_171945.jpg?resize=320%2C240\" width=\"320\"  data-recalc-dims=\"1\"><\/a><\/div>\n<p><\/p>\n<div><a href=\"https:\/\/i0.wp.com\/1.bp.blogspot.com\/-t6r7eg_p7bI\/UQ8f7hJaiOI\/AAAAAAAABAs\/oFb4hum0zRc\/s1600\/20130117_173854.jpg\" imageanchor=\"1\"><img decoding=\"async\" loading=\"lazy\" border=\"0\" height=\"240\" src=\"https:\/\/i0.wp.com\/1.bp.blogspot.com\/-t6r7eg_p7bI\/UQ8f7hJaiOI\/AAAAAAAABAs\/oFb4hum0zRc\/s320\/20130117_173854.jpg?resize=320%2C240\" width=\"320\"  data-recalc-dims=\"1\"><\/a><\/div>\n<p><\/p>\n<div><a href=\"https:\/\/i0.wp.com\/3.bp.blogspot.com\/-Y_UmX4awq6g\/UQ8gAU2qXuI\/AAAAAAAABA0\/QS-bcD1TUvU\/s1600\/20130117_173911.jpg\" imageanchor=\"1\"><img decoding=\"async\" loading=\"lazy\" border=\"0\" height=\"240\" src=\"https:\/\/i0.wp.com\/3.bp.blogspot.com\/-Y_UmX4awq6g\/UQ8gAU2qXuI\/AAAAAAAABA0\/QS-bcD1TUvU\/s320\/20130117_173911.jpg?resize=320%2C240\" width=\"320\"  data-recalc-dims=\"1\"><\/a><\/div>\n<p><\/p>\n<div><a href=\"https:\/\/i0.wp.com\/4.bp.blogspot.com\/-gEjo3wFVAt0\/UQ8gGDAhxAI\/AAAAAAAABA8\/ARsxPaH0w8s\/s1600\/20130117_173935.jpg\" imageanchor=\"1\"><img decoding=\"async\" loading=\"lazy\" border=\"0\" height=\"240\" src=\"https:\/\/i0.wp.com\/4.bp.blogspot.com\/-gEjo3wFVAt0\/UQ8gGDAhxAI\/AAAAAAAABA8\/ARsxPaH0w8s\/s320\/20130117_173935.jpg?resize=320%2C240\" width=\"320\"  data-recalc-dims=\"1\"><\/a><\/div>\n<p><\/p>\n<div><a href=\"https:\/\/i0.wp.com\/1.bp.blogspot.com\/-J46qASYzdIU\/UQ8gL0myp8I\/AAAAAAAABBE\/EHakPzPVmhc\/s1600\/20130117_173959.jpg\" imageanchor=\"1\"><img decoding=\"async\" loading=\"lazy\" border=\"0\" height=\"240\" src=\"https:\/\/i0.wp.com\/1.bp.blogspot.com\/-J46qASYzdIU\/UQ8gL0myp8I\/AAAAAAAABBE\/EHakPzPVmhc\/s320\/20130117_173959.jpg?resize=320%2C240\" width=\"320\"  data-recalc-dims=\"1\"><\/a><\/div>\n<p><\/p>\n<div><a href=\"https:\/\/i0.wp.com\/2.bp.blogspot.com\/-DpGzzyVe1Qs\/UQ8gZz7W12I\/AAAAAAAABBM\/MOW9iclE2aI\/s1600\/20130117_174035.jpg\" imageanchor=\"1\"><img decoding=\"async\" loading=\"lazy\" border=\"0\" height=\"240\" src=\"https:\/\/i0.wp.com\/2.bp.blogspot.com\/-DpGzzyVe1Qs\/UQ8gZz7W12I\/AAAAAAAABBM\/MOW9iclE2aI\/s320\/20130117_174035.jpg?resize=320%2C240\" width=\"320\"  data-recalc-dims=\"1\"><\/a><\/div>\n<p><\/p>\n<div><a href=\"https:\/\/i0.wp.com\/3.bp.blogspot.com\/-EY6d4_CG7rw\/UQ8gf1lY29I\/AAAAAAAABBU\/V-EUvxsYZ5w\/s1600\/20130117_174143.jpg\" imageanchor=\"1\"><img decoding=\"async\" loading=\"lazy\" border=\"0\" height=\"240\" src=\"https:\/\/i0.wp.com\/3.bp.blogspot.com\/-EY6d4_CG7rw\/UQ8gf1lY29I\/AAAAAAAABBU\/V-EUvxsYZ5w\/s320\/20130117_174143.jpg?resize=320%2C240\" width=\"320\"  data-recalc-dims=\"1\"><\/a><\/div>\n<p><\/p>\n<div><a href=\"https:\/\/i0.wp.com\/3.bp.blogspot.com\/-ZmK0FJBjAGg\/UQ8gkpRHyOI\/AAAAAAAABBc\/HRtzyiA8du4\/s1600\/20130117_174151.jpg\" imageanchor=\"1\"><img decoding=\"async\" loading=\"lazy\" border=\"0\" height=\"240\" src=\"https:\/\/i0.wp.com\/3.bp.blogspot.com\/-ZmK0FJBjAGg\/UQ8gkpRHyOI\/AAAAAAAABBc\/HRtzyiA8du4\/s320\/20130117_174151.jpg?resize=320%2C240\" width=\"320\"  data-recalc-dims=\"1\"><\/a><\/div>\n<p><\/p>\n","protected":false},"excerpt":{"rendered":"<p>Fco Javier Amo Nestares de 1\u00ba ESO A nos demuestra que el \u00abbichito cometildes\u00bb sigue actuando por las calles de<\/p>\n","protected":false},"author":1,"featured_media":0,"comment_status":"open","ping_status":"open","sticky":false,"template":"","format":"standard","meta":{"jetpack_post_was_ever_published":false,"jetpack_publicize_message":"","jetpack_is_tweetstorm":false,"jetpack_publicize_feature_enabled":true,"jetpack_social_post_already_shared":false,"jetpack_social_options":{"image_generator_settings":{"template":"highway","enabled":false}}},"categories":[8,17,3,23,18,14],"tags":[],"jetpack_publicize_connections":[],"jetpack_featured_media_url":"","jetpack_sharing_enabled":true,"jetpack_shortlink":"https:\/\/wp.me\/p5H2Oh-3f","jetpack-related-posts":[{"id":112,"url":"http:\/\/jesuitasburgos.es\/biblioteca\/?p=112","url_meta":{"origin":201,"position":0},"title":"ENTREGA DE PREMIOS TRIMESTRE DE LA CIENCIA","date":"9 abril, 2013","format":false,"excerpt":"Este pr\u00f3ximo mi\u00e9rcoles 10 de abril a la hora del recreo se entregar\u00e1n los premios correspondientes al segundo trimestre tem\u00e1tico de nuestra biblioteca. No han sido pocos los alumnos que han colaborado y queremos tener un peque\u00f1o detalle con ellos.Aprovecharemos la ocasi\u00f3n para presentar el nuevo tema para el tercer\u2026","rel":"","context":"En \u00abAlumnos\u00bb","img":{"alt_text":"","src":"https:\/\/i0.wp.com\/2.bp.blogspot.com\/-QLRFRoWek3I\/UWNfb5-zm6I\/AAAAAAAABkI\/QHTjHrfD7hY\/s200\/ciencia.jpg?resize=350%2C200","width":350,"height":200},"classes":[]},{"id":151,"url":"http:\/\/jesuitasburgos.es\/biblioteca\/?p=151","url_meta":{"origin":201,"position":1},"title":"CALLEJEROS ORTOGR\u00c1FICOS","date":"8 marzo, 2013","format":false,"excerpt":"Foto de Javier Ruiz (4\u00ba ESO A)Si en la cocina ponen tanto esmero como en la ortograf\u00eda, ser\u00e1 mejor ir a tomar \"hojaldre con queso\" al restaurante de al lado.Puede ser que este \"hojaldre\" en vez de \"hojas\" tenga \"ojos\". \u00a1A saber!","rel":"","context":"En \u00abAlumnos\u00bb","img":{"alt_text":"","src":"https:\/\/i0.wp.com\/4.bp.blogspot.com\/-tpwg8iBfbTc\/UTk_P_LXrzI\/AAAAAAAABXA\/ldurLj3kXq8\/s400\/Javier-Ruiz.jpg?resize=350%2C200","width":350,"height":200},"classes":[]},{"id":55,"url":"http:\/\/jesuitasburgos.es\/biblioteca\/?p=55","url_meta":{"origin":201,"position":2},"title":"CALLEJEROS ORTOGR\u00c1FICOS","date":"24 mayo, 2013","format":false,"excerpt":"En 1812 los franceses abandonaron Burgos destruyendo nuestro castillo. A pesar del tiempo transcurrido, todav\u00eda se pueden ver en nuestra ciudad inscripciones en su bonita lengua.Foto enviada por Jimena Mat\u00e9.","rel":"","context":"En \u00abAlumnos\u00bb","img":{"alt_text":"","src":"https:\/\/i0.wp.com\/4.bp.blogspot.com\/-wJV1MXRRoQc\/UZ6_FSNVm4I\/AAAAAAAAB5g\/gGJcptGowY8\/s640\/Jimena+Mat%C3%A9.JPG?resize=350%2C200","width":350,"height":200},"classes":[]},{"id":54,"url":"http:\/\/jesuitasburgos.es\/biblioteca\/?p=54","url_meta":{"origin":201,"position":3},"title":"CALLEJEROS ORTOGR\u00c1FICOS","date":"27 mayo, 2013","format":false,"excerpt":"Jairo P\u00e9rez, Pedro P\u00e9rez, Eduardo Torres y Pablo Melo son los callejeros ortogr\u00e1ficos que consiguieron estas fotos tras un breve paseo por nuestra ciudad. Denuncian con ellas la ausencia de tildes en los letreros. Gracias, chicos.","rel":"","context":"En \u00abAlumnos\u00bb","img":{"alt_text":"","src":"","width":0,"height":0},"classes":[]},{"id":45,"url":"http:\/\/jesuitasburgos.es\/biblioteca\/?p=45","url_meta":{"origin":201,"position":4},"title":"CALLEJEROS ORTOGR\u00c1FICOS","date":"4 junio, 2013","format":false,"excerpt":"Mar\u00eda \u00cd\u00f1igo se encontr\u00f3 con esta se\u00f1al en Fr\u00edas. Creemos que alguno de nuestros \"callejeros ortogr\u00e1ficos\" pas\u00f3 antes por el lugar e intent\u00f3 arreglar el desaguisado. Gracias, Mar\u00eda por colaborar.","rel":"","context":"En \u00abAlumnos\u00bb","img":{"alt_text":"","src":"https:\/\/i0.wp.com\/1.bp.blogspot.com\/-NNh75xhqDe8\/Ua02ds_ukMI\/AAAAAAAAB8M\/xjrq6m0exeo\/s400\/IMG-20130505-WA0000.jpg?resize=350%2C200","width":350,"height":200},"classes":[]},{"id":223,"url":"http:\/\/jesuitasburgos.es\/biblioteca\/?p=223","url_meta":{"origin":201,"position":5},"title":"CALLEJEROS ORTOGR\u00c1FICOS","date":"14 enero, 2013","format":false,"excerpt":"Foto enviada por Eva Ruiz, Seguimos con el Ayuntamiento de Burgos y las bicicletas. Hay que tener cuidado con los paneles informativos porque pueden ocasionar distracciones, accidentes...RAE:\u00a0La palabra contaje no est\u00e1 registrada en el Diccionario.\u00a0 c\u00f3mputo. (Del lat. comp\u016dtus). 1. m. Cuenta o c\u00e1lculo.Puede sonar mal, pero ser\u00eda lo correcto.","rel":"","context":"En \u00abAlumnos\u00bb","img":{"alt_text":"","src":"https:\/\/i0.wp.com\/4.bp.blogspot.com\/-tIJqwWM06Jo\/UPNRYWpfAUI\/AAAAAAAAAwU\/K5ZXb9b4k1U\/s400\/Contaje1.JPG?resize=350%2C200","width":350,"height":200},"classes":[]}],"jetpack_likes_enabled":true,"_links":{"self":[{"href":"http:\/\/jesuitasburgos.es\/biblioteca\/index.php?rest_route=\/wp\/v2\/posts\/201"}],"collection":[{"href":"http:\/\/jesuitasburgos.es\/biblioteca\/index.php?rest_route=\/wp\/v2\/posts"}],"about":[{"href":"http:\/\/jesuitasburgos.es\/biblioteca\/index.php?rest_route=\/wp\/v2\/types\/post"}],"author":[{"embeddable":true,"href":"http:\/\/jesuitasburgos.es\/biblioteca\/index.php?rest_route=\/wp\/v2\/users\/1"}],"replies":[{"embeddable":true,"href":"http:\/\/jesuitasburgos.es\/biblioteca\/index.php?rest_route=%2Fwp%2Fv2%2Fcomments&post=201"}],"version-history":[{"count":0,"href":"http:\/\/jesuitasburgos.es\/biblioteca\/index.php?rest_route=\/wp\/v2\/posts\/201\/revisions"}],"wp:attachment":[{"href":"http:\/\/jesuitasburgos.es\/biblioteca\/index.php?rest_route=%2Fwp%2Fv2%2Fmedia&parent=201"}],"wp:term":[{"taxonomy":"category","embeddable":true,"href":"http:\/\/jesuitasburgos.es\/biblioteca\/index.php?rest_route=%2Fwp%2Fv2%2Fcategories&post=201"},{"taxonomy":"post_tag","embeddable":true,"href":"http:\/\/jesuitasburgos.es\/biblioteca\/index.php?rest_route=%2Fwp%2Fv2%2Ftags&post=201"}],"curies":[{"name":"wp","href":"https:\/\/api.w.org\/{rel}","templated":true}]}}