{"id":200,"date":"2013-02-05T01:53:00","date_gmt":"2013-02-05T01:53:00","guid":{"rendered":"http:\/\/jesuitasburgos.es\/biblioteca\/?p=200"},"modified":"2013-02-05T01:53:00","modified_gmt":"2013-02-05T01:53:00","slug":"matematicas-en-la-catedral-de-burgos","status":"publish","type":"post","link":"http:\/\/jesuitasburgos.es\/biblioteca\/?p=200","title":{"rendered":"MATEM\u00c1TICAS EN LA CATEDRAL DE BURGOS"},"content":{"rendered":"<div><\/div>\n<p>\u00a0<b>Os presentamos otra de las publicaciones en las que ha participado Enrique Hernando, profesor de Matem\u00e1ticas de nuestro colegio.<\/b><\/p>\n<p>\u00a0 <\/p>\n<div><a href=\"https:\/\/i0.wp.com\/3.bp.blogspot.com\/-NUorXWu_ATE\/URBkrrn7JAI\/AAAAAAAABCM\/6FSDroujuuI\/s1600\/mates+catedral.jpg\" imageanchor=\"1\"><img decoding=\"async\" loading=\"lazy\" border=\"0\" height=\"320\" src=\"https:\/\/i0.wp.com\/3.bp.blogspot.com\/-NUorXWu_ATE\/URBkrrn7JAI\/AAAAAAAABCM\/6FSDroujuuI\/s320\/mates+catedral.jpg?resize=224%2C320\" width=\"224\"  data-recalc-dims=\"1\"><\/a><b>Las Matem\u00e1ticas de las aristas g\u00f3ticas<\/b><\/div>\n<p>Matem\u00e1ticas en la Catedral es el t\u00edtulo del libro elaborado por el Proyecto Estalmat de Castilla y Le\u00f3n (Estimulaci\u00f3n del Talento Matem\u00e1tico) en el que se recoge la visi\u00f3n de docentes burgaleses sobre la Seo de su ciudad desde la perspectiva de las Ciencias Exactas. La obra plantea una forma diferente de ver y<br \/>descubrir disciplinas art\u00edsticas como al pintura la escultura o la arquitectura vinculadas a la construcci\u00f3n del templo catedralicio a la par que persigue el promover el inter\u00e9s por las Matem\u00e1ticas entre los estudiantes, seg\u00fan ha explicado el director provincial de educaci\u00f3n, Enrique de la Torre.<br \/>En este sentido, Enrique Hernando, coordinador del proyecto<br \/>Estalmat en Castilla y Le\u00f3n, ha apuntado que con el libro<br \/>Matem\u00e1ticas en la Catedral se pretende estimular a los<br \/>alumnos y despertar su inter\u00e9s por esta asignatura, pero a la<br \/>vez, su preparaci\u00f3n ha sido un trabajo apasionante que ha<br \/>llevado al descubrimiento de elementos singulares del G\u00f3tico.<br \/>Hernando ha incidido en que el libro es tambi\u00e9n un \u00abhomenaje a quienes dise\u00f1aron la Catedral sin la ayuda de los ordenadores\u201d y los complejos programas inform\u00e1ticos que han tenido que utilizar para reproducir en el libro alguno de los elementos de la Catedral de Burgos. En el libro se plasman distintos aspectos y propuestas did\u00e1cticas que pueden completarse, seg\u00fan ha avanzado el director provincial de<br \/>Educaci\u00f3n, con \u201cvisitas matem\u00e1ticas\u201d a la Seo burgalesa.<br \/>Por su parte, Antonio Arroyo Miguel, presidente de la sociedad regional de Educaci\u00f3n Matem\u00e1tica \u201cMiguel de Guzman\u201d, ha destacado que en el libro se recoge como cada arco, el cimborrio o la capilla de los Condestables encierran complejas f\u00f3rmulas y dise\u00f1os geom\u00e9tricos que ahora est\u00e1n al alcance de los escolares a trav\u00e9s de este libro.<br \/>El director del Gabinete de la direcci\u00f3n general de Cajac\u00edrculo, Jos\u00e9 Rafael Bri\u00f1as, ha apuntado<br \/>que el libro \u00abbusca el inter\u00e9s de aquel que, incluso aunque no le guste esta asignatura, pueda<br \/>acercarse a las matem\u00e1ticas de una forma atractiva y novedosa\u201d.<br \/>La obra, en la que ha participado la Sociedad Castellana y Leonesa de Educaci\u00f3n Matem\u00e1tica<br \/>Miguel de Guzm\u00e1n, tambi\u00e9n destaca por la carga de innovaci\u00f3n que supone la visi\u00f3n y divulgaci\u00f3n<br \/>de esta materia de especial dificultad, desde otro punto de vista m\u00e1s ligado a la investigaci\u00f3n y a la<br \/>b\u00fasqueda de nuevos aspectos y conocimientos.<br \/>Esta publicaci\u00f3n se engloba dentro del Programa para la Estimulaci\u00f3n del Talento Matem\u00e1tico<br \/>(Estalmat), en el que Cajac\u00edrculo lleva trabajando desde el a\u00f1o 2003 con el objetivo de \u00absuscitar el<br \/>inter\u00e9s de la gente joven por esta materia\u00bb. El proyecto pretende potenciar la educaci\u00f3n, la<br \/>promoci\u00f3n de los j\u00f3venes y la divulgaci\u00f3n de las matem\u00e1ticas, proporcionando una formaci\u00f3n<br \/>complementaria en matem\u00e1ticas para estos estudiantes comprendidos entre 12 y 13 a\u00f1os, lo que<br \/>redunda directamente en una mejora de sus conocimientos e indirectamente en la consecuci\u00f3n de<br \/>una sociedad m\u00e1s formada y por lo tanto, m\u00e1s preparada para hacer frente a los retos del futuro.<br \/>Adem\u00e1s, este proyecto busca la educaci\u00f3n, promoci\u00f3n y divulgaci\u00f3n de conocimientos<br \/>matem\u00e1ticos, a modo de formaci\u00f3n complementaria para los estudiantes comprendidos entre los<br \/>doce y trece a\u00f1os, de manera que puedan, \u00abde un modo sencillo\u00bb, mejorar sus conocimientos y<br \/>hacer frente a los retos que se les presenten en el futuro.<br \/>Asimismo, esta obra es fruto de las l\u00edneas que figuraban en las bases de la convocatoria el Bolet\u00edn<br \/>Oficial de Castilla y Le\u00f3n (BOCYL) para 2006\/2007 sobre proyectos de innovaci\u00f3n Educativa, en las<br \/>que se pretend\u00edan aunar experiencias que contemplasen el tratamiento metodol\u00f3gico en materias<br \/>de especial dificultad y, a su vez, contribuyesen al fomento y difusi\u00f3n del patrimonio de Castilla y<br \/>Le\u00f3n.<br \/>Fuente: DiCYT<\/p>\n","protected":false},"excerpt":{"rendered":"<p>\u00a0Os presentamos otra de las publicaciones en las que ha participado Enrique Hernando, profesor de Matem\u00e1ticas de nuestro colegio. \u00a0<\/p>\n","protected":false},"author":1,"featured_media":0,"comment_status":"open","ping_status":"open","sticky":false,"template":"","format":"standard","meta":{"jetpack_post_was_ever_published":false,"jetpack_publicize_message":"","jetpack_is_tweetstorm":false,"jetpack_publicize_feature_enabled":true,"jetpack_social_post_already_shared":false,"jetpack_social_options":{"image_generator_settings":{"template":"highway","enabled":false}}},"categories":[8,24,17,22,10,37,12,34],"tags":[],"jetpack_publicize_connections":[],"jetpack_featured_media_url":"","jetpack_sharing_enabled":true,"jetpack_shortlink":"https:\/\/wp.me\/p5H2Oh-3e","jetpack-related-posts":[{"id":669,"url":"http:\/\/jesuitasburgos.es\/biblioteca\/?p=669","url_meta":{"origin":200,"position":0},"title":"MATEM\u00c1TICAS EN LA CATEDRAL DE BURGOS","date":"24 octubre, 2013","format":false,"excerpt":"Enrique Hernando es profesor de Matem\u00e1ticas de\u00a0 nuestro colegio y cuando se aburre escribe libros y da alguna conferencia. Os aconsejamos que no os\u00a0 perd\u00e1is la de este s\u00e1bado porque suelen ser bastante interesantes. \u00a0","rel":"","context":"En \u00abAlumnos\u00bb","img":{"alt_text":"2013_conferencia_matem+\u00c3\u00adticas catedral_invitaci+\u00c2\u00a6n","src":"https:\/\/i0.wp.com\/jesuitasburgos.es\/biblioteca\/wp-content\/uploads\/2013\/10\/2013_conferencia_matem+\u00c3\u00adticas-catedral_invitaci+\u00c2\u00a6n-1024x472.jpg?resize=350%2C200","width":350,"height":200},"classes":[]},{"id":193,"url":"http:\/\/jesuitasburgos.es\/biblioteca\/?p=193","url_meta":{"origin":200,"position":1},"title":"MATEM\u00c1TICAS Y\/CON VIDEOJUEGOS","date":"10 febrero, 2013","format":false,"excerpt":"Enrique Hernando, profesor de Matem\u00e1ticas del colegio y amante de las nuevas tecnolog\u00edas, nos env\u00eda esta interesant\u00edsima comunicaci\u00f3n sobre la utilizaci\u00f3n did\u00e1ctica de los videojuegos. Fue expuesta en 15 JAEM (Jornadas sobre el Aprendizaje y la Ense\u00f1anaza de las Matem\u00e1ticas) en julio de 2011. Gracias, Quique,\u00a0 por tus aportaciones al\u2026","rel":"","context":"En \u00abAlumnos\u00bb","img":{"alt_text":"","src":"","width":0,"height":0},"classes":[]},{"id":215,"url":"http:\/\/jesuitasburgos.es\/biblioteca\/?p=215","url_meta":{"origin":200,"position":2},"title":"RECOMENDACIONES TRIMESTRE DE LA CIENCIA","date":"22 enero, 2013","format":false,"excerpt":"Para todos los que formamos parte del colegio Jesuitas y amamos las Matem\u00e1ticas este libro tiene un doble inter\u00e9s: el de su contenido y el hecho de que el responsable de la versi\u00f3n espa\u00f1ola del mismo es un tal Enrique Hernando.\u00a0Enrique es profesor de Matem\u00e1ticas de nuestro centro, gran lector\u2026","rel":"","context":"En \u00abAlumnos\u00bb","img":{"alt_text":"","src":"https:\/\/i0.wp.com\/3.bp.blogspot.com\/-U_wolHWEs0k\/UPniUzLQpYI\/AAAAAAAAAzc\/GDz2d1JH43U\/s320\/c%C3%ADrculos.png?resize=350%2C200","width":350,"height":200},"classes":[]},{"id":108,"url":"http:\/\/jesuitasburgos.es\/biblioteca\/?p=108","url_meta":{"origin":200,"position":3},"title":"TRIMESTRE DE LA HISTORIA","date":"12 abril, 2013","format":false,"excerpt":"Nuestro Departamento de Sociales tiene grandes profesores y escritores. Entre ellos est\u00e1 Juanjo Calzada: 35 a\u00f1os de profesor en Jesuitas le convierten en un referente para todos. Os dejamos este art\u00edculo para que conozc\u00e1is m\u00e1s de cerca toda su obra.\u00a0Algunos de los retos de este trimestre tendr\u00e1n como referencia los\u2026","rel":"","context":"En \u00abAlumnos\u00bb","img":{"alt_text":"","src":"https:\/\/i0.wp.com\/4.bp.blogspot.com\/-WTdv1l4DqEg\/UWdddpmQ1XI\/AAAAAAAABlQ\/2rklr2mNnU4\/s320\/juanjosecalzada.jpg?resize=350%2C200","width":350,"height":200},"classes":[]},{"id":184,"url":"http:\/\/jesuitasburgos.es\/biblioteca\/?p=184","url_meta":{"origin":200,"position":4},"title":"CUESTIONARIO-RETO","date":"14 febrero, 2013","format":false,"excerpt":"En este caso ha sido Irene Santidri\u00e1n la alumna que nos ha enviado este cuestionario sobre el libro que veis en la foto. Lo pod\u00e9is encontrar en la biblioteca. Ahora solo os queda leerlo con atenci\u00f3n, contestar a las preguntas y enviarlas a bibliotecajesuitasburgos@gmail.com. \u00a1\u00c1nimo!AL-JWARIZMI Y LA MAGIA DE LAS\u2026","rel":"","context":"En \u00abAlumnos\u00bb","img":{"alt_text":"","src":"https:\/\/i0.wp.com\/3.bp.blogspot.com\/-tfZ1xxDI21A\/URwxzk-0FaI\/AAAAAAAABI8\/YirKd5ixVmQ\/s400\/ALJAR.jpg?resize=350%2C200","width":350,"height":200},"classes":[]},{"id":1364,"url":"http:\/\/jesuitasburgos.es\/biblioteca\/?p=1364","url_meta":{"origin":200,"position":5},"title":"Statistics of Women Mathematicians by  Isabel Sutil","date":"28 enero, 2014","format":false,"excerpt":"Como trabajo de investigaci\u00f3n en el \u00e1rea de Matem\u00e1ticas, Isabel Sutil, alumna de 3\u00ba de ESO, ha navegado por Internet en busca de \u00a0 varios documentos (citados al final del art\u00edculo) en los que aparecen reflejadas las enormes\u00a0 diferencias de\u00a0 participaci\u00f3n de mujeres y hombres en congresos, conferencias y concursos\u2026","rel":"","context":"En \u00abAlumnos\u00bb","img":{"alt_text":"Dibujo2","src":"https:\/\/i0.wp.com\/jesuitasburgos.es\/biblioteca\/wp-content\/uploads\/2014\/01\/Dibujo2-1024x825.jpg?resize=350%2C200","width":350,"height":200},"classes":[]}],"jetpack_likes_enabled":true,"_links":{"self":[{"href":"http:\/\/jesuitasburgos.es\/biblioteca\/index.php?rest_route=\/wp\/v2\/posts\/200"}],"collection":[{"href":"http:\/\/jesuitasburgos.es\/biblioteca\/index.php?rest_route=\/wp\/v2\/posts"}],"about":[{"href":"http:\/\/jesuitasburgos.es\/biblioteca\/index.php?rest_route=\/wp\/v2\/types\/post"}],"author":[{"embeddable":true,"href":"http:\/\/jesuitasburgos.es\/biblioteca\/index.php?rest_route=\/wp\/v2\/users\/1"}],"replies":[{"embeddable":true,"href":"http:\/\/jesuitasburgos.es\/biblioteca\/index.php?rest_route=%2Fwp%2Fv2%2Fcomments&post=200"}],"version-history":[{"count":0,"href":"http:\/\/jesuitasburgos.es\/biblioteca\/index.php?rest_route=\/wp\/v2\/posts\/200\/revisions"}],"wp:attachment":[{"href":"http:\/\/jesuitasburgos.es\/biblioteca\/index.php?rest_route=%2Fwp%2Fv2%2Fmedia&parent=200"}],"wp:term":[{"taxonomy":"category","embeddable":true,"href":"http:\/\/jesuitasburgos.es\/biblioteca\/index.php?rest_route=%2Fwp%2Fv2%2Fcategories&post=200"},{"taxonomy":"post_tag","embeddable":true,"href":"http:\/\/jesuitasburgos.es\/biblioteca\/index.php?rest_route=%2Fwp%2Fv2%2Ftags&post=200"}],"curies":[{"name":"wp","href":"https:\/\/api.w.org\/{rel}","templated":true}]}}