{"id":1802,"date":"2014-05-04T00:14:47","date_gmt":"2014-05-04T00:14:47","guid":{"rendered":"http:\/\/jesuitasburgos.es\/biblioteca\/?p=1802"},"modified":"2014-05-04T00:14:47","modified_gmt":"2014-05-04T00:14:47","slug":"trimestre-de-la-i-guerra-mundial","status":"publish","type":"post","link":"http:\/\/jesuitasburgos.es\/biblioteca\/?p=1802","title":{"rendered":"TRIMESTRE DE LA I GUERRA MUNDIAL"},"content":{"rendered":"<p>Con motivo del centenario del inicio de la 1\u00aa Guerra Mundial el Departamento de Sociales, con su jefe, Rafa Pampliega, a la cabeza, ha decidido llenar la biblioteca y las aulas de <a href=\"https:\/\/i0.wp.com\/jesuitasburgos.es\/biblioteca\/wp-content\/uploads\/2014\/05\/guerra.jpg\"><img data-attachment-id=\"1803\" data-permalink=\"http:\/\/jesuitasburgos.es\/biblioteca\/?attachment_id=1803\" data-orig-file=\"https:\/\/i0.wp.com\/jesuitasburgos.es\/biblioteca\/wp-content\/uploads\/2014\/05\/guerra.jpg?fit=293%2C172\" data-orig-size=\"293,172\" data-comments-opened=\"1\" data-image-meta=\"{&quot;aperture&quot;:&quot;0&quot;,&quot;credit&quot;:&quot;&quot;,&quot;camera&quot;:&quot;&quot;,&quot;caption&quot;:&quot;&quot;,&quot;created_timestamp&quot;:&quot;0&quot;,&quot;copyright&quot;:&quot;&quot;,&quot;focal_length&quot;:&quot;0&quot;,&quot;iso&quot;:&quot;0&quot;,&quot;shutter_speed&quot;:&quot;0&quot;,&quot;title&quot;:&quot;&quot;}\" data-image-title=\"guerra\" data-image-description=\"\" data-image-caption=\"\" data-medium-file=\"https:\/\/i0.wp.com\/jesuitasburgos.es\/biblioteca\/wp-content\/uploads\/2014\/05\/guerra.jpg?fit=293%2C172\" data-large-file=\"https:\/\/i0.wp.com\/jesuitasburgos.es\/biblioteca\/wp-content\/uploads\/2014\/05\/guerra.jpg?fit=293%2C172\" decoding=\"async\" loading=\"lazy\" class=\"alignright size-full wp-image-1803\" src=\"https:\/\/i0.wp.com\/jesuitasburgos.es\/biblioteca\/wp-content\/uploads\/2014\/05\/guerra.jpg?resize=293%2C172\" alt=\"guerra\" width=\"293\" height=\"172\" data-recalc-dims=\"1\" \/><\/a>contenido para que nuestros alumnos disfruten de este evento.<\/p>\n<p>Poco a poco, os iremos informando de todas las actividades, retos, etc. que se lleven a cabo.<\/p>\n<p>Esperamos vuestra participaci\u00f3n.<\/p>\n","protected":false},"excerpt":{"rendered":"<p>Con motivo del centenario del inicio de la 1\u00aa Guerra Mundial el Departamento de Sociales, con su jefe, Rafa Pampliega,<\/p>\n","protected":false},"author":1,"featured_media":0,"comment_status":"open","ping_status":"open","sticky":false,"template":"","format":"standard","meta":{"jetpack_post_was_ever_published":false,"jetpack_publicize_message":"","jetpack_is_tweetstorm":false,"jetpack_publicize_feature_enabled":true,"jetpack_social_post_already_shared":false,"jetpack_social_options":{"image_generator_settings":{"template":"highway","enabled":false}}},"categories":[8],"tags":[],"jetpack_publicize_connections":[],"jetpack_featured_media_url":"","jetpack_sharing_enabled":true,"jetpack_shortlink":"https:\/\/wp.me\/p5H2Oh-t4","jetpack-related-posts":[{"id":4422,"url":"http:\/\/jesuitasburgos.es\/biblioteca\/?p=4422","url_meta":{"origin":1802,"position":0},"title":"Actividades de los clubes de lectura de Secundaria","date":"19 junio, 2018","format":false,"excerpt":"La novela \u00a0\u201c14\u201d de Jean Echenoz ha sido elegida para ser le\u00edda y comentada en los clubes de lectura de 4\u00ba de Secundaria y 1\u00ba de Bachillerato. El motivo estaba claro: este a\u00f1o se conmemora el centenario del final de la Primera Guerra Mundial. Nuestros profesores Alex, Mat\u00edas y Eva\u2026","rel":"","context":"En \u00abAlumnos\u00bb","img":{"alt_text":"","src":"https:\/\/i0.wp.com\/jesuitasburgos.es\/biblioteca\/wp-content\/uploads\/2018\/06\/IMG-20180530-WA0008.jpg?fit=1200%2C675&resize=350%2C200","width":350,"height":200},"classes":[]},{"id":1920,"url":"http:\/\/jesuitasburgos.es\/biblioteca\/?p=1920","url_meta":{"origin":1802,"position":1},"title":"AHORCADO &#8211; TRIMESTRE 1\u00aa GUERRA MUNDIAL","date":"22 mayo, 2014","format":false,"excerpt":"EL AHORCADO: NOmbre de pila del mejor y m\u00e1s famoso piloto de caza de la primera Guerra Mundial, apodado \"el bar\u00f3n Rojo \". M - - F - - - As\u00ed se llamaba a las granadas de mano que fabricaban los ingleses con latas vac\u00edas de mermelada: J - -\u2026","rel":"","context":"En \u00abAlumnos\u00bb","img":{"alt_text":"","src":"","width":0,"height":0},"classes":[]},{"id":1922,"url":"http:\/\/jesuitasburgos.es\/biblioteca\/?p=1922","url_meta":{"origin":1802,"position":2},"title":"TIRANDO DE DICCIONARIO &#8211; TRIMESTRE 1\u00aa GUERRA MUNDIAL","date":"23 mayo, 2014","format":false,"excerpt":"Y aqu\u00ed seguimos \"en pie de guerra\". la palabra PIE en nuestro diccionario tiene muchas acepciones, pero no existe una que aluda a una anomal\u00eda que era muy frecuente tras pasar meses en las trincheras. \u00bfDe que anomal\u00eda estamos hablando? \u00bfen que consist\u00eda? Respuestas a bibliotecajesuitasburgos@gmail.com","rel":"","context":"En \u00abAlumnos\u00bb","img":{"alt_text":"","src":"","width":0,"height":0},"classes":[]},{"id":1914,"url":"http:\/\/jesuitasburgos.es\/biblioteca\/?p=1914","url_meta":{"origin":1802,"position":3},"title":"TRIMESTRE DE LA 1\u00aa GUERRA MUNDIAL","date":"20 mayo, 2014","format":false,"excerpt":"LA NOTA DISCORDANTE En esta recta final de curso, desde la biblioteca vamos a rememorar 4 efem\u00e9rides de transcendencia internacional. Im\u00e1genes de estas 4 efem\u00e9rIdes aparecen ya expuestas en nuestros pasillos. Si te detienes un momento y las observas con cuidado podr\u00e1s encontrar dos notas discordantes, dos im\u00e1genes que no\u2026","rel":"","context":"En \u00abAlumnos\u00bb","img":{"alt_text":"","src":"","width":0,"height":0},"classes":[]},{"id":5282,"url":"http:\/\/jesuitasburgos.es\/biblioteca\/?p=5282","url_meta":{"origin":1802,"position":4},"title":"\u00abLa espera\u00bb, de Keum Suk Gendry-Kim","date":"12 junio, 2025","format":false,"excerpt":"Tras la Segunda Guerra Mundial, Estados Unidos y la por entonces URSS se repartieron el territorio cercano, dividi\u00e9ndolo por el Paralelo 38. Una de las consecuencias de esta decisi\u00f3n fue el estallido de una guerra entre los a\u00f1os 1950 y 1953. Es precisamente en este espacio temporal en el que\u2026","rel":"","context":"En \u00abAlumnos\u00bb","img":{"alt_text":"","src":"https:\/\/i0.wp.com\/jesuitasburgos.es\/biblioteca\/wp-content\/uploads\/2025\/06\/LaEspera-e1749679448387.jpg?fit=1200%2C1041&resize=350%2C200","width":350,"height":200},"classes":[]},{"id":1916,"url":"http:\/\/jesuitasburgos.es\/biblioteca\/?p=1916","url_meta":{"origin":1802,"position":5},"title":"PUZLE &#8211; TRIMESTRE 1\u00aa GUERRA MUNDIAL","date":"21 mayo, 2014","format":false,"excerpt":"LA FRASE C\u00c9LEBRE: Esta din\u00e1mica consiste en tratar de recomponer, como si de peque\u00f1as piezas de puzle se tratara, el contenido de una serie de frases c\u00e9lebres de: Miguel \u00c1ngel, Mata Hari y el mariscal Petain.El n\u00famero m\u00ednimo de palabras-piezas de cada frase no excede los 15 vocablos. Vamos con\u2026","rel":"","context":"En \u00abAlumnos\u00bb","img":{"alt_text":"","src":"https:\/\/i0.wp.com\/jesuitasburgos.es\/biblioteca\/wp-content\/uploads\/2014\/05\/PETAIN.jpg?resize=350%2C200","width":350,"height":200},"classes":[]}],"jetpack_likes_enabled":true,"_links":{"self":[{"href":"http:\/\/jesuitasburgos.es\/biblioteca\/index.php?rest_route=\/wp\/v2\/posts\/1802"}],"collection":[{"href":"http:\/\/jesuitasburgos.es\/biblioteca\/index.php?rest_route=\/wp\/v2\/posts"}],"about":[{"href":"http:\/\/jesuitasburgos.es\/biblioteca\/index.php?rest_route=\/wp\/v2\/types\/post"}],"author":[{"embeddable":true,"href":"http:\/\/jesuitasburgos.es\/biblioteca\/index.php?rest_route=\/wp\/v2\/users\/1"}],"replies":[{"embeddable":true,"href":"http:\/\/jesuitasburgos.es\/biblioteca\/index.php?rest_route=%2Fwp%2Fv2%2Fcomments&post=1802"}],"version-history":[{"count":1,"href":"http:\/\/jesuitasburgos.es\/biblioteca\/index.php?rest_route=\/wp\/v2\/posts\/1802\/revisions"}],"predecessor-version":[{"id":1804,"href":"http:\/\/jesuitasburgos.es\/biblioteca\/index.php?rest_route=\/wp\/v2\/posts\/1802\/revisions\/1804"}],"wp:attachment":[{"href":"http:\/\/jesuitasburgos.es\/biblioteca\/index.php?rest_route=%2Fwp%2Fv2%2Fmedia&parent=1802"}],"wp:term":[{"taxonomy":"category","embeddable":true,"href":"http:\/\/jesuitasburgos.es\/biblioteca\/index.php?rest_route=%2Fwp%2Fv2%2Fcategories&post=1802"},{"taxonomy":"post_tag","embeddable":true,"href":"http:\/\/jesuitasburgos.es\/biblioteca\/index.php?rest_route=%2Fwp%2Fv2%2Ftags&post=1802"}],"curies":[{"name":"wp","href":"https:\/\/api.w.org\/{rel}","templated":true}]}}